{"id":821,"date":"2021-07-19T09:11:57","date_gmt":"2021-07-19T09:11:57","guid":{"rendered":"https:\/\/www.monsiegeamoi.com\/blog\/?p=821"},"modified":"2021-07-19T09:11:59","modified_gmt":"2021-07-19T09:11:59","slug":"quelle-hauteur-choisir-pour-un-tabouret","status":"publish","type":"post","link":"https:\/\/www.monsiegeamoi.com\/blog\/fr\/2021\/07\/19\/quelle-hauteur-choisir-pour-un-tabouret\/","title":{"rendered":"Quelle hauteur choisir pour un tabouret ?"},"content":{"rendered":"\n<p>La hauteur du tabouret varie en fonction de la taille de l&rsquo;utilisateur et de la hauteur du plan sur lequel celui ci va poser ses avant-bras. <br>Les avant bras doivent reposer naturellement sur la table, comme montr\u00e9 sur l&rsquo;illustration ci dessous \u00e0 gauche. <\/p>\n\n\n\n<p>Si le tabouret est trop haut l&rsquo;utilisateur doit se pencher en avant ; la colonne perd alors sa forme naturelle en \u00ab\u00a0S\u00a0\u00bb. A la longue cette mauvaise posture pour le dos peut \u00eatre source de douleurs lombaires ou cervicales. <br><br>Si le tabouret est trop bas les \u00e9paules remontent. Cette position n&rsquo;est pas ergonomique et d\u00e9conseill\u00e9 d&rsquo;un point de vue anatomique. En effet des contractions musculaires peuvent \u00eatre la source de contraction au niveau des cervicales. <br><br><\/p>\n\n\n\n<figure class=\"wp-block-image size-large\"><img decoding=\"async\" loading=\"lazy\" width=\"500\" height=\"482\" src=\"https:\/\/www.monsiegeamoi.com\/blog\/wp-content\/uploads\/2021\/07\/hauteur-assise-tabouret.jpg\" alt=\"\" class=\"wp-image-822\" srcset=\"https:\/\/www.monsiegeamoi.com\/blog\/wp-content\/uploads\/2021\/07\/hauteur-assise-tabouret.jpg 500w, https:\/\/www.monsiegeamoi.com\/blog\/wp-content\/uploads\/2021\/07\/hauteur-assise-tabouret-300x289.jpg 300w, https:\/\/www.monsiegeamoi.com\/blog\/wp-content\/uploads\/2021\/07\/hauteur-assise-tabouret-400x386.jpg 400w\" sizes=\"(max-width: 500px) 100vw, 500px\" \/><\/figure>\n\n\n\n<h2>Choisir la hauteur d&rsquo;un tabouret pour une table classique<\/h2>\n\n\n\n<figure class=\"wp-block-image size-large\"><img decoding=\"async\" loading=\"lazy\" width=\"1024\" height=\"1024\" src=\"https:\/\/www.monsiegeamoi.com\/blog\/wp-content\/uploads\/2021\/07\/hauteur-tabouret-table-1024x1024.jpg\" alt=\"\" class=\"wp-image-823\" srcset=\"https:\/\/www.monsiegeamoi.com\/blog\/wp-content\/uploads\/2021\/07\/hauteur-tabouret-table-1024x1024.jpg 1024w, https:\/\/www.monsiegeamoi.com\/blog\/wp-content\/uploads\/2021\/07\/hauteur-tabouret-table-300x300.jpg 300w, https:\/\/www.monsiegeamoi.com\/blog\/wp-content\/uploads\/2021\/07\/hauteur-tabouret-table-150x150.jpg 150w, https:\/\/www.monsiegeamoi.com\/blog\/wp-content\/uploads\/2021\/07\/hauteur-tabouret-table-768x768.jpg 768w, https:\/\/www.monsiegeamoi.com\/blog\/wp-content\/uploads\/2021\/07\/hauteur-tabouret-table-900x900.jpg 900w, https:\/\/www.monsiegeamoi.com\/blog\/wp-content\/uploads\/2021\/07\/hauteur-tabouret-table-400x400.jpg 400w, https:\/\/www.monsiegeamoi.com\/blog\/wp-content\/uploads\/2021\/07\/hauteur-tabouret-table.jpg 1200w\" sizes=\"(max-width: 1024px) 100vw, 1024px\" \/><\/figure>\n\n\n\n<p>Pour que les avant-bras reposent naturellement sur la table la hauteur de l&rsquo;assise se situe en moyenne 26 cm sous la table. Par exemple pour une table de 72 cm la hauteur d&rsquo;assise moyenne serait de 46 cm, ce qui se trouve \u00eatre la hauteur moyenne d&rsquo;une chaise. <br>Mais selon les morphologies cette distance varie en r\u00e9alit\u00e9 entre 22 et 31 cm pour 80% des personnes. <br>Pour une personne de petite taille la hauteur d&rsquo;assise peut se situer \u00e0 75 cm moins 22 cm = 53 cm. Dans ce cas les pieds ne sont plus pos\u00e9s \u00e0 plat sur le sol ; les pieds doivent venir se poser sur un repose-pied. <\/p>\n\n\n\n<div class=\"is-layout-flex wp-block-buttons\">\n<div class=\"wp-block-button\"><a class=\"wp-block-button__link\" href=\"https:\/\/www.monsiegeamoi.com\/fr\/20-tabouret\">Acheter un tabouret sur-mesure<\/a><\/div>\n<\/div>\n\n\n\n<h2>Choisir la hauteur d&rsquo;un tabouret pour un \u00eelot central de cuisine <\/h2>\n\n\n\n<figure class=\"wp-block-image size-large\"><img decoding=\"async\" loading=\"lazy\" width=\"1024\" height=\"1024\" src=\"https:\/\/www.monsiegeamoi.com\/blog\/wp-content\/uploads\/2021\/07\/hauteur-tabouret-ilot-1024x1024.jpg\" alt=\"\" class=\"wp-image-824\" srcset=\"https:\/\/www.monsiegeamoi.com\/blog\/wp-content\/uploads\/2021\/07\/hauteur-tabouret-ilot-1024x1024.jpg 1024w, https:\/\/www.monsiegeamoi.com\/blog\/wp-content\/uploads\/2021\/07\/hauteur-tabouret-ilot-300x300.jpg 300w, https:\/\/www.monsiegeamoi.com\/blog\/wp-content\/uploads\/2021\/07\/hauteur-tabouret-ilot-150x150.jpg 150w, https:\/\/www.monsiegeamoi.com\/blog\/wp-content\/uploads\/2021\/07\/hauteur-tabouret-ilot-768x768.jpg 768w, https:\/\/www.monsiegeamoi.com\/blog\/wp-content\/uploads\/2021\/07\/hauteur-tabouret-ilot-900x900.jpg 900w, https:\/\/www.monsiegeamoi.com\/blog\/wp-content\/uploads\/2021\/07\/hauteur-tabouret-ilot-400x400.jpg 400w, https:\/\/www.monsiegeamoi.com\/blog\/wp-content\/uploads\/2021\/07\/hauteur-tabouret-ilot.jpg 1200w\" sizes=\"(max-width: 1024px) 100vw, 1024px\" \/><\/figure>\n\n\n\n<p>Le principe pour d\u00e9finir la hauteur du tabouret est le m\u00eame que pr\u00e9c\u00e9demment. <\/p>\n\n\n\n<p>Par exemple pour une ilot central d&rsquo;une hauteur de 92 cm la hauteur des tabourets varie entre 60 et 70 cm. Si vous souhaitez opter pour une hauteur unique vous pourrez prendre un tabouret de 92-26=66 cm de hauteur. <\/p>\n\n\n\n<h2>Hauteur d&rsquo;un tabouret autour d&rsquo;un bar ou d&rsquo;une banquette d&rsquo;accueil<\/h2>\n\n\n\n<figure class=\"wp-block-image size-large\"><img decoding=\"async\" loading=\"lazy\" width=\"1024\" height=\"1024\" src=\"https:\/\/www.monsiegeamoi.com\/blog\/wp-content\/uploads\/2021\/07\/hauteur-tabouret-bar-banquette-accueil-1024x1024.jpg\" alt=\"\" class=\"wp-image-825\" srcset=\"https:\/\/www.monsiegeamoi.com\/blog\/wp-content\/uploads\/2021\/07\/hauteur-tabouret-bar-banquette-accueil-1024x1024.jpg 1024w, https:\/\/www.monsiegeamoi.com\/blog\/wp-content\/uploads\/2021\/07\/hauteur-tabouret-bar-banquette-accueil-300x300.jpg 300w, https:\/\/www.monsiegeamoi.com\/blog\/wp-content\/uploads\/2021\/07\/hauteur-tabouret-bar-banquette-accueil-150x150.jpg 150w, https:\/\/www.monsiegeamoi.com\/blog\/wp-content\/uploads\/2021\/07\/hauteur-tabouret-bar-banquette-accueil-768x768.jpg 768w, https:\/\/www.monsiegeamoi.com\/blog\/wp-content\/uploads\/2021\/07\/hauteur-tabouret-bar-banquette-accueil-900x900.jpg 900w, https:\/\/www.monsiegeamoi.com\/blog\/wp-content\/uploads\/2021\/07\/hauteur-tabouret-bar-banquette-accueil-400x400.jpg 400w, https:\/\/www.monsiegeamoi.com\/blog\/wp-content\/uploads\/2021\/07\/hauteur-tabouret-bar-banquette-accueil.jpg 1200w\" sizes=\"(max-width: 1024px) 100vw, 1024px\" \/><\/figure>\n\n\n\n<p>Pour un bar d&rsquo;une hauteur de 105 cm la hauteur moyenne du tabouret sera de 79 cm et pour un bar de 110 cm de 84 cm. <br>Dans ce cas particulier on prendre en consid\u00e9ration l&rsquo;instabilit\u00e9 inh\u00e9rente  \u00e0 un tabouret trop haut et on \u00e9vitera une hauteur de plus de 86 cm. <\/p>\n","protected":false},"excerpt":{"rendered":"<p>La hauteur du tabouret varie en fonction de la taille de l&rsquo;utilisateur et de la hauteur du plan sur lequel celui ci va poser ses avant-bras. Les avant bras doivent reposer naturellement sur la table, comme montr\u00e9 sur l&rsquo;illustration ci dessous \u00e0 gauche. Si le tabouret est trop haut l&rsquo;utilisateur doit se pencher en avant &hellip; <\/p>\n","protected":false},"author":1,"featured_media":824,"comment_status":"open","ping_status":"closed","sticky":true,"template":"","format":"standard","meta":[],"categories":[50],"tags":[164,173],"yoast_head":"<!-- This site is optimized with the Yoast SEO plugin v18.0 - https:\/\/yoast.com\/wordpress\/plugins\/seo\/ -->\n<title>Quelle hauteur choisir pour un tabouret ? - Blog des fauteuils sur mesure<\/title>\n<meta name=\"description\" content=\"La hauteur d&#039;un tabouret d\u00e9pend de la taille de l&#039;utilisateur ainsi que de la hauteur de la table, de l&#039;ilot central ou du bar.\" \/>\n<meta name=\"robots\" content=\"index, follow, max-snippet:-1, max-image-preview:large, max-video-preview:-1\" \/>\n<link rel=\"canonical\" href=\"https:\/\/www.monsiegeamoi.com\/blog\/fr\/2021\/07\/19\/quelle-hauteur-choisir-pour-un-tabouret\/\" \/>\n<meta property=\"og:locale\" content=\"fr_FR\" \/>\n<meta property=\"og:type\" content=\"article\" \/>\n<meta property=\"og:title\" content=\"Quelle hauteur choisir pour un tabouret ? - Blog des fauteuils sur mesure\" \/>\n<meta property=\"og:description\" content=\"La hauteur d&#039;un tabouret d\u00e9pend de la taille de l&#039;utilisateur ainsi que de la hauteur de la table, de l&#039;ilot central ou du bar.\" \/>\n<meta property=\"og:url\" content=\"https:\/\/www.monsiegeamoi.com\/blog\/fr\/2021\/07\/19\/quelle-hauteur-choisir-pour-un-tabouret\/\" \/>\n<meta property=\"og:site_name\" content=\"Blog des fauteuils sur mesure\" \/>\n<meta property=\"article:publisher\" content=\"https:\/\/www.facebook.com\/msam.fr\/\" \/>\n<meta property=\"article:published_time\" content=\"2021-07-19T09:11:57+00:00\" \/>\n<meta property=\"article:modified_time\" content=\"2021-07-19T09:11:59+00:00\" \/>\n<meta property=\"og:image\" content=\"https:\/\/www.monsiegeamoi.com\/blog\/wp-content\/uploads\/2021\/07\/hauteur-tabouret-ilot.jpg\" \/>\n\t<meta property=\"og:image:width\" content=\"1200\" \/>\n\t<meta property=\"og:image:height\" content=\"1200\" \/>\n\t<meta property=\"og:image:type\" content=\"image\/jpeg\" \/>\n<meta name=\"twitter:card\" content=\"summary_large_image\" \/>\n<meta name=\"twitter:label1\" content=\"\u00c9crit par\" \/>\n\t<meta name=\"twitter:data1\" content=\"Bruno DUVAL\" \/>\n\t<meta name=\"twitter:label2\" content=\"Dur\u00e9e de lecture estim\u00e9e\" \/>\n\t<meta name=\"twitter:data2\" content=\"3 minutes\" \/>\n<script type=\"application\/ld+json\" class=\"yoast-schema-graph\">{\"@context\":\"https:\/\/schema.org\",\"@graph\":[{\"@type\":\"Organization\",\"@id\":\"https:\/\/www.monsiegeamoi.com\/blog\/#organization\",\"name\":\"mon si\u00e8ge \u00e0 moi\",\"url\":\"https:\/\/www.monsiegeamoi.com\/blog\/\",\"sameAs\":[\"https:\/\/www.facebook.com\/msam.fr\/\",\"https:\/\/www.instagram.com\/mon_siege_a_moi\/\",\"https:\/\/www.linkedin.com\/company\/35628798\/admin\/\",\"https:\/\/www.youtube.com\/channel\/UCdd1LuYl2T3uLrnreIEbx2g\",\"https:\/\/www.pinterest.fr\/bduval0428\/\"],\"logo\":{\"@type\":\"ImageObject\",\"@id\":\"https:\/\/www.monsiegeamoi.com\/blog\/#logo\",\"inLanguage\":\"fr-FR\",\"url\":\"https:\/\/www.monsiegeamoi.com\/blog\/wp-content\/uploads\/2020\/01\/logo-msam-carre-1.png\",\"contentUrl\":\"https:\/\/www.monsiegeamoi.com\/blog\/wp-content\/uploads\/2020\/01\/logo-msam-carre-1.png\",\"width\":350,\"height\":350,\"caption\":\"mon si\u00e8ge \u00e0 moi\"},\"image\":{\"@id\":\"https:\/\/www.monsiegeamoi.com\/blog\/#logo\"}},{\"@type\":\"WebSite\",\"@id\":\"https:\/\/www.monsiegeamoi.com\/blog\/#website\",\"url\":\"https:\/\/www.monsiegeamoi.com\/blog\/\",\"name\":\"Fauteuils et innovations\",\"description\":\"D\u00e9couvrez l&#039;histoire et l&#039;actualit\u00e9 des fauteuils sur mesure\",\"publisher\":{\"@id\":\"https:\/\/www.monsiegeamoi.com\/blog\/#organization\"},\"potentialAction\":[{\"@type\":\"SearchAction\",\"target\":{\"@type\":\"EntryPoint\",\"urlTemplate\":\"https:\/\/www.monsiegeamoi.com\/blog\/?s={search_term_string}\"},\"query-input\":\"required name=search_term_string\"}],\"inLanguage\":\"fr-FR\"},{\"@type\":\"ImageObject\",\"@id\":\"https:\/\/www.monsiegeamoi.com\/blog\/fr\/2021\/07\/19\/quelle-hauteur-choisir-pour-un-tabouret\/#primaryimage\",\"inLanguage\":\"fr-FR\",\"url\":\"https:\/\/www.monsiegeamoi.com\/blog\/wp-content\/uploads\/2021\/07\/hauteur-tabouret-ilot.jpg\",\"contentUrl\":\"https:\/\/www.monsiegeamoi.com\/blog\/wp-content\/uploads\/2021\/07\/hauteur-tabouret-ilot.jpg\",\"width\":1200,\"height\":1200},{\"@type\":\"WebPage\",\"@id\":\"https:\/\/www.monsiegeamoi.com\/blog\/fr\/2021\/07\/19\/quelle-hauteur-choisir-pour-un-tabouret\/#webpage\",\"url\":\"https:\/\/www.monsiegeamoi.com\/blog\/fr\/2021\/07\/19\/quelle-hauteur-choisir-pour-un-tabouret\/\",\"name\":\"Quelle hauteur choisir pour un tabouret ? - Blog des fauteuils sur mesure\",\"isPartOf\":{\"@id\":\"https:\/\/www.monsiegeamoi.com\/blog\/#website\"},\"primaryImageOfPage\":{\"@id\":\"https:\/\/www.monsiegeamoi.com\/blog\/fr\/2021\/07\/19\/quelle-hauteur-choisir-pour-un-tabouret\/#primaryimage\"},\"datePublished\":\"2021-07-19T09:11:57+00:00\",\"dateModified\":\"2021-07-19T09:11:59+00:00\",\"description\":\"La hauteur d'un tabouret d\u00e9pend de la taille de l'utilisateur ainsi que de la hauteur de la table, de l'ilot central ou du bar.\",\"breadcrumb\":{\"@id\":\"https:\/\/www.monsiegeamoi.com\/blog\/fr\/2021\/07\/19\/quelle-hauteur-choisir-pour-un-tabouret\/#breadcrumb\"},\"inLanguage\":\"fr-FR\",\"potentialAction\":[{\"@type\":\"ReadAction\",\"target\":[\"https:\/\/www.monsiegeamoi.com\/blog\/fr\/2021\/07\/19\/quelle-hauteur-choisir-pour-un-tabouret\/\"]}]},{\"@type\":\"BreadcrumbList\",\"@id\":\"https:\/\/www.monsiegeamoi.com\/blog\/fr\/2021\/07\/19\/quelle-hauteur-choisir-pour-un-tabouret\/#breadcrumb\",\"itemListElement\":[{\"@type\":\"ListItem\",\"position\":1,\"name\":\"Accueil\",\"item\":\"https:\/\/www.monsiegeamoi.com\/blog\/\"},{\"@type\":\"ListItem\",\"position\":2,\"name\":\"Quelle hauteur choisir pour un tabouret ?\"}]},{\"@type\":\"Article\",\"@id\":\"https:\/\/www.monsiegeamoi.com\/blog\/fr\/2021\/07\/19\/quelle-hauteur-choisir-pour-un-tabouret\/#article\",\"isPartOf\":{\"@id\":\"https:\/\/www.monsiegeamoi.com\/blog\/fr\/2021\/07\/19\/quelle-hauteur-choisir-pour-un-tabouret\/#webpage\"},\"author\":{\"@id\":\"https:\/\/www.monsiegeamoi.com\/blog\/#\/schema\/person\/6c2e4ef71c12dc348f70f48155da5c66\"},\"headline\":\"Quelle hauteur choisir pour un tabouret ?\",\"datePublished\":\"2021-07-19T09:11:57+00:00\",\"dateModified\":\"2021-07-19T09:11:59+00:00\",\"mainEntityOfPage\":{\"@id\":\"https:\/\/www.monsiegeamoi.com\/blog\/fr\/2021\/07\/19\/quelle-hauteur-choisir-pour-un-tabouret\/#webpage\"},\"wordCount\":358,\"commentCount\":0,\"publisher\":{\"@id\":\"https:\/\/www.monsiegeamoi.com\/blog\/#organization\"},\"image\":{\"@id\":\"https:\/\/www.monsiegeamoi.com\/blog\/fr\/2021\/07\/19\/quelle-hauteur-choisir-pour-un-tabouret\/#primaryimage\"},\"thumbnailUrl\":\"https:\/\/www.monsiegeamoi.com\/blog\/wp-content\/uploads\/2021\/07\/hauteur-tabouret-ilot.jpg\",\"keywords\":[\"hauteur\",\"tabouret\"],\"articleSection\":[\"Ergonomie des fauteuils\"],\"inLanguage\":\"fr-FR\",\"potentialAction\":[{\"@type\":\"CommentAction\",\"name\":\"Comment\",\"target\":[\"https:\/\/www.monsiegeamoi.com\/blog\/fr\/2021\/07\/19\/quelle-hauteur-choisir-pour-un-tabouret\/#respond\"]}]},{\"@type\":\"Person\",\"@id\":\"https:\/\/www.monsiegeamoi.com\/blog\/#\/schema\/person\/6c2e4ef71c12dc348f70f48155da5c66\",\"name\":\"Bruno DUVAL\",\"image\":{\"@type\":\"ImageObject\",\"@id\":\"https:\/\/www.monsiegeamoi.com\/blog\/#personlogo\",\"inLanguage\":\"fr-FR\",\"url\":\"https:\/\/secure.gravatar.com\/avatar\/d72ff8c522ba9b71838f031c69c2f326?s=96&d=mm&r=g\",\"contentUrl\":\"https:\/\/secure.gravatar.com\/avatar\/d72ff8c522ba9b71838f031c69c2f326?s=96&d=mm&r=g\",\"caption\":\"Bruno DUVAL\"},\"url\":\"https:\/\/www.monsiegeamoi.com\/blog\/author\/bruno-duval44gmail-com\/\"}]}<\/script>\n<!-- \/ Yoast SEO plugin. -->","yoast_head_json":{"title":"Quelle hauteur choisir pour un tabouret ? - Blog des fauteuils sur mesure","description":"La hauteur d'un tabouret d\u00e9pend de la taille de l'utilisateur ainsi que de la hauteur de la table, de l'ilot central ou du bar.","robots":{"index":"index","follow":"follow","max-snippet":"max-snippet:-1","max-image-preview":"max-image-preview:large","max-video-preview":"max-video-preview:-1"},"canonical":"https:\/\/www.monsiegeamoi.com\/blog\/fr\/2021\/07\/19\/quelle-hauteur-choisir-pour-un-tabouret\/","og_locale":"fr_FR","og_type":"article","og_title":"Quelle hauteur choisir pour un tabouret ? - Blog des fauteuils sur mesure","og_description":"La hauteur d'un tabouret d\u00e9pend de la taille de l'utilisateur ainsi que de la hauteur de la table, de l'ilot central ou du bar.","og_url":"https:\/\/www.monsiegeamoi.com\/blog\/fr\/2021\/07\/19\/quelle-hauteur-choisir-pour-un-tabouret\/","og_site_name":"Blog des fauteuils sur mesure","article_publisher":"https:\/\/www.facebook.com\/msam.fr\/","article_published_time":"2021-07-19T09:11:57+00:00","article_modified_time":"2021-07-19T09:11:59+00:00","og_image":[{"width":1200,"height":1200,"url":"https:\/\/www.monsiegeamoi.com\/blog\/wp-content\/uploads\/2021\/07\/hauteur-tabouret-ilot.jpg","type":"image\/jpeg"}],"twitter_card":"summary_large_image","twitter_misc":{"\u00c9crit par":"Bruno DUVAL","Dur\u00e9e de lecture estim\u00e9e":"3 minutes"},"schema":{"@context":"https:\/\/schema.org","@graph":[{"@type":"Organization","@id":"https:\/\/www.monsiegeamoi.com\/blog\/#organization","name":"mon si\u00e8ge \u00e0 moi","url":"https:\/\/www.monsiegeamoi.com\/blog\/","sameAs":["https:\/\/www.facebook.com\/msam.fr\/","https:\/\/www.instagram.com\/mon_siege_a_moi\/","https:\/\/www.linkedin.com\/company\/35628798\/admin\/","https:\/\/www.youtube.com\/channel\/UCdd1LuYl2T3uLrnreIEbx2g","https:\/\/www.pinterest.fr\/bduval0428\/"],"logo":{"@type":"ImageObject","@id":"https:\/\/www.monsiegeamoi.com\/blog\/#logo","inLanguage":"fr-FR","url":"https:\/\/www.monsiegeamoi.com\/blog\/wp-content\/uploads\/2020\/01\/logo-msam-carre-1.png","contentUrl":"https:\/\/www.monsiegeamoi.com\/blog\/wp-content\/uploads\/2020\/01\/logo-msam-carre-1.png","width":350,"height":350,"caption":"mon si\u00e8ge \u00e0 moi"},"image":{"@id":"https:\/\/www.monsiegeamoi.com\/blog\/#logo"}},{"@type":"WebSite","@id":"https:\/\/www.monsiegeamoi.com\/blog\/#website","url":"https:\/\/www.monsiegeamoi.com\/blog\/","name":"Fauteuils et innovations","description":"D\u00e9couvrez l&#039;histoire et l&#039;actualit\u00e9 des fauteuils sur mesure","publisher":{"@id":"https:\/\/www.monsiegeamoi.com\/blog\/#organization"},"potentialAction":[{"@type":"SearchAction","target":{"@type":"EntryPoint","urlTemplate":"https:\/\/www.monsiegeamoi.com\/blog\/?s={search_term_string}"},"query-input":"required name=search_term_string"}],"inLanguage":"fr-FR"},{"@type":"ImageObject","@id":"https:\/\/www.monsiegeamoi.com\/blog\/fr\/2021\/07\/19\/quelle-hauteur-choisir-pour-un-tabouret\/#primaryimage","inLanguage":"fr-FR","url":"https:\/\/www.monsiegeamoi.com\/blog\/wp-content\/uploads\/2021\/07\/hauteur-tabouret-ilot.jpg","contentUrl":"https:\/\/www.monsiegeamoi.com\/blog\/wp-content\/uploads\/2021\/07\/hauteur-tabouret-ilot.jpg","width":1200,"height":1200},{"@type":"WebPage","@id":"https:\/\/www.monsiegeamoi.com\/blog\/fr\/2021\/07\/19\/quelle-hauteur-choisir-pour-un-tabouret\/#webpage","url":"https:\/\/www.monsiegeamoi.com\/blog\/fr\/2021\/07\/19\/quelle-hauteur-choisir-pour-un-tabouret\/","name":"Quelle hauteur choisir pour un tabouret ? - Blog des fauteuils sur mesure","isPartOf":{"@id":"https:\/\/www.monsiegeamoi.com\/blog\/#website"},"primaryImageOfPage":{"@id":"https:\/\/www.monsiegeamoi.com\/blog\/fr\/2021\/07\/19\/quelle-hauteur-choisir-pour-un-tabouret\/#primaryimage"},"datePublished":"2021-07-19T09:11:57+00:00","dateModified":"2021-07-19T09:11:59+00:00","description":"La hauteur d'un tabouret d\u00e9pend de la taille de l'utilisateur ainsi que de la hauteur de la table, de l'ilot central ou du bar.","breadcrumb":{"@id":"https:\/\/www.monsiegeamoi.com\/blog\/fr\/2021\/07\/19\/quelle-hauteur-choisir-pour-un-tabouret\/#breadcrumb"},"inLanguage":"fr-FR","potentialAction":[{"@type":"ReadAction","target":["https:\/\/www.monsiegeamoi.com\/blog\/fr\/2021\/07\/19\/quelle-hauteur-choisir-pour-un-tabouret\/"]}]},{"@type":"BreadcrumbList","@id":"https:\/\/www.monsiegeamoi.com\/blog\/fr\/2021\/07\/19\/quelle-hauteur-choisir-pour-un-tabouret\/#breadcrumb","itemListElement":[{"@type":"ListItem","position":1,"name":"Accueil","item":"https:\/\/www.monsiegeamoi.com\/blog\/"},{"@type":"ListItem","position":2,"name":"Quelle hauteur choisir pour un tabouret ?"}]},{"@type":"Article","@id":"https:\/\/www.monsiegeamoi.com\/blog\/fr\/2021\/07\/19\/quelle-hauteur-choisir-pour-un-tabouret\/#article","isPartOf":{"@id":"https:\/\/www.monsiegeamoi.com\/blog\/fr\/2021\/07\/19\/quelle-hauteur-choisir-pour-un-tabouret\/#webpage"},"author":{"@id":"https:\/\/www.monsiegeamoi.com\/blog\/#\/schema\/person\/6c2e4ef71c12dc348f70f48155da5c66"},"headline":"Quelle hauteur choisir pour un tabouret ?","datePublished":"2021-07-19T09:11:57+00:00","dateModified":"2021-07-19T09:11:59+00:00","mainEntityOfPage":{"@id":"https:\/\/www.monsiegeamoi.com\/blog\/fr\/2021\/07\/19\/quelle-hauteur-choisir-pour-un-tabouret\/#webpage"},"wordCount":358,"commentCount":0,"publisher":{"@id":"https:\/\/www.monsiegeamoi.com\/blog\/#organization"},"image":{"@id":"https:\/\/www.monsiegeamoi.com\/blog\/fr\/2021\/07\/19\/quelle-hauteur-choisir-pour-un-tabouret\/#primaryimage"},"thumbnailUrl":"https:\/\/www.monsiegeamoi.com\/blog\/wp-content\/uploads\/2021\/07\/hauteur-tabouret-ilot.jpg","keywords":["hauteur","tabouret"],"articleSection":["Ergonomie des fauteuils"],"inLanguage":"fr-FR","potentialAction":[{"@type":"CommentAction","name":"Comment","target":["https:\/\/www.monsiegeamoi.com\/blog\/fr\/2021\/07\/19\/quelle-hauteur-choisir-pour-un-tabouret\/#respond"]}]},{"@type":"Person","@id":"https:\/\/www.monsiegeamoi.com\/blog\/#\/schema\/person\/6c2e4ef71c12dc348f70f48155da5c66","name":"Bruno DUVAL","image":{"@type":"ImageObject","@id":"https:\/\/www.monsiegeamoi.com\/blog\/#personlogo","inLanguage":"fr-FR","url":"https:\/\/secure.gravatar.com\/avatar\/d72ff8c522ba9b71838f031c69c2f326?s=96&d=mm&r=g","contentUrl":"https:\/\/secure.gravatar.com\/avatar\/d72ff8c522ba9b71838f031c69c2f326?s=96&d=mm&r=g","caption":"Bruno DUVAL"},"url":"https:\/\/www.monsiegeamoi.com\/blog\/author\/bruno-duval44gmail-com\/"}]}},"_links":{"self":[{"href":"https:\/\/www.monsiegeamoi.com\/blog\/wp-json\/wp\/v2\/posts\/821"}],"collection":[{"href":"https:\/\/www.monsiegeamoi.com\/blog\/wp-json\/wp\/v2\/posts"}],"about":[{"href":"https:\/\/www.monsiegeamoi.com\/blog\/wp-json\/wp\/v2\/types\/post"}],"author":[{"embeddable":true,"href":"https:\/\/www.monsiegeamoi.com\/blog\/wp-json\/wp\/v2\/users\/1"}],"replies":[{"embeddable":true,"href":"https:\/\/www.monsiegeamoi.com\/blog\/wp-json\/wp\/v2\/comments?post=821"}],"version-history":[{"count":1,"href":"https:\/\/www.monsiegeamoi.com\/blog\/wp-json\/wp\/v2\/posts\/821\/revisions"}],"predecessor-version":[{"id":826,"href":"https:\/\/www.monsiegeamoi.com\/blog\/wp-json\/wp\/v2\/posts\/821\/revisions\/826"}],"wp:featuredmedia":[{"embeddable":true,"href":"https:\/\/www.monsiegeamoi.com\/blog\/wp-json\/wp\/v2\/media\/824"}],"wp:attachment":[{"href":"https:\/\/www.monsiegeamoi.com\/blog\/wp-json\/wp\/v2\/media?parent=821"}],"wp:term":[{"taxonomy":"category","embeddable":true,"href":"https:\/\/www.monsiegeamoi.com\/blog\/wp-json\/wp\/v2\/categories?post=821"},{"taxonomy":"post_tag","embeddable":true,"href":"https:\/\/www.monsiegeamoi.com\/blog\/wp-json\/wp\/v2\/tags?post=821"}],"curies":[{"name":"wp","href":"https:\/\/api.w.org\/{rel}","templated":true}]}}