{"id":721,"date":"2021-06-03T15:07:46","date_gmt":"2021-06-03T15:07:46","guid":{"rendered":"https:\/\/www.monsiegeamoi.com\/blog\/?p=721"},"modified":"2021-10-18T14:14:17","modified_gmt":"2021-10-18T14:14:17","slug":"canape-fauteuil-chaise-bas-pour-petite-taille","status":"publish","type":"post","link":"https:\/\/www.monsiegeamoi.com\/blog\/fr\/2021\/06\/03\/canape-fauteuil-chaise-bas-pour-petite-taille\/","title":{"rendered":"Comment choisir un fauteuil ou un canap\u00e9 adapt\u00e9 \u00e0 une petite taille ?"},"content":{"rendered":"\n<p>Vous avez du mal \u00e0 trouver un fauteuil bas \u00e0 votre taille. Les canap\u00e9s sont trop profonds et les chaises  inconfortables. <br>La chaise standard par exemple est trop basse pour que vous soyez bien assis \/ assise \u00e0 table. Mais elle est aussi trop haute pour que vos pieds soient pos\u00e9s \u00e0 plat sur le sol.<br>Le canap\u00e9 lui est trop profond pour que votre dos soit en appui sur le dossier. Mais paradoxalement son assise est aussi trop basse&#8230;<\/p>\n\n\n\n<div class=\"is-layout-flex wp-block-buttons\">\n<div class=\"wp-block-button\"><a class=\"wp-block-button__link has-white-color has-text-color has-background broken_link\" href=\"https:\/\/www.monsiegeamoi.com\/fr\/30-petit-fauteuil-pour-petite-taille\" style=\"background-color:#9b6007\">D\u00e9couvrez nos petits fauteuils pour petites tailles<\/a><\/div>\n<\/div>\n\n\n\n<h2>Le probl\u00e8me de l&rsquo;assise taille unique <\/h2>\n\n\n\n<p>Au restaurant vous demandez un coussin pour \u00eatre assis \u00e0 bonne hauteur \u00e0 table.  Et lorsque vous vous asseyez dans le canap\u00e9 vous mettez un coussin dans votre dos parce que l&rsquo;assise est trop profonde. Vous \u00eates donc d&rsquo;une taille plus petite que la moyenne, tout \u00e2ge et tout sexe confondus. <br><br>Mais imaginez un instant qu&rsquo;il n&rsquo;y ait qu&rsquo;une seule taille de v\u00eatement. Seriez-vous habillez confortablement dans des v\u00eatements trop longs ou trop amples ?  <br>Et bien il en est de m\u00eame pour une assise. Vous avez besoin d&rsquo;une assise \u00e0 votre taille pour \u00eatre confortablement assis. <\/p>\n\n\n\n<h2>Comparons un fauteuil standard et un fauteuil pour une taille de 156 cm<\/h2>\n\n\n\n<figure class=\"wp-block-image size-large\"><img decoding=\"async\" loading=\"lazy\" width=\"1000\" height=\"532\" src=\"https:\/\/www.monsiegeamoi.com\/blog\/wp-content\/uploads\/2021\/06\/comparaison.jpg\" alt=\"Fauteuil de petite taille compar\u00e9 \u00e0 un fauteuil standard.\" class=\"wp-image-753\" srcset=\"https:\/\/www.monsiegeamoi.com\/blog\/wp-content\/uploads\/2021\/06\/comparaison.jpg 1000w, https:\/\/www.monsiegeamoi.com\/blog\/wp-content\/uploads\/2021\/06\/comparaison-300x160.jpg 300w, https:\/\/www.monsiegeamoi.com\/blog\/wp-content\/uploads\/2021\/06\/comparaison-768x409.jpg 768w, https:\/\/www.monsiegeamoi.com\/blog\/wp-content\/uploads\/2021\/06\/comparaison-900x479.jpg 900w, https:\/\/www.monsiegeamoi.com\/blog\/wp-content\/uploads\/2021\/06\/comparaison-400x213.jpg 400w\" sizes=\"(max-width: 1000px) 100vw, 1000px\" \/><figcaption>A gauche un fauteuil standard et \u00e0 droite un fauteuil command\u00e9 par un client de taille 1,56 m<\/figcaption><\/figure>\n\n\n\n<p>Ci dessus une photo de profil d&rsquo;un fauteuil standard \u00e0 gauche et \u00e0 droite d&rsquo;un fauteuil pour une petite taille.<br>La hauteur de l&rsquo;assise du fauteuil standard est identique (40 cm), donc adapt\u00e9e \u00e0 une petite taille ( mais pas \u00e0 une taille moyenne ou grande).<br>En revanche la profondeur de l&rsquo;assise est de 50 cm \u00e0 gauche et 40 cm \u00e0 droite. Cela signifie que l&rsquo;assise du fauteuil standard de gauche est trop profonde pour une personne de taille inf\u00e9rieure \u00e0 1,62 m. <br>La cons\u00e9quence pour une personne de petit taille va \u00eatre double : <br>&#8211; le dos va s&rsquo;arrondir pour \u00eatre en contact avec le dossier<br>&#8211; les mollets vont venir en appui contre le devant de l&rsquo;assise. <br>Une mesure du canap\u00e9 qui se trouvait dans le salon r\u00e9v\u00e8le une hauteur d&rsquo;assise identique (40 cm) pour une profondeur d&rsquo;assise de &#8230; 57 cm. <br>Pourquoi une hauteur adapt\u00e9e \u00e0 une personne de petite taille et une profondeur adapt\u00e9e \u00e0 une personne de taille M ou de taille XXL ? Sans doute pour que tout le monde puisse s&rsquo;asseoir sans avoir les pieds en l&rsquo;air, au d\u00e9triment de la posture pour les petits et du confort pour les grands. <\/p>\n\n\n\n<h2>Un fauteuil sur-mesure pour les petites tailles<\/h2>\n\n\n\n<p>Nous allons voir dans les chapitres qui suivent comment d\u00e9terminer les dimensions id\u00e9ales d&rsquo;un fauteuil pour une petite taille  ( moins de 162 cm).  <\/p>\n\n\n\n<figure class=\"wp-block-image size-large\"><a href=\"https:\/\/www.monsiegeamoi.com\/fr\/petit-fauteuil-petite-taille\/120-petit-fauteuil-pour-petites-tailles-sur-mesure.html\" class=\"broken_link\"><img decoding=\"async\" loading=\"lazy\" width=\"1024\" height=\"1024\" src=\"https:\/\/www.monsiegeamoi.com\/blog\/wp-content\/uploads\/2021\/06\/fauteuil-petite-taille-valchromat-jaune-1024x1024.jpg\" alt=\"Petite fauteuil pour taille XXS, XS ou S\" class=\"wp-image-746\" srcset=\"https:\/\/www.monsiegeamoi.com\/blog\/wp-content\/uploads\/2021\/06\/fauteuil-petite-taille-valchromat-jaune-1024x1024.jpg 1024w, https:\/\/www.monsiegeamoi.com\/blog\/wp-content\/uploads\/2021\/06\/fauteuil-petite-taille-valchromat-jaune-300x300.jpg 300w, https:\/\/www.monsiegeamoi.com\/blog\/wp-content\/uploads\/2021\/06\/fauteuil-petite-taille-valchromat-jaune-150x150.jpg 150w, https:\/\/www.monsiegeamoi.com\/blog\/wp-content\/uploads\/2021\/06\/fauteuil-petite-taille-valchromat-jaune-768x768.jpg 768w, https:\/\/www.monsiegeamoi.com\/blog\/wp-content\/uploads\/2021\/06\/fauteuil-petite-taille-valchromat-jaune-900x900.jpg 900w, https:\/\/www.monsiegeamoi.com\/blog\/wp-content\/uploads\/2021\/06\/fauteuil-petite-taille-valchromat-jaune-400x400.jpg 400w, https:\/\/www.monsiegeamoi.com\/blog\/wp-content\/uploads\/2021\/06\/fauteuil-petite-taille-valchromat-jaune.jpg 1200w\" sizes=\"(max-width: 1024px) 100vw, 1024px\" \/><\/a><figcaption>Fauteuil sur-mesure avec des dimensions adapt\u00e9es aux petites tailles<\/figcaption><\/figure>\n\n\n\n<h3>La hauteur de l&rsquo;assise du fauteuil bas pour taille S ou XS<\/h3>\n\n\n\n<p>Il est important que la hauteur de l&rsquo;assise corresponde \u00e0 la longueur de votre tibia &#8211; p\u00e9ron\u00e9, tout en prenant en compte l&rsquo;inclinaison du si\u00e8ge. <br>En effet si l&rsquo;assise est trop basse vous \u00eates assis sur vos ischions et vous avez mal aux fesses ( ou plus pr\u00e9cis\u00e9ment des douleurs en regard des ischions du \u00e0 une mauvaise circulation du sang). Et si l&rsquo;assise est trop haute vos pieds ne touchent pas le sol, et vous avez tendance \u00e0 glisser vers l&rsquo;avant. <br>Et puis si l&rsquo;assise est \u00e0 bonne hauteur il est aussi plus facile de se relever. <br><br>A moins de disposer d&rsquo;une radiographie vous ignorez la taille de votre tibia.<br>Ce n&rsquo;est pas un probl\u00e8me. Pour d\u00e9finir la hauteur de l&rsquo;assise vous avez donc deux autres solutions. <br>La premi\u00e8re consiste \u00e0 s&rsquo;asseoir sur un surface horizontale assez haute pour que vos pieds soient suspendus ; puis vous glissez sous les pieds des livres jusqu&rsquo;\u00e0 ce qu&rsquo;il soit \u00e0 plat. vous mesurez alors la hauteur du dernier livre pos\u00e9 \u00e0 l&rsquo;assise.<\/p>\n\n\n\n<figure class=\"wp-block-image size-large\"><img decoding=\"async\" loading=\"lazy\" width=\"350\" height=\"350\" src=\"https:\/\/www.monsiegeamoi.com\/blog\/wp-content\/uploads\/2021\/03\/hauteur.jpg\" alt=\"Hauteur d'une assise pour personne de petite taille\" class=\"wp-image-485\" srcset=\"https:\/\/www.monsiegeamoi.com\/blog\/wp-content\/uploads\/2021\/03\/hauteur.jpg 350w, https:\/\/www.monsiegeamoi.com\/blog\/wp-content\/uploads\/2021\/03\/hauteur-300x300.jpg 300w, https:\/\/www.monsiegeamoi.com\/blog\/wp-content\/uploads\/2021\/03\/hauteur-150x150.jpg 150w\" sizes=\"(max-width: 350px) 100vw, 350px\" \/><figcaption>Hauteur d&rsquo;une assise pour personne de petite taille<br><\/figcaption><\/figure>\n\n\n\n<p>La seconde solution consiste \u00e0 se tenir debout et \u00e0 mesurer <strong>la hauteur de votre creux poplit\u00e9<\/strong> ; le creux poplit\u00e9 est le creux \u00e0 l&rsquo;arri\u00e8re de la jambe,  derri\u00e8re le genou. <br>Notre conseil : chaussez vos charentaises pour r\u00e9aliser cette mesure ou les chaussures que vous portez d&rsquo;habitude au fauteuil.  <br><br>Pour fabriquer le fauteuil \u00e0 votre taille l&rsquo;artisan appliquera un coefficient trigonom\u00e9trique pour prendre en compte l&rsquo;inclinaison de l&rsquo;assise (vous pouvez oublier cette derni\u00e8re remarque si les cours de maths ne sont plus qu&rsquo;un vague souvenir).<\/p>\n\n\n\n<h3>La profondeur de l&rsquo;assise du fauteuil bas pour petite taille<\/h3>\n\n\n\n<p>Elle aussi est tr\u00e8s importante car d&rsquo;elle d\u00e9pend le confort et la circulation. <br>En effet si l&rsquo;assise est trop longue votre dos ne s\u2019appuie pas correctement sur le dossier ; il s&rsquo;arrondit et ce faisant vous pincez les nerfs qui passent entre les vert\u00e8bres. Il peut en r\u00e9sulter des douleurs divers et notamment des cervicalgies. <br>En outre si l&rsquo;assise est trop longue vous vous reculez dans le fauteuil jusqu&rsquo;\u00e0 ce que vos mollets s&rsquo;appuient sur l&rsquo;assise. Vous entravez ainsi le retour veineux et qui dit moins bonne circulation dit aussi moins bonne r\u00e9cup\u00e9ration. <br>A l&rsquo;inverse une assise trop courte signifie que les pressions d&rsquo;appui au niveau de l&rsquo;assise sont plus importantes.  C&rsquo;est une autre source d&rsquo;inconfort.<br><br>Pour mesurer la profondeur d&rsquo;assise qui vous convient asseyez vous dos contre un mur et mesurez la distance du mur au creux poplit\u00e9. Puis retirez quelques centim\u00e8tres, pour que l&rsquo;assise ne soit pas en appui sur vos mollets.<\/p>\n\n\n\n<p>   <\/p>\n\n\n\n<figure class=\"wp-block-image size-large\"><img decoding=\"async\" loading=\"lazy\" width=\"350\" height=\"350\" src=\"https:\/\/www.monsiegeamoi.com\/blog\/wp-content\/uploads\/2021\/03\/profondeur.jpg\" alt=\"Comment mesurer la profondeur d'une assise\" class=\"wp-image-484\" srcset=\"https:\/\/www.monsiegeamoi.com\/blog\/wp-content\/uploads\/2021\/03\/profondeur.jpg 350w, https:\/\/www.monsiegeamoi.com\/blog\/wp-content\/uploads\/2021\/03\/profondeur-300x300.jpg 300w, https:\/\/www.monsiegeamoi.com\/blog\/wp-content\/uploads\/2021\/03\/profondeur-150x150.jpg 150w\" sizes=\"(max-width: 350px) 100vw, 350px\" \/><figcaption>Comment mesurer la profondeur d&rsquo;une assise<br><\/figcaption><\/figure>\n\n\n\n<figure class=\"wp-block-image size-large is-resized\"><img decoding=\"async\" loading=\"lazy\" src=\"https:\/\/www.monsiegeamoi.com\/blog\/wp-content\/uploads\/2021\/06\/fauteuil-catherine-2-952x1024.jpg\" alt=\"UN fauteuil adapt\u00e9 \u00e0 une  taille de 158 cm\" class=\"wp-image-727\" width=\"357\" height=\"383\" srcset=\"https:\/\/www.monsiegeamoi.com\/blog\/wp-content\/uploads\/2021\/06\/fauteuil-catherine-2-952x1024.jpg 952w, https:\/\/www.monsiegeamoi.com\/blog\/wp-content\/uploads\/2021\/06\/fauteuil-catherine-2-279x300.jpg 279w, https:\/\/www.monsiegeamoi.com\/blog\/wp-content\/uploads\/2021\/06\/fauteuil-catherine-2-768x826.jpg 768w, https:\/\/www.monsiegeamoi.com\/blog\/wp-content\/uploads\/2021\/06\/fauteuil-catherine-2-900x968.jpg 900w, https:\/\/www.monsiegeamoi.com\/blog\/wp-content\/uploads\/2021\/06\/fauteuil-catherine-2-400x430.jpg 400w, https:\/\/www.monsiegeamoi.com\/blog\/wp-content\/uploads\/2021\/06\/fauteuil-catherine-2.jpg 1000w\" sizes=\"(max-width: 357px) 100vw, 357px\" \/><figcaption>Catherine, 158 cm , dans un fauteuil \u00e0 sa taille. Le dos est bien en appui contre le dossier, sans que les mollets soient en appui contre l&rsquo;assise. <\/figcaption><\/figure>\n\n\n\n<h3>La largeur de l&rsquo;assise du fauteuil bas<\/h3>\n\n\n\n<p>Si elle est trop large vous ne trouvez pas appui sur les accoudoirs. <br>Placez deux livres contre vos hanches et mesurez la distance entre les deux livres. Puis  ajoutez  5 centim\u00e8tres maximum. <\/p>\n\n\n\n<h3>L&rsquo;angle d&rsquo;assise et la hauteur du dossier pour un fauteuil taille basse<\/h3>\n\n\n\n<p>Alors que les dimensions pr\u00e9c\u00e9dentes permettaient d&rsquo;am\u00e9liorer sa posture et son confort l&rsquo;angle d&rsquo;assise \u00e0 plut\u00f4t avoir avec l&rsquo;activit\u00e9 autour du fauteuil. <br>Ainsi un fauteuil qui sert \u00e0 manger ou \u00e0 jouer \u00e0 un faible angle d&rsquo;assise pour que l&rsquo;on puisse se pencher facilement en avant (3\u00b0).  Un dossier bas est suffisant.<br>Un fauteuil inclin\u00e9 \u00e0 seulement 6\u00b0 est plus confortable car on transf\u00e8re une partie du poids du haut du corps sur le dossier. Il permet toutefois de se relever tr\u00e8s facilement. <br>Pour se d\u00e9tendre en lisant ou en regardant un film un angle de 9\u00b0 ou 12\u00b0 est recommand\u00e9. On associe g\u00e9n\u00e9ralement cet angle avec un dossier moyen, qui arrive au niveau des \u00e9paules. <br>Et si l&rsquo;on dort au fauteuil l&rsquo;angle de 15\u00b0 associ\u00e9 \u00e0 un dossier haut, avec appui-t\u00eate est un Must. <\/p>\n\n\n\n<h3>Les accoudoirs <\/h3>\n\n\n\n<p>La hauteur moyenne des accoudoirs est de 20 \u00e0 22 cm. <br>On peut cependant choisir de modifier cette hauteur pour prendre en compte des bras plus court ou plus long que la moyenne.<\/p>\n\n\n\n<h2>Tableau des dimensions moyennes pour un fauteuil bas<\/h2>\n\n\n\n<figure class=\"wp-block-table is-style-stripes\"><table><tbody><tr><td>Taille<br>utilisateur<\/td><td>Hauteur<br>assise<\/td><td>Profondeur<br>assise<\/td><td>Hauteur<br>dossier moyen<\/td><td>Hauteur<br>dossier haut<\/td><\/tr><tr><td>145<\/td><td>34,9<\/td><td>36,6<\/td><td>39,2<\/td><td>72,5<\/td><\/tr><tr><td>146<\/td><td>35,3<\/td><td>36,9<\/td><td>39,6<\/td><td>73,0<\/td><\/tr><tr><td>147<\/td><td>35,7<\/td><td>37,2<\/td><td>40,0<\/td><td>73,5<\/td><\/tr><tr><td>148<\/td><td>36,2<\/td><td>37,4<\/td><td>40,4<\/td><td>74,0<\/td><\/tr><tr><td>149<\/td><td>36,6<\/td><td>37,7<\/td><td>40,7<\/td><td>74,5<\/td><\/tr><tr><td>150<\/td><td>37,0<\/td><td>38,0<\/td><td>41,1<\/td><td>75,0<\/td><\/tr><tr><td>151<\/td><td>37,4<\/td><td>38,3<\/td><td>41,5<\/td><td>75,5<\/td><\/tr><tr><td>152<\/td><td>37,8<\/td><td>38,6<\/td><td>41,9<\/td><td>76,0<\/td><\/tr><tr><td>153<\/td><td>38,3<\/td><td>38,8<\/td><td>42,3<\/td><td>76,5<\/td><\/tr><tr><td>154<\/td><td>38,7<\/td><td>39,1<\/td><td>42,7<\/td><td>77,0<\/td><\/tr><tr><td>155<\/td><td>39,1<\/td><td>39,4<\/td><td>43,1<\/td><td>77,5<\/td><\/tr><tr><td>156<\/td><td>39,5<\/td><td>39,7<\/td><td>43,5<\/td><td>78,0<\/td><\/tr><tr><td>157<\/td><td>39,9<\/td><td>40,0<\/td><td>43,8<\/td><td>78,5<\/td><\/tr><tr><td>158<\/td><td>40,4<\/td><td>40,2<\/td><td>44,2<\/td><td>79,0<\/td><\/tr><tr><td>159<\/td><td>40,8<\/td><td>40,5<\/td><td>44,6<\/td><td>79,5<\/td><\/tr><tr><td>160<\/td><td>41,2<\/td><td>40,8<\/td><td>45,0<\/td><td>80,0<\/td><\/tr><tr><td>161<\/td><td>41,6<\/td><td>41,1<\/td><td>45,4<\/td><td>80,5<\/td><\/tr><tr><td>162<\/td><td>42,0<\/td><td>41,4<\/td><td>45,8<\/td><td>81,0<\/td><\/tr><\/tbody><\/table><figcaption>Dimensions moyennes d&rsquo;une assise basse en fonction de la taille<\/figcaption><\/figure>\n\n\n\n<h2>Exemple de fauteuils adapt\u00e9s aux petites tailles <\/h2>\n\n\n\n<p>Ces fauteuils sont disponibles, comme des v\u00eatements de pr\u00eat \u00e0 porter,  en six tailles. Ils peuvent \u00eatre aussi r\u00e9alis\u00e9s enti\u00e8rement \u00e0 vos mesures. <\/p>\n\n\n\n<figure class=\"wp-block-image size-large\"><a href=\"https:\/\/www.monsiegeamoi.com\/fr\/salon-de-jardin\/65-fauteuil-de-jardin-spacio-dossier-avec-appui-tete.html\"><img decoding=\"async\" loading=\"lazy\" width=\"1024\" height=\"1024\" src=\"https:\/\/www.monsiegeamoi.com\/blog\/wp-content\/uploads\/2021\/06\/profil-valchro-orange-22-32-biblio-head-1024x1024.jpg\" alt=\"\" class=\"wp-image-729\" srcset=\"https:\/\/www.monsiegeamoi.com\/blog\/wp-content\/uploads\/2021\/06\/profil-valchro-orange-22-32-biblio-head-1024x1024.jpg 1024w, https:\/\/www.monsiegeamoi.com\/blog\/wp-content\/uploads\/2021\/06\/profil-valchro-orange-22-32-biblio-head-300x300.jpg 300w, https:\/\/www.monsiegeamoi.com\/blog\/wp-content\/uploads\/2021\/06\/profil-valchro-orange-22-32-biblio-head-150x150.jpg 150w, https:\/\/www.monsiegeamoi.com\/blog\/wp-content\/uploads\/2021\/06\/profil-valchro-orange-22-32-biblio-head-768x768.jpg 768w, https:\/\/www.monsiegeamoi.com\/blog\/wp-content\/uploads\/2021\/06\/profil-valchro-orange-22-32-biblio-head-900x900.jpg 900w, https:\/\/www.monsiegeamoi.com\/blog\/wp-content\/uploads\/2021\/06\/profil-valchro-orange-22-32-biblio-head-400x400.jpg 400w, https:\/\/www.monsiegeamoi.com\/blog\/wp-content\/uploads\/2021\/06\/profil-valchro-orange-22-32-biblio-head.jpg 1200w\" sizes=\"(max-width: 1024px) 100vw, 1024px\" \/><\/a><figcaption>Fauteuil pour la sieste<\/figcaption><\/figure>\n\n\n\n<figure class=\"wp-block-image size-large\"><a href=\"https:\/\/www.monsiegeamoi.com\/fr\/petit-fauteuil-pour-petite-taille\/120-petit-fauteuil-sur-mesure-pour-petites-tailles.html\" class=\"broken_link\"><img decoding=\"async\" loading=\"lazy\" width=\"800\" height=\"800\" src=\"https:\/\/www.monsiegeamoi.com\/blog\/wp-content\/uploads\/2021\/06\/valchro-gris-clair-coussin-jaune.jpg\" alt=\"\" class=\"wp-image-730\" srcset=\"https:\/\/www.monsiegeamoi.com\/blog\/wp-content\/uploads\/2021\/06\/valchro-gris-clair-coussin-jaune.jpg 800w, https:\/\/www.monsiegeamoi.com\/blog\/wp-content\/uploads\/2021\/06\/valchro-gris-clair-coussin-jaune-300x300.jpg 300w, https:\/\/www.monsiegeamoi.com\/blog\/wp-content\/uploads\/2021\/06\/valchro-gris-clair-coussin-jaune-150x150.jpg 150w, https:\/\/www.monsiegeamoi.com\/blog\/wp-content\/uploads\/2021\/06\/valchro-gris-clair-coussin-jaune-768x768.jpg 768w, https:\/\/www.monsiegeamoi.com\/blog\/wp-content\/uploads\/2021\/06\/valchro-gris-clair-coussin-jaune-400x400.jpg 400w\" sizes=\"(max-width: 800px) 100vw, 800px\" \/><\/a><figcaption>Fauteuil avec un dossier mi-hauteur. Vous pouvez choisir l&rsquo;angle de l&rsquo;assise selon l&rsquo;activit\u00e9 et la largeur du si\u00e8ge en fonction de votre morphologie ou de l&rsquo;espace disponible. <\/figcaption><\/figure>\n\n\n\n<figure class=\"wp-block-image size-large\"><img decoding=\"async\" loading=\"lazy\" width=\"1024\" height=\"1024\" src=\"https:\/\/www.monsiegeamoi.com\/blog\/wp-content\/uploads\/2021\/06\/mdf-huile-coussin-noir-bascule-haut-1024x1024.jpg\" alt=\"Fauteuil \u00e0 bascule bas pour petite taille\" class=\"wp-image-731\" srcset=\"https:\/\/www.monsiegeamoi.com\/blog\/wp-content\/uploads\/2021\/06\/mdf-huile-coussin-noir-bascule-haut-1024x1024.jpg 1024w, https:\/\/www.monsiegeamoi.com\/blog\/wp-content\/uploads\/2021\/06\/mdf-huile-coussin-noir-bascule-haut-300x300.jpg 300w, https:\/\/www.monsiegeamoi.com\/blog\/wp-content\/uploads\/2021\/06\/mdf-huile-coussin-noir-bascule-haut-150x150.jpg 150w, https:\/\/www.monsiegeamoi.com\/blog\/wp-content\/uploads\/2021\/06\/mdf-huile-coussin-noir-bascule-haut-768x768.jpg 768w, https:\/\/www.monsiegeamoi.com\/blog\/wp-content\/uploads\/2021\/06\/mdf-huile-coussin-noir-bascule-haut-900x900.jpg 900w, https:\/\/www.monsiegeamoi.com\/blog\/wp-content\/uploads\/2021\/06\/mdf-huile-coussin-noir-bascule-haut-400x400.jpg 400w, https:\/\/www.monsiegeamoi.com\/blog\/wp-content\/uploads\/2021\/06\/mdf-huile-coussin-noir-bascule-haut.jpg 1500w\" sizes=\"(max-width: 1024px) 100vw, 1024px\" \/><figcaption>Pour rester en mouvement tout en \u00e9tant assis. <a href=\"https:\/\/www.monsiegeamoi.com\/blog\/fr\/2021\/03\/29\/le-fauteuil-a-bascule-ameliore-le-sommeil-et-la-memoire\/\">Le pr\u00e9sident JF Kennedy l&rsquo;utilisait pour pr\u00e9venir le mal de dos.<\/a>  <\/figcaption><\/figure>\n\n\n\n<p><\/p>\n","protected":false},"excerpt":{"rendered":"<p>Vous avez du mal \u00e0 trouver un fauteuil bas \u00e0 votre taille. Les canap\u00e9s sont trop profonds et les chaises inconfortables. La chaise standard par exemple est trop basse pour que vous soyez bien assis \/ assise \u00e0 table. Mais elle est aussi trop haute pour que vos pieds soient pos\u00e9s \u00e0 plat sur le &hellip; <\/p>\n","protected":false},"author":1,"featured_media":732,"comment_status":"open","ping_status":"closed","sticky":true,"template":"","format":"standard","meta":[],"categories":[2],"tags":[],"yoast_head":"<!-- This site is optimized with the Yoast SEO plugin v18.0 - https:\/\/yoast.com\/wordpress\/plugins\/seo\/ -->\n<title>Comment choisir un fauteuil ou un canap\u00e9 adapt\u00e9 \u00e0 une petite taille ? - Blog des fauteuils sur mesure<\/title>\n<meta name=\"description\" content=\"Vous recherchez un fauteuil bas, adapt\u00e9 \u00e0 une petite taille ? Choisissez votre mod\u00e8le en fonction de votre activit\u00e9 et de vos mensurations.\" \/>\n<meta name=\"robots\" content=\"index, follow, max-snippet:-1, max-image-preview:large, max-video-preview:-1\" \/>\n<link rel=\"canonical\" href=\"https:\/\/www.monsiegeamoi.com\/blog\/fr\/2021\/06\/03\/canape-fauteuil-chaise-bas-pour-petite-taille\/\" \/>\n<meta property=\"og:locale\" content=\"fr_FR\" \/>\n<meta property=\"og:type\" content=\"article\" \/>\n<meta property=\"og:title\" content=\"Comment choisir un fauteuil ou un canap\u00e9 adapt\u00e9 \u00e0 une petite taille ? - Blog des fauteuils sur mesure\" \/>\n<meta property=\"og:description\" content=\"Vous recherchez un fauteuil bas, adapt\u00e9 \u00e0 une petite taille ? Choisissez votre mod\u00e8le en fonction de votre activit\u00e9 et de vos mensurations.\" \/>\n<meta property=\"og:url\" content=\"https:\/\/www.monsiegeamoi.com\/blog\/fr\/2021\/06\/03\/canape-fauteuil-chaise-bas-pour-petite-taille\/\" \/>\n<meta property=\"og:site_name\" content=\"Blog des fauteuils sur mesure\" \/>\n<meta property=\"article:publisher\" content=\"https:\/\/www.facebook.com\/msam.fr\/\" \/>\n<meta property=\"article:published_time\" content=\"2021-06-03T15:07:46+00:00\" \/>\n<meta property=\"article:modified_time\" content=\"2021-10-18T14:14:17+00:00\" \/>\n<meta property=\"og:image\" content=\"https:\/\/www.monsiegeamoi.com\/blog\/wp-content\/uploads\/2021\/06\/fauteuil-taille-basse-petite-taille.jpg\" \/>\n\t<meta property=\"og:image:width\" content=\"465\" \/>\n\t<meta property=\"og:image:height\" content=\"450\" \/>\n\t<meta property=\"og:image:type\" content=\"image\/jpeg\" \/>\n<meta name=\"twitter:card\" content=\"summary_large_image\" \/>\n<meta name=\"twitter:label1\" content=\"\u00c9crit par\" \/>\n\t<meta name=\"twitter:data1\" content=\"Bruno DUVAL\" \/>\n\t<meta name=\"twitter:label2\" content=\"Dur\u00e9e de lecture estim\u00e9e\" \/>\n\t<meta name=\"twitter:data2\" content=\"8 minutes\" \/>\n<script type=\"application\/ld+json\" class=\"yoast-schema-graph\">{\"@context\":\"https:\/\/schema.org\",\"@graph\":[{\"@type\":\"Organization\",\"@id\":\"https:\/\/www.monsiegeamoi.com\/blog\/#organization\",\"name\":\"mon si\u00e8ge \u00e0 moi\",\"url\":\"https:\/\/www.monsiegeamoi.com\/blog\/\",\"sameAs\":[\"https:\/\/www.facebook.com\/msam.fr\/\",\"https:\/\/www.instagram.com\/mon_siege_a_moi\/\",\"https:\/\/www.linkedin.com\/company\/35628798\/admin\/\",\"https:\/\/www.youtube.com\/channel\/UCdd1LuYl2T3uLrnreIEbx2g\",\"https:\/\/www.pinterest.fr\/bduval0428\/\"],\"logo\":{\"@type\":\"ImageObject\",\"@id\":\"https:\/\/www.monsiegeamoi.com\/blog\/#logo\",\"inLanguage\":\"fr-FR\",\"url\":\"https:\/\/www.monsiegeamoi.com\/blog\/wp-content\/uploads\/2020\/01\/logo-msam-carre-1.png\",\"contentUrl\":\"https:\/\/www.monsiegeamoi.com\/blog\/wp-content\/uploads\/2020\/01\/logo-msam-carre-1.png\",\"width\":350,\"height\":350,\"caption\":\"mon si\u00e8ge \u00e0 moi\"},\"image\":{\"@id\":\"https:\/\/www.monsiegeamoi.com\/blog\/#logo\"}},{\"@type\":\"WebSite\",\"@id\":\"https:\/\/www.monsiegeamoi.com\/blog\/#website\",\"url\":\"https:\/\/www.monsiegeamoi.com\/blog\/\",\"name\":\"Fauteuils et innovations\",\"description\":\"D\u00e9couvrez l&#039;histoire et l&#039;actualit\u00e9 des fauteuils sur mesure\",\"publisher\":{\"@id\":\"https:\/\/www.monsiegeamoi.com\/blog\/#organization\"},\"potentialAction\":[{\"@type\":\"SearchAction\",\"target\":{\"@type\":\"EntryPoint\",\"urlTemplate\":\"https:\/\/www.monsiegeamoi.com\/blog\/?s={search_term_string}\"},\"query-input\":\"required name=search_term_string\"}],\"inLanguage\":\"fr-FR\"},{\"@type\":\"ImageObject\",\"@id\":\"https:\/\/www.monsiegeamoi.com\/blog\/fr\/2021\/06\/03\/canape-fauteuil-chaise-bas-pour-petite-taille\/#primaryimage\",\"inLanguage\":\"fr-FR\",\"url\":\"https:\/\/www.monsiegeamoi.com\/blog\/wp-content\/uploads\/2021\/06\/fauteuil-taille-basse-petite-taille.jpg\",\"contentUrl\":\"https:\/\/www.monsiegeamoi.com\/blog\/wp-content\/uploads\/2021\/06\/fauteuil-taille-basse-petite-taille.jpg\",\"width\":465,\"height\":450,\"caption\":\"Fauteuil bas petite taille\"},{\"@type\":\"WebPage\",\"@id\":\"https:\/\/www.monsiegeamoi.com\/blog\/fr\/2021\/06\/03\/canape-fauteuil-chaise-bas-pour-petite-taille\/#webpage\",\"url\":\"https:\/\/www.monsiegeamoi.com\/blog\/fr\/2021\/06\/03\/canape-fauteuil-chaise-bas-pour-petite-taille\/\",\"name\":\"Comment choisir un fauteuil ou un canap\u00e9 adapt\u00e9 \u00e0 une petite taille ? - Blog des fauteuils sur mesure\",\"isPartOf\":{\"@id\":\"https:\/\/www.monsiegeamoi.com\/blog\/#website\"},\"primaryImageOfPage\":{\"@id\":\"https:\/\/www.monsiegeamoi.com\/blog\/fr\/2021\/06\/03\/canape-fauteuil-chaise-bas-pour-petite-taille\/#primaryimage\"},\"datePublished\":\"2021-06-03T15:07:46+00:00\",\"dateModified\":\"2021-10-18T14:14:17+00:00\",\"description\":\"Vous recherchez un fauteuil bas, adapt\u00e9 \u00e0 une petite taille ? Choisissez votre mod\u00e8le en fonction de votre activit\u00e9 et de vos mensurations.\",\"breadcrumb\":{\"@id\":\"https:\/\/www.monsiegeamoi.com\/blog\/fr\/2021\/06\/03\/canape-fauteuil-chaise-bas-pour-petite-taille\/#breadcrumb\"},\"inLanguage\":\"fr-FR\",\"potentialAction\":[{\"@type\":\"ReadAction\",\"target\":[\"https:\/\/www.monsiegeamoi.com\/blog\/fr\/2021\/06\/03\/canape-fauteuil-chaise-bas-pour-petite-taille\/\"]}]},{\"@type\":\"BreadcrumbList\",\"@id\":\"https:\/\/www.monsiegeamoi.com\/blog\/fr\/2021\/06\/03\/canape-fauteuil-chaise-bas-pour-petite-taille\/#breadcrumb\",\"itemListElement\":[{\"@type\":\"ListItem\",\"position\":1,\"name\":\"Accueil\",\"item\":\"https:\/\/www.monsiegeamoi.com\/blog\/\"},{\"@type\":\"ListItem\",\"position\":2,\"name\":\"Comment choisir un fauteuil ou un canap\u00e9 adapt\u00e9 \u00e0 une petite taille ?\"}]},{\"@type\":\"Article\",\"@id\":\"https:\/\/www.monsiegeamoi.com\/blog\/fr\/2021\/06\/03\/canape-fauteuil-chaise-bas-pour-petite-taille\/#article\",\"isPartOf\":{\"@id\":\"https:\/\/www.monsiegeamoi.com\/blog\/fr\/2021\/06\/03\/canape-fauteuil-chaise-bas-pour-petite-taille\/#webpage\"},\"author\":{\"@id\":\"https:\/\/www.monsiegeamoi.com\/blog\/#\/schema\/person\/6c2e4ef71c12dc348f70f48155da5c66\"},\"headline\":\"Comment choisir un fauteuil ou un canap\u00e9 adapt\u00e9 \u00e0 une petite taille ?\",\"datePublished\":\"2021-06-03T15:07:46+00:00\",\"dateModified\":\"2021-10-18T14:14:17+00:00\",\"mainEntityOfPage\":{\"@id\":\"https:\/\/www.monsiegeamoi.com\/blog\/fr\/2021\/06\/03\/canape-fauteuil-chaise-bas-pour-petite-taille\/#webpage\"},\"wordCount\":1257,\"commentCount\":4,\"publisher\":{\"@id\":\"https:\/\/www.monsiegeamoi.com\/blog\/#organization\"},\"image\":{\"@id\":\"https:\/\/www.monsiegeamoi.com\/blog\/fr\/2021\/06\/03\/canape-fauteuil-chaise-bas-pour-petite-taille\/#primaryimage\"},\"thumbnailUrl\":\"https:\/\/www.monsiegeamoi.com\/blog\/wp-content\/uploads\/2021\/06\/fauteuil-taille-basse-petite-taille.jpg\",\"articleSection\":[\"Le confort des fauteuils\"],\"inLanguage\":\"fr-FR\",\"potentialAction\":[{\"@type\":\"CommentAction\",\"name\":\"Comment\",\"target\":[\"https:\/\/www.monsiegeamoi.com\/blog\/fr\/2021\/06\/03\/canape-fauteuil-chaise-bas-pour-petite-taille\/#respond\"]}]},{\"@type\":\"Person\",\"@id\":\"https:\/\/www.monsiegeamoi.com\/blog\/#\/schema\/person\/6c2e4ef71c12dc348f70f48155da5c66\",\"name\":\"Bruno DUVAL\",\"image\":{\"@type\":\"ImageObject\",\"@id\":\"https:\/\/www.monsiegeamoi.com\/blog\/#personlogo\",\"inLanguage\":\"fr-FR\",\"url\":\"https:\/\/secure.gravatar.com\/avatar\/d72ff8c522ba9b71838f031c69c2f326?s=96&d=mm&r=g\",\"contentUrl\":\"https:\/\/secure.gravatar.com\/avatar\/d72ff8c522ba9b71838f031c69c2f326?s=96&d=mm&r=g\",\"caption\":\"Bruno DUVAL\"},\"url\":\"https:\/\/www.monsiegeamoi.com\/blog\/author\/bruno-duval44gmail-com\/\"}]}<\/script>\n<!-- \/ Yoast SEO plugin. -->","yoast_head_json":{"title":"Comment choisir un fauteuil ou un canap\u00e9 adapt\u00e9 \u00e0 une petite taille ? - Blog des fauteuils sur mesure","description":"Vous recherchez un fauteuil bas, adapt\u00e9 \u00e0 une petite taille ? Choisissez votre mod\u00e8le en fonction de votre activit\u00e9 et de vos mensurations.","robots":{"index":"index","follow":"follow","max-snippet":"max-snippet:-1","max-image-preview":"max-image-preview:large","max-video-preview":"max-video-preview:-1"},"canonical":"https:\/\/www.monsiegeamoi.com\/blog\/fr\/2021\/06\/03\/canape-fauteuil-chaise-bas-pour-petite-taille\/","og_locale":"fr_FR","og_type":"article","og_title":"Comment choisir un fauteuil ou un canap\u00e9 adapt\u00e9 \u00e0 une petite taille ? - Blog des fauteuils sur mesure","og_description":"Vous recherchez un fauteuil bas, adapt\u00e9 \u00e0 une petite taille ? Choisissez votre mod\u00e8le en fonction de votre activit\u00e9 et de vos mensurations.","og_url":"https:\/\/www.monsiegeamoi.com\/blog\/fr\/2021\/06\/03\/canape-fauteuil-chaise-bas-pour-petite-taille\/","og_site_name":"Blog des fauteuils sur mesure","article_publisher":"https:\/\/www.facebook.com\/msam.fr\/","article_published_time":"2021-06-03T15:07:46+00:00","article_modified_time":"2021-10-18T14:14:17+00:00","og_image":[{"width":465,"height":450,"url":"https:\/\/www.monsiegeamoi.com\/blog\/wp-content\/uploads\/2021\/06\/fauteuil-taille-basse-petite-taille.jpg","type":"image\/jpeg"}],"twitter_card":"summary_large_image","twitter_misc":{"\u00c9crit par":"Bruno DUVAL","Dur\u00e9e de lecture estim\u00e9e":"8 minutes"},"schema":{"@context":"https:\/\/schema.org","@graph":[{"@type":"Organization","@id":"https:\/\/www.monsiegeamoi.com\/blog\/#organization","name":"mon si\u00e8ge \u00e0 moi","url":"https:\/\/www.monsiegeamoi.com\/blog\/","sameAs":["https:\/\/www.facebook.com\/msam.fr\/","https:\/\/www.instagram.com\/mon_siege_a_moi\/","https:\/\/www.linkedin.com\/company\/35628798\/admin\/","https:\/\/www.youtube.com\/channel\/UCdd1LuYl2T3uLrnreIEbx2g","https:\/\/www.pinterest.fr\/bduval0428\/"],"logo":{"@type":"ImageObject","@id":"https:\/\/www.monsiegeamoi.com\/blog\/#logo","inLanguage":"fr-FR","url":"https:\/\/www.monsiegeamoi.com\/blog\/wp-content\/uploads\/2020\/01\/logo-msam-carre-1.png","contentUrl":"https:\/\/www.monsiegeamoi.com\/blog\/wp-content\/uploads\/2020\/01\/logo-msam-carre-1.png","width":350,"height":350,"caption":"mon si\u00e8ge \u00e0 moi"},"image":{"@id":"https:\/\/www.monsiegeamoi.com\/blog\/#logo"}},{"@type":"WebSite","@id":"https:\/\/www.monsiegeamoi.com\/blog\/#website","url":"https:\/\/www.monsiegeamoi.com\/blog\/","name":"Fauteuils et innovations","description":"D\u00e9couvrez l&#039;histoire et l&#039;actualit\u00e9 des fauteuils sur mesure","publisher":{"@id":"https:\/\/www.monsiegeamoi.com\/blog\/#organization"},"potentialAction":[{"@type":"SearchAction","target":{"@type":"EntryPoint","urlTemplate":"https:\/\/www.monsiegeamoi.com\/blog\/?s={search_term_string}"},"query-input":"required name=search_term_string"}],"inLanguage":"fr-FR"},{"@type":"ImageObject","@id":"https:\/\/www.monsiegeamoi.com\/blog\/fr\/2021\/06\/03\/canape-fauteuil-chaise-bas-pour-petite-taille\/#primaryimage","inLanguage":"fr-FR","url":"https:\/\/www.monsiegeamoi.com\/blog\/wp-content\/uploads\/2021\/06\/fauteuil-taille-basse-petite-taille.jpg","contentUrl":"https:\/\/www.monsiegeamoi.com\/blog\/wp-content\/uploads\/2021\/06\/fauteuil-taille-basse-petite-taille.jpg","width":465,"height":450,"caption":"Fauteuil bas petite taille"},{"@type":"WebPage","@id":"https:\/\/www.monsiegeamoi.com\/blog\/fr\/2021\/06\/03\/canape-fauteuil-chaise-bas-pour-petite-taille\/#webpage","url":"https:\/\/www.monsiegeamoi.com\/blog\/fr\/2021\/06\/03\/canape-fauteuil-chaise-bas-pour-petite-taille\/","name":"Comment choisir un fauteuil ou un canap\u00e9 adapt\u00e9 \u00e0 une petite taille ? - Blog des fauteuils sur mesure","isPartOf":{"@id":"https:\/\/www.monsiegeamoi.com\/blog\/#website"},"primaryImageOfPage":{"@id":"https:\/\/www.monsiegeamoi.com\/blog\/fr\/2021\/06\/03\/canape-fauteuil-chaise-bas-pour-petite-taille\/#primaryimage"},"datePublished":"2021-06-03T15:07:46+00:00","dateModified":"2021-10-18T14:14:17+00:00","description":"Vous recherchez un fauteuil bas, adapt\u00e9 \u00e0 une petite taille ? Choisissez votre mod\u00e8le en fonction de votre activit\u00e9 et de vos mensurations.","breadcrumb":{"@id":"https:\/\/www.monsiegeamoi.com\/blog\/fr\/2021\/06\/03\/canape-fauteuil-chaise-bas-pour-petite-taille\/#breadcrumb"},"inLanguage":"fr-FR","potentialAction":[{"@type":"ReadAction","target":["https:\/\/www.monsiegeamoi.com\/blog\/fr\/2021\/06\/03\/canape-fauteuil-chaise-bas-pour-petite-taille\/"]}]},{"@type":"BreadcrumbList","@id":"https:\/\/www.monsiegeamoi.com\/blog\/fr\/2021\/06\/03\/canape-fauteuil-chaise-bas-pour-petite-taille\/#breadcrumb","itemListElement":[{"@type":"ListItem","position":1,"name":"Accueil","item":"https:\/\/www.monsiegeamoi.com\/blog\/"},{"@type":"ListItem","position":2,"name":"Comment choisir un fauteuil ou un canap\u00e9 adapt\u00e9 \u00e0 une petite taille ?"}]},{"@type":"Article","@id":"https:\/\/www.monsiegeamoi.com\/blog\/fr\/2021\/06\/03\/canape-fauteuil-chaise-bas-pour-petite-taille\/#article","isPartOf":{"@id":"https:\/\/www.monsiegeamoi.com\/blog\/fr\/2021\/06\/03\/canape-fauteuil-chaise-bas-pour-petite-taille\/#webpage"},"author":{"@id":"https:\/\/www.monsiegeamoi.com\/blog\/#\/schema\/person\/6c2e4ef71c12dc348f70f48155da5c66"},"headline":"Comment choisir un fauteuil ou un canap\u00e9 adapt\u00e9 \u00e0 une petite taille ?","datePublished":"2021-06-03T15:07:46+00:00","dateModified":"2021-10-18T14:14:17+00:00","mainEntityOfPage":{"@id":"https:\/\/www.monsiegeamoi.com\/blog\/fr\/2021\/06\/03\/canape-fauteuil-chaise-bas-pour-petite-taille\/#webpage"},"wordCount":1257,"commentCount":4,"publisher":{"@id":"https:\/\/www.monsiegeamoi.com\/blog\/#organization"},"image":{"@id":"https:\/\/www.monsiegeamoi.com\/blog\/fr\/2021\/06\/03\/canape-fauteuil-chaise-bas-pour-petite-taille\/#primaryimage"},"thumbnailUrl":"https:\/\/www.monsiegeamoi.com\/blog\/wp-content\/uploads\/2021\/06\/fauteuil-taille-basse-petite-taille.jpg","articleSection":["Le confort des fauteuils"],"inLanguage":"fr-FR","potentialAction":[{"@type":"CommentAction","name":"Comment","target":["https:\/\/www.monsiegeamoi.com\/blog\/fr\/2021\/06\/03\/canape-fauteuil-chaise-bas-pour-petite-taille\/#respond"]}]},{"@type":"Person","@id":"https:\/\/www.monsiegeamoi.com\/blog\/#\/schema\/person\/6c2e4ef71c12dc348f70f48155da5c66","name":"Bruno DUVAL","image":{"@type":"ImageObject","@id":"https:\/\/www.monsiegeamoi.com\/blog\/#personlogo","inLanguage":"fr-FR","url":"https:\/\/secure.gravatar.com\/avatar\/d72ff8c522ba9b71838f031c69c2f326?s=96&d=mm&r=g","contentUrl":"https:\/\/secure.gravatar.com\/avatar\/d72ff8c522ba9b71838f031c69c2f326?s=96&d=mm&r=g","caption":"Bruno DUVAL"},"url":"https:\/\/www.monsiegeamoi.com\/blog\/author\/bruno-duval44gmail-com\/"}]}},"_links":{"self":[{"href":"https:\/\/www.monsiegeamoi.com\/blog\/wp-json\/wp\/v2\/posts\/721"}],"collection":[{"href":"https:\/\/www.monsiegeamoi.com\/blog\/wp-json\/wp\/v2\/posts"}],"about":[{"href":"https:\/\/www.monsiegeamoi.com\/blog\/wp-json\/wp\/v2\/types\/post"}],"author":[{"embeddable":true,"href":"https:\/\/www.monsiegeamoi.com\/blog\/wp-json\/wp\/v2\/users\/1"}],"replies":[{"embeddable":true,"href":"https:\/\/www.monsiegeamoi.com\/blog\/wp-json\/wp\/v2\/comments?post=721"}],"version-history":[{"count":16,"href":"https:\/\/www.monsiegeamoi.com\/blog\/wp-json\/wp\/v2\/posts\/721\/revisions"}],"predecessor-version":[{"id":916,"href":"https:\/\/www.monsiegeamoi.com\/blog\/wp-json\/wp\/v2\/posts\/721\/revisions\/916"}],"wp:featuredmedia":[{"embeddable":true,"href":"https:\/\/www.monsiegeamoi.com\/blog\/wp-json\/wp\/v2\/media\/732"}],"wp:attachment":[{"href":"https:\/\/www.monsiegeamoi.com\/blog\/wp-json\/wp\/v2\/media?parent=721"}],"wp:term":[{"taxonomy":"category","embeddable":true,"href":"https:\/\/www.monsiegeamoi.com\/blog\/wp-json\/wp\/v2\/categories?post=721"},{"taxonomy":"post_tag","embeddable":true,"href":"https:\/\/www.monsiegeamoi.com\/blog\/wp-json\/wp\/v2\/tags?post=721"}],"curies":[{"name":"wp","href":"https:\/\/api.w.org\/{rel}","templated":true}]}}