{"id":694,"date":"2021-04-15T08:00:04","date_gmt":"2021-04-15T08:00:04","guid":{"rendered":"https:\/\/www.monsiegeamoi.com\/blog\/?p=677"},"modified":"2021-04-15T09:41:36","modified_gmt":"2021-04-15T09:41:36","slug":"694","status":"publish","type":"post","link":"https:\/\/www.monsiegeamoi.com\/blog\/it\/2021\/04\/15\/694\/","title":{"rendered":"Ripresa della produzione delle poltrone Mon Siege \u00e0 Moi"},"content":{"rendered":"\n<h2>Un laser per tagliare con grande precisione sedie su misura<\/h2>\n\n\n\n<figure class=\"wp-block-embed is-type-video is-provider-youtube wp-block-embed-youtube wp-embed-aspect-16-9 wp-has-aspect-ratio\"><div class=\"wp-block-embed__wrapper\">\n<iframe loading=\"lazy\" title=\"Mon SI\u00e8ge \u00e0 Moi armchairs are now laser cut and still very easy to assemble\" width=\"500\" height=\"281\" src=\"https:\/\/www.youtube.com\/embed\/Zee-V48VidM?feature=oembed\" frameborder=\"0\" allow=\"accelerometer; autoplay; clipboard-write; encrypted-media; gyroscope; picture-in-picture\" allowfullscreen><\/iframe>\n<\/div><figcaption>Nell&rsquo;aprile 2021 riprendiamo la produzione di poltrone Mon Seat \u00e0 Moi su misura.<\/figcaption><\/figure>\n\n\n\n<p>Per l&rsquo;assemblaggio delle sedie senza attrezzi \u00e8 necessaria una grande precisione.\u00a0Questo \u00e8 uno dei punti di forza della nostra nuova macchina laser.\u00a0Nel video qui sotto vi invitiamo a scoprire come funziona su un modello di sedia da lettura 1\/6.\u00a0Scoprirai anche com&rsquo;\u00e8 facile montare le sedie, senza attrezzi.<br>\u00a0 <\/p>\n\n\n\n<h3>Nuova gamma di poltrone 2021<\/h3>\n\n\n\n<p>La gamma di poltrone e divani su misura \u00e8 stata ridisegnata e ampliata.<br>Tutte le sedie ora beneficiano di una finitura a base di olio naturale, pi\u00f9 rispettosa dell&rsquo;ambiente.<\/p>\n\n\n\n<h3>Poltrona su misura per lo schienale<\/h3>\n\n\n\n<p>La profondit\u00e0 del sedile su misura consente alla schiena di poggiare bene sullo schienale.<br>La poltrona ha uno schienale a mezza altezza con una leggera inclinazione o uno schienale alto con un&rsquo;inclinazione pi\u00f9 pronunciata.<\/p>\n\n\n\n<figure class=\"wp-block-image size-large\"><a href=\"https:\/\/www.monsiegeamoi.com\/fr\/fauteuil-pour-le-dos-sur-mesure\/110-88572-fauteuil-pour-le-dos-fabrique-sur-mesure-dossier-haut-avec-appui-tete.html#\/1-couleur_du_coussin-noir\/18-largeur_du_siege-50_cm\/21-profond_siege-42_cm\/62-hauteur_siege-42_cm\/64-hauteur_dossier-77_cm\"><img decoding=\"async\" loading=\"lazy\" width=\"800\" height=\"800\" src=\"https:\/\/www.monsiegeamoi.com\/blog\/wp-content\/uploads\/2021\/04\/fauteuil-pour-le-dos-fabrique-sur-mesure-dossier-haut-gris-clair-coussin-bleu.jpg\" alt=\"\" class=\"wp-image-680\" srcset=\"https:\/\/www.monsiegeamoi.com\/blog\/wp-content\/uploads\/2021\/04\/fauteuil-pour-le-dos-fabrique-sur-mesure-dossier-haut-gris-clair-coussin-bleu.jpg 800w, https:\/\/www.monsiegeamoi.com\/blog\/wp-content\/uploads\/2021\/04\/fauteuil-pour-le-dos-fabrique-sur-mesure-dossier-haut-gris-clair-coussin-bleu-300x300.jpg 300w, https:\/\/www.monsiegeamoi.com\/blog\/wp-content\/uploads\/2021\/04\/fauteuil-pour-le-dos-fabrique-sur-mesure-dossier-haut-gris-clair-coussin-bleu-150x150.jpg 150w, https:\/\/www.monsiegeamoi.com\/blog\/wp-content\/uploads\/2021\/04\/fauteuil-pour-le-dos-fabrique-sur-mesure-dossier-haut-gris-clair-coussin-bleu-768x768.jpg 768w, https:\/\/www.monsiegeamoi.com\/blog\/wp-content\/uploads\/2021\/04\/fauteuil-pour-le-dos-fabrique-sur-mesure-dossier-haut-gris-clair-coussin-bleu-400x400.jpg 400w\" sizes=\"(max-width: 800px) 100vw, 800px\" \/><\/a><figcaption>Poltrona su misura per schienale con poggiatesta\u00a0<\/figcaption><\/figure>\n\n\n\n<h3>Sedia da lettura della tua taglia<\/h3>\n\n\n\n<p>Divora un libro senza alzarti grazie alla comodit\u00e0 della poltrona su misura.<br>Una libreria laterale permette di archiviare i tuoi libri preferiti ma anche il tuo Smartphone o telecomandi.<br>Come opzione, la sedia pu\u00f2 essere dotata di una luce di lettura a led fissata allo schienale.<\/p>\n\n\n\n<figure class=\"wp-block-image size-large\"><a href=\"https:\/\/www.monsiegeamoi.com\/fr\/12-fauteuil-de-lecture\"><img decoding=\"async\" loading=\"lazy\" width=\"800\" height=\"800\" src=\"https:\/\/www.monsiegeamoi.com\/blog\/wp-content\/uploads\/2021\/04\/fauteuil-de-lecture-dossier-mi-hauteur-couleur-violet.jpg\" alt=\"\u00a0\" class=\"wp-image-682\" srcset=\"https:\/\/www.monsiegeamoi.com\/blog\/wp-content\/uploads\/2021\/04\/fauteuil-de-lecture-dossier-mi-hauteur-couleur-violet.jpg 800w, https:\/\/www.monsiegeamoi.com\/blog\/wp-content\/uploads\/2021\/04\/fauteuil-de-lecture-dossier-mi-hauteur-couleur-violet-300x300.jpg 300w, https:\/\/www.monsiegeamoi.com\/blog\/wp-content\/uploads\/2021\/04\/fauteuil-de-lecture-dossier-mi-hauteur-couleur-violet-150x150.jpg 150w, https:\/\/www.monsiegeamoi.com\/blog\/wp-content\/uploads\/2021\/04\/fauteuil-de-lecture-dossier-mi-hauteur-couleur-violet-768x768.jpg 768w, https:\/\/www.monsiegeamoi.com\/blog\/wp-content\/uploads\/2021\/04\/fauteuil-de-lecture-dossier-mi-hauteur-couleur-violet-400x400.jpg 400w\" sizes=\"(max-width: 800px) 100vw, 800px\" \/><\/a><figcaption>Sedia da lettura su misura\u00a0<\/figcaption><\/figure>\n\n\n\n<h3>Sedia a dondolo personalizzata<\/h3>\n\n\n\n<p>Prescritta al futuro presidente Kennedy per alleviare il mal di schiena, la sedia a dondolo combina i benefici di un&rsquo;attivit\u00e0 fisica su misura e delicata.\u00a0Prenditi cura della tua schiena continuando a muoverti.<\/p>\n\n\n\n<figure class=\"wp-block-image size-large\"><a href=\"https:\/\/www.monsiegeamoi.com\/fr\/11-fauteuil-a-bascule-sur-mesure\"><img decoding=\"async\" loading=\"lazy\" width=\"1024\" height=\"1024\" src=\"https:\/\/www.monsiegeamoi.com\/blog\/wp-content\/uploads\/2021\/04\/fauteuil-a-bascule-dossier-haut-coussin-anthracite--1024x1024.jpg\" alt=\"\" class=\"wp-image-683\" srcset=\"https:\/\/www.monsiegeamoi.com\/blog\/wp-content\/uploads\/2021\/04\/fauteuil-a-bascule-dossier-haut-coussin-anthracite--1024x1024.jpg 1024w, https:\/\/www.monsiegeamoi.com\/blog\/wp-content\/uploads\/2021\/04\/fauteuil-a-bascule-dossier-haut-coussin-anthracite--300x300.jpg 300w, https:\/\/www.monsiegeamoi.com\/blog\/wp-content\/uploads\/2021\/04\/fauteuil-a-bascule-dossier-haut-coussin-anthracite--150x150.jpg 150w, https:\/\/www.monsiegeamoi.com\/blog\/wp-content\/uploads\/2021\/04\/fauteuil-a-bascule-dossier-haut-coussin-anthracite--768x768.jpg 768w, https:\/\/www.monsiegeamoi.com\/blog\/wp-content\/uploads\/2021\/04\/fauteuil-a-bascule-dossier-haut-coussin-anthracite--900x900.jpg 900w, https:\/\/www.monsiegeamoi.com\/blog\/wp-content\/uploads\/2021\/04\/fauteuil-a-bascule-dossier-haut-coussin-anthracite--400x400.jpg 400w, https:\/\/www.monsiegeamoi.com\/blog\/wp-content\/uploads\/2021\/04\/fauteuil-a-bascule-dossier-haut-coussin-anthracite-.jpg 1500w\" sizes=\"(max-width: 1024px) 100vw, 1024px\" \/><\/a><figcaption>Sedia a dondolo Oiled Medium con schienale alto\u00a0<\/figcaption><\/figure>\n\n\n\n<h3>Poltrona senior<\/h3>\n\n\n\n<p>Uno degli altri vantaggi chiave di una sedia su misura \u00e8 che puo sederti e alzarti con il minimo sforzo.<br>La sedia da attivit\u00e0 Senior offre un&rsquo;inclinazione inferiore del sedile per alzarsi pi\u00f9 facilmente o per mettere la sedia attorno a un tavolo.<br>La poltrona offre il massimo comfort con lo schienale alto e il ripiano laterale.<\/p>\n\n\n\n<figure class=\"wp-block-image size-large\"><a href=\"https:\/\/www.monsiegeamoi.com\/fr\/24-fauteuil-senior-taille-sur-mesure\"><img decoding=\"async\" loading=\"lazy\" width=\"800\" height=\"800\" src=\"https:\/\/www.monsiegeamoi.com\/blog\/wp-content\/uploads\/2021\/04\/bergere_oreilles_sur_mesure-gris-fonce-2.jpg\" alt=\"\" class=\"wp-image-684\" srcset=\"https:\/\/www.monsiegeamoi.com\/blog\/wp-content\/uploads\/2021\/04\/bergere_oreilles_sur_mesure-gris-fonce-2.jpg 800w, https:\/\/www.monsiegeamoi.com\/blog\/wp-content\/uploads\/2021\/04\/bergere_oreilles_sur_mesure-gris-fonce-2-300x300.jpg 300w, https:\/\/www.monsiegeamoi.com\/blog\/wp-content\/uploads\/2021\/04\/bergere_oreilles_sur_mesure-gris-fonce-2-150x150.jpg 150w, https:\/\/www.monsiegeamoi.com\/blog\/wp-content\/uploads\/2021\/04\/bergere_oreilles_sur_mesure-gris-fonce-2-768x768.jpg 768w, https:\/\/www.monsiegeamoi.com\/blog\/wp-content\/uploads\/2021\/04\/bergere_oreilles_sur_mesure-gris-fonce-2-400x400.jpg 400w\" sizes=\"(max-width: 800px) 100vw, 800px\" \/><\/a><figcaption>Poltrona a orecchioni realizzata su misura dell&rsquo;utente\u00a0<\/figcaption><\/figure>\n\n\n\n<p><\/p>\n","protected":false},"excerpt":{"rendered":"<p>Un laser per tagliare con grande precisione sedie su misura Per l&rsquo;assemblaggio delle sedie senza attrezzi \u00e8 necessaria una grande precisione.\u00a0Questo \u00e8 uno dei punti di forza della nostra nuova macchina laser.\u00a0Nel video qui sotto vi invitiamo a scoprire come funziona su un modello di sedia da lettura 1\/6.\u00a0Scoprirai anche com&rsquo;\u00e8 facile montare le sedie, &hellip; <\/p>\n","protected":false},"author":1,"featured_media":700,"comment_status":"open","ping_status":"closed","sticky":true,"template":"","format":"standard","meta":[],"categories":[64,52,54,72,68],"tags":[],"yoast_head":"<!-- This site is optimized with the Yoast SEO plugin v18.0 - https:\/\/yoast.com\/wordpress\/plugins\/seo\/ -->\n<title>Ripresa della produzione delle poltrone Mon Siege \u00e0 Moi - Blog des fauteuils sur mesure<\/title>\n<meta name=\"robots\" content=\"index, follow, max-snippet:-1, max-image-preview:large, max-video-preview:-1\" \/>\n<link rel=\"canonical\" href=\"https:\/\/www.monsiegeamoi.com\/blog\/it\/2021\/04\/15\/694\/\" \/>\n<meta property=\"og:locale\" content=\"fr_FR\" \/>\n<meta property=\"og:type\" content=\"article\" \/>\n<meta property=\"og:title\" content=\"Ripresa della produzione delle poltrone Mon Siege \u00e0 Moi - Blog des fauteuils sur mesure\" \/>\n<meta property=\"og:description\" content=\"Un laser per tagliare con grande precisione sedie su misura Per l&rsquo;assemblaggio delle sedie senza attrezzi \u00e8 necessaria una grande precisione.\u00a0Questo \u00e8 uno dei punti di forza della nostra nuova macchina laser.\u00a0Nel video qui sotto vi invitiamo a scoprire come funziona su un modello di sedia da lettura 1\/6.\u00a0Scoprirai anche com&rsquo;\u00e8 facile montare le sedie, &hellip;\" \/>\n<meta property=\"og:url\" content=\"https:\/\/www.monsiegeamoi.com\/blog\/it\/2021\/04\/15\/694\/\" \/>\n<meta property=\"og:site_name\" content=\"Blog des fauteuils sur mesure\" \/>\n<meta property=\"article:publisher\" content=\"https:\/\/www.facebook.com\/msam.fr\/\" \/>\n<meta property=\"article:published_time\" content=\"2021-04-15T08:00:04+00:00\" \/>\n<meta property=\"article:modified_time\" content=\"2021-04-15T09:41:36+00:00\" \/>\n<meta property=\"og:image\" content=\"https:\/\/www.monsiegeamoi.com\/blog\/wp-content\/uploads\/2021\/04\/un-laser-per-tagliare-con-grande-precisione-sedie-su-misura.jpg\" \/>\n\t<meta property=\"og:image:width\" content=\"863\" \/>\n\t<meta property=\"og:image:height\" content=\"636\" \/>\n\t<meta property=\"og:image:type\" content=\"image\/jpeg\" \/>\n<meta name=\"twitter:card\" content=\"summary_large_image\" \/>\n<meta name=\"twitter:label1\" content=\"\u00c9crit par\" \/>\n\t<meta name=\"twitter:data1\" content=\"Bruno DUVAL\" \/>\n\t<meta name=\"twitter:label2\" content=\"Dur\u00e9e de lecture estim\u00e9e\" \/>\n\t<meta name=\"twitter:data2\" content=\"3 minutes\" \/>\n<script type=\"application\/ld+json\" class=\"yoast-schema-graph\">{\"@context\":\"https:\/\/schema.org\",\"@graph\":[{\"@type\":\"Organization\",\"@id\":\"https:\/\/www.monsiegeamoi.com\/blog\/#organization\",\"name\":\"mon si\u00e8ge \u00e0 moi\",\"url\":\"https:\/\/www.monsiegeamoi.com\/blog\/\",\"sameAs\":[\"https:\/\/www.facebook.com\/msam.fr\/\",\"https:\/\/www.instagram.com\/mon_siege_a_moi\/\",\"https:\/\/www.linkedin.com\/company\/35628798\/admin\/\",\"https:\/\/www.youtube.com\/channel\/UCdd1LuYl2T3uLrnreIEbx2g\",\"https:\/\/www.pinterest.fr\/bduval0428\/\"],\"logo\":{\"@type\":\"ImageObject\",\"@id\":\"https:\/\/www.monsiegeamoi.com\/blog\/#logo\",\"inLanguage\":\"fr-FR\",\"url\":\"https:\/\/www.monsiegeamoi.com\/blog\/wp-content\/uploads\/2020\/01\/logo-msam-carre-1.png\",\"contentUrl\":\"https:\/\/www.monsiegeamoi.com\/blog\/wp-content\/uploads\/2020\/01\/logo-msam-carre-1.png\",\"width\":350,\"height\":350,\"caption\":\"mon si\u00e8ge \u00e0 moi\"},\"image\":{\"@id\":\"https:\/\/www.monsiegeamoi.com\/blog\/#logo\"}},{\"@type\":\"WebSite\",\"@id\":\"https:\/\/www.monsiegeamoi.com\/blog\/#website\",\"url\":\"https:\/\/www.monsiegeamoi.com\/blog\/\",\"name\":\"Fauteuils et innovations\",\"description\":\"D\u00e9couvrez l&#039;histoire et l&#039;actualit\u00e9 des fauteuils sur mesure\",\"publisher\":{\"@id\":\"https:\/\/www.monsiegeamoi.com\/blog\/#organization\"},\"potentialAction\":[{\"@type\":\"SearchAction\",\"target\":{\"@type\":\"EntryPoint\",\"urlTemplate\":\"https:\/\/www.monsiegeamoi.com\/blog\/?s={search_term_string}\"},\"query-input\":\"required name=search_term_string\"}],\"inLanguage\":\"fr-FR\"},{\"@type\":\"ImageObject\",\"@id\":\"https:\/\/www.monsiegeamoi.com\/blog\/it\/2021\/04\/15\/694\/#primaryimage\",\"inLanguage\":\"fr-FR\",\"url\":\"https:\/\/www.monsiegeamoi.com\/blog\/wp-content\/uploads\/2021\/04\/un-laser-per-tagliare-con-grande-precisione-sedie-su-misura.jpg\",\"contentUrl\":\"https:\/\/www.monsiegeamoi.com\/blog\/wp-content\/uploads\/2021\/04\/un-laser-per-tagliare-con-grande-precisione-sedie-su-misura.jpg\",\"width\":863,\"height\":636,\"caption\":\"Un laser per tagliare con grande precisione sedie su misura\"},{\"@type\":\"WebPage\",\"@id\":\"https:\/\/www.monsiegeamoi.com\/blog\/it\/2021\/04\/15\/694\/#webpage\",\"url\":\"https:\/\/www.monsiegeamoi.com\/blog\/it\/2021\/04\/15\/694\/\",\"name\":\"Ripresa della produzione delle poltrone Mon Siege \u00e0 Moi - Blog des fauteuils sur mesure\",\"isPartOf\":{\"@id\":\"https:\/\/www.monsiegeamoi.com\/blog\/#website\"},\"primaryImageOfPage\":{\"@id\":\"https:\/\/www.monsiegeamoi.com\/blog\/it\/2021\/04\/15\/694\/#primaryimage\"},\"datePublished\":\"2021-04-15T08:00:04+00:00\",\"dateModified\":\"2021-04-15T09:41:36+00:00\",\"breadcrumb\":{\"@id\":\"https:\/\/www.monsiegeamoi.com\/blog\/it\/2021\/04\/15\/694\/#breadcrumb\"},\"inLanguage\":\"fr-FR\",\"potentialAction\":[{\"@type\":\"ReadAction\",\"target\":[\"https:\/\/www.monsiegeamoi.com\/blog\/it\/2021\/04\/15\/694\/\"]}]},{\"@type\":\"BreadcrumbList\",\"@id\":\"https:\/\/www.monsiegeamoi.com\/blog\/it\/2021\/04\/15\/694\/#breadcrumb\",\"itemListElement\":[{\"@type\":\"ListItem\",\"position\":1,\"name\":\"Accueil\",\"item\":\"https:\/\/www.monsiegeamoi.com\/blog\/\"},{\"@type\":\"ListItem\",\"position\":2,\"name\":\"Ripresa della produzione delle poltrone Mon Siege \u00e0 Moi\"}]},{\"@type\":\"Article\",\"@id\":\"https:\/\/www.monsiegeamoi.com\/blog\/it\/2021\/04\/15\/694\/#article\",\"isPartOf\":{\"@id\":\"https:\/\/www.monsiegeamoi.com\/blog\/it\/2021\/04\/15\/694\/#webpage\"},\"author\":{\"@id\":\"https:\/\/www.monsiegeamoi.com\/blog\/#\/schema\/person\/6c2e4ef71c12dc348f70f48155da5c66\"},\"headline\":\"Ripresa della produzione delle poltrone Mon Siege \u00e0 Moi\",\"datePublished\":\"2021-04-15T08:00:04+00:00\",\"dateModified\":\"2021-04-15T09:41:36+00:00\",\"mainEntityOfPage\":{\"@id\":\"https:\/\/www.monsiegeamoi.com\/blog\/it\/2021\/04\/15\/694\/#webpage\"},\"wordCount\":327,\"commentCount\":0,\"publisher\":{\"@id\":\"https:\/\/www.monsiegeamoi.com\/blog\/#organization\"},\"image\":{\"@id\":\"https:\/\/www.monsiegeamoi.com\/blog\/it\/2021\/04\/15\/694\/#primaryimage\"},\"thumbnailUrl\":\"https:\/\/www.monsiegeamoi.com\/blog\/wp-content\/uploads\/2021\/04\/un-laser-per-tagliare-con-grande-precisione-sedie-su-misura.jpg\",\"articleSection\":[\"Comfort di seduta\",\"Ergonomia della sedia\",\"Innovazione dei posti a sedere\",\"Innovazioni strutturali\",\"Produzione eco-responsabile\"],\"inLanguage\":\"fr-FR\",\"potentialAction\":[{\"@type\":\"CommentAction\",\"name\":\"Comment\",\"target\":[\"https:\/\/www.monsiegeamoi.com\/blog\/it\/2021\/04\/15\/694\/#respond\"]}]},{\"@type\":\"Person\",\"@id\":\"https:\/\/www.monsiegeamoi.com\/blog\/#\/schema\/person\/6c2e4ef71c12dc348f70f48155da5c66\",\"name\":\"Bruno DUVAL\",\"image\":{\"@type\":\"ImageObject\",\"@id\":\"https:\/\/www.monsiegeamoi.com\/blog\/#personlogo\",\"inLanguage\":\"fr-FR\",\"url\":\"https:\/\/secure.gravatar.com\/avatar\/d72ff8c522ba9b71838f031c69c2f326?s=96&d=mm&r=g\",\"contentUrl\":\"https:\/\/secure.gravatar.com\/avatar\/d72ff8c522ba9b71838f031c69c2f326?s=96&d=mm&r=g\",\"caption\":\"Bruno DUVAL\"},\"url\":\"https:\/\/www.monsiegeamoi.com\/blog\/author\/bruno-duval44gmail-com\/\"}]}<\/script>\n<!-- \/ Yoast SEO plugin. -->","yoast_head_json":{"title":"Ripresa della produzione delle poltrone Mon Siege \u00e0 Moi - Blog des fauteuils sur mesure","robots":{"index":"index","follow":"follow","max-snippet":"max-snippet:-1","max-image-preview":"max-image-preview:large","max-video-preview":"max-video-preview:-1"},"canonical":"https:\/\/www.monsiegeamoi.com\/blog\/it\/2021\/04\/15\/694\/","og_locale":"fr_FR","og_type":"article","og_title":"Ripresa della produzione delle poltrone Mon Siege \u00e0 Moi - Blog des fauteuils sur mesure","og_description":"Un laser per tagliare con grande precisione sedie su misura Per l&rsquo;assemblaggio delle sedie senza attrezzi \u00e8 necessaria una grande precisione.\u00a0Questo \u00e8 uno dei punti di forza della nostra nuova macchina laser.\u00a0Nel video qui sotto vi invitiamo a scoprire come funziona su un modello di sedia da lettura 1\/6.\u00a0Scoprirai anche com&rsquo;\u00e8 facile montare le sedie, &hellip;","og_url":"https:\/\/www.monsiegeamoi.com\/blog\/it\/2021\/04\/15\/694\/","og_site_name":"Blog des fauteuils sur mesure","article_publisher":"https:\/\/www.facebook.com\/msam.fr\/","article_published_time":"2021-04-15T08:00:04+00:00","article_modified_time":"2021-04-15T09:41:36+00:00","og_image":[{"width":863,"height":636,"url":"https:\/\/www.monsiegeamoi.com\/blog\/wp-content\/uploads\/2021\/04\/un-laser-per-tagliare-con-grande-precisione-sedie-su-misura.jpg","type":"image\/jpeg"}],"twitter_card":"summary_large_image","twitter_misc":{"\u00c9crit par":"Bruno DUVAL","Dur\u00e9e de lecture estim\u00e9e":"3 minutes"},"schema":{"@context":"https:\/\/schema.org","@graph":[{"@type":"Organization","@id":"https:\/\/www.monsiegeamoi.com\/blog\/#organization","name":"mon si\u00e8ge \u00e0 moi","url":"https:\/\/www.monsiegeamoi.com\/blog\/","sameAs":["https:\/\/www.facebook.com\/msam.fr\/","https:\/\/www.instagram.com\/mon_siege_a_moi\/","https:\/\/www.linkedin.com\/company\/35628798\/admin\/","https:\/\/www.youtube.com\/channel\/UCdd1LuYl2T3uLrnreIEbx2g","https:\/\/www.pinterest.fr\/bduval0428\/"],"logo":{"@type":"ImageObject","@id":"https:\/\/www.monsiegeamoi.com\/blog\/#logo","inLanguage":"fr-FR","url":"https:\/\/www.monsiegeamoi.com\/blog\/wp-content\/uploads\/2020\/01\/logo-msam-carre-1.png","contentUrl":"https:\/\/www.monsiegeamoi.com\/blog\/wp-content\/uploads\/2020\/01\/logo-msam-carre-1.png","width":350,"height":350,"caption":"mon si\u00e8ge \u00e0 moi"},"image":{"@id":"https:\/\/www.monsiegeamoi.com\/blog\/#logo"}},{"@type":"WebSite","@id":"https:\/\/www.monsiegeamoi.com\/blog\/#website","url":"https:\/\/www.monsiegeamoi.com\/blog\/","name":"Fauteuils et innovations","description":"D\u00e9couvrez l&#039;histoire et l&#039;actualit\u00e9 des fauteuils sur mesure","publisher":{"@id":"https:\/\/www.monsiegeamoi.com\/blog\/#organization"},"potentialAction":[{"@type":"SearchAction","target":{"@type":"EntryPoint","urlTemplate":"https:\/\/www.monsiegeamoi.com\/blog\/?s={search_term_string}"},"query-input":"required name=search_term_string"}],"inLanguage":"fr-FR"},{"@type":"ImageObject","@id":"https:\/\/www.monsiegeamoi.com\/blog\/it\/2021\/04\/15\/694\/#primaryimage","inLanguage":"fr-FR","url":"https:\/\/www.monsiegeamoi.com\/blog\/wp-content\/uploads\/2021\/04\/un-laser-per-tagliare-con-grande-precisione-sedie-su-misura.jpg","contentUrl":"https:\/\/www.monsiegeamoi.com\/blog\/wp-content\/uploads\/2021\/04\/un-laser-per-tagliare-con-grande-precisione-sedie-su-misura.jpg","width":863,"height":636,"caption":"Un laser per tagliare con grande precisione sedie su misura"},{"@type":"WebPage","@id":"https:\/\/www.monsiegeamoi.com\/blog\/it\/2021\/04\/15\/694\/#webpage","url":"https:\/\/www.monsiegeamoi.com\/blog\/it\/2021\/04\/15\/694\/","name":"Ripresa della produzione delle poltrone Mon Siege \u00e0 Moi - Blog des fauteuils sur mesure","isPartOf":{"@id":"https:\/\/www.monsiegeamoi.com\/blog\/#website"},"primaryImageOfPage":{"@id":"https:\/\/www.monsiegeamoi.com\/blog\/it\/2021\/04\/15\/694\/#primaryimage"},"datePublished":"2021-04-15T08:00:04+00:00","dateModified":"2021-04-15T09:41:36+00:00","breadcrumb":{"@id":"https:\/\/www.monsiegeamoi.com\/blog\/it\/2021\/04\/15\/694\/#breadcrumb"},"inLanguage":"fr-FR","potentialAction":[{"@type":"ReadAction","target":["https:\/\/www.monsiegeamoi.com\/blog\/it\/2021\/04\/15\/694\/"]}]},{"@type":"BreadcrumbList","@id":"https:\/\/www.monsiegeamoi.com\/blog\/it\/2021\/04\/15\/694\/#breadcrumb","itemListElement":[{"@type":"ListItem","position":1,"name":"Accueil","item":"https:\/\/www.monsiegeamoi.com\/blog\/"},{"@type":"ListItem","position":2,"name":"Ripresa della produzione delle poltrone Mon Siege \u00e0 Moi"}]},{"@type":"Article","@id":"https:\/\/www.monsiegeamoi.com\/blog\/it\/2021\/04\/15\/694\/#article","isPartOf":{"@id":"https:\/\/www.monsiegeamoi.com\/blog\/it\/2021\/04\/15\/694\/#webpage"},"author":{"@id":"https:\/\/www.monsiegeamoi.com\/blog\/#\/schema\/person\/6c2e4ef71c12dc348f70f48155da5c66"},"headline":"Ripresa della produzione delle poltrone Mon Siege \u00e0 Moi","datePublished":"2021-04-15T08:00:04+00:00","dateModified":"2021-04-15T09:41:36+00:00","mainEntityOfPage":{"@id":"https:\/\/www.monsiegeamoi.com\/blog\/it\/2021\/04\/15\/694\/#webpage"},"wordCount":327,"commentCount":0,"publisher":{"@id":"https:\/\/www.monsiegeamoi.com\/blog\/#organization"},"image":{"@id":"https:\/\/www.monsiegeamoi.com\/blog\/it\/2021\/04\/15\/694\/#primaryimage"},"thumbnailUrl":"https:\/\/www.monsiegeamoi.com\/blog\/wp-content\/uploads\/2021\/04\/un-laser-per-tagliare-con-grande-precisione-sedie-su-misura.jpg","articleSection":["Comfort di seduta","Ergonomia della sedia","Innovazione dei posti a sedere","Innovazioni strutturali","Produzione eco-responsabile"],"inLanguage":"fr-FR","potentialAction":[{"@type":"CommentAction","name":"Comment","target":["https:\/\/www.monsiegeamoi.com\/blog\/it\/2021\/04\/15\/694\/#respond"]}]},{"@type":"Person","@id":"https:\/\/www.monsiegeamoi.com\/blog\/#\/schema\/person\/6c2e4ef71c12dc348f70f48155da5c66","name":"Bruno DUVAL","image":{"@type":"ImageObject","@id":"https:\/\/www.monsiegeamoi.com\/blog\/#personlogo","inLanguage":"fr-FR","url":"https:\/\/secure.gravatar.com\/avatar\/d72ff8c522ba9b71838f031c69c2f326?s=96&d=mm&r=g","contentUrl":"https:\/\/secure.gravatar.com\/avatar\/d72ff8c522ba9b71838f031c69c2f326?s=96&d=mm&r=g","caption":"Bruno DUVAL"},"url":"https:\/\/www.monsiegeamoi.com\/blog\/author\/bruno-duval44gmail-com\/"}]}},"_links":{"self":[{"href":"https:\/\/www.monsiegeamoi.com\/blog\/wp-json\/wp\/v2\/posts\/694"}],"collection":[{"href":"https:\/\/www.monsiegeamoi.com\/blog\/wp-json\/wp\/v2\/posts"}],"about":[{"href":"https:\/\/www.monsiegeamoi.com\/blog\/wp-json\/wp\/v2\/types\/post"}],"author":[{"embeddable":true,"href":"https:\/\/www.monsiegeamoi.com\/blog\/wp-json\/wp\/v2\/users\/1"}],"replies":[{"embeddable":true,"href":"https:\/\/www.monsiegeamoi.com\/blog\/wp-json\/wp\/v2\/comments?post=694"}],"version-history":[{"count":1,"href":"https:\/\/www.monsiegeamoi.com\/blog\/wp-json\/wp\/v2\/posts\/694\/revisions"}],"predecessor-version":[{"id":699,"href":"https:\/\/www.monsiegeamoi.com\/blog\/wp-json\/wp\/v2\/posts\/694\/revisions\/699"}],"wp:featuredmedia":[{"embeddable":true,"href":"https:\/\/www.monsiegeamoi.com\/blog\/wp-json\/wp\/v2\/media\/700"}],"wp:attachment":[{"href":"https:\/\/www.monsiegeamoi.com\/blog\/wp-json\/wp\/v2\/media?parent=694"}],"wp:term":[{"taxonomy":"category","embeddable":true,"href":"https:\/\/www.monsiegeamoi.com\/blog\/wp-json\/wp\/v2\/categories?post=694"},{"taxonomy":"post_tag","embeddable":true,"href":"https:\/\/www.monsiegeamoi.com\/blog\/wp-json\/wp\/v2\/tags?post=694"}],"curies":[{"name":"wp","href":"https:\/\/api.w.org\/{rel}","templated":true}]}}