{"id":693,"date":"2021-04-15T08:00:04","date_gmt":"2021-04-15T08:00:04","guid":{"rendered":"https:\/\/www.monsiegeamoi.com\/blog\/?p=677"},"modified":"2021-07-15T17:10:17","modified_gmt":"2021-07-15T17:10:17","slug":"693","status":"publish","type":"post","link":"https:\/\/www.monsiegeamoi.com\/blog\/en\/2021\/04\/15\/693\/","title":{"rendered":"2021 made-to-measure armchairs laser cut"},"content":{"rendered":"\n<h2>In 2021 we are using a laser to cut your custom-made chairs<\/h2>\n\n\n\n<p>For the assembly of the chairs without tools, great precision is required.&nbsp;This is one of the strengths of our new laser machine.&nbsp;In the video below we invite you to discover how it works on a 1\/6 reading chair model.&nbsp;You will also discover how easy it is to assemble the chairs, without tools.<\/p>\n\n\n\n<figure class=\"wp-block-embed is-type-video is-provider-youtube wp-block-embed-youtube wp-embed-aspect-16-9 wp-has-aspect-ratio\"><div class=\"wp-block-embed__wrapper\">\n<iframe loading=\"lazy\" title=\"Mon SI\u00e8ge \u00e0 Moi armchairs are now laser cut and still very easy to assemble\" width=\"500\" height=\"281\" src=\"https:\/\/www.youtube.com\/embed\/Zee-V48VidM?feature=oembed\" frameborder=\"0\" allow=\"accelerometer; autoplay; clipboard-write; encrypted-media; gyroscope; picture-in-picture\" allowfullscreen><\/iframe>\n<\/div><figcaption>Laser cutting an armchair<\/figcaption><\/figure>\n\n\n\n<h2>Our new 2021 tailor made collection<\/h2>\n\n\n\n<p>The range of custom-made armchairs and sofas has been redesigned and expanded.<br>All the chairs now benefit from a natural oil-based finish, which is more respectful of the environment<\/p>\n\n\n\n<h3>Custom-made armchair for the back&nbsp; <\/h3>\n\n\n\n<p>The tailor-made seat depth allows your back to rest well on the backrest.<br>The armchair has either a mid-height back with a slight inclination or a high back with a more pronounced inclination.<\/p>\n\n\n\n<figure class=\"wp-block-image size-large\"><a href=\"https:\/\/www.monsiegeamoi.com\/fr\/fauteuil-pour-le-dos-sur-mesure\/110-88572-fauteuil-pour-le-dos-fabrique-sur-mesure-dossier-haut-avec-appui-tete.html#\/1-couleur_du_coussin-noir\/18-largeur_du_siege-50_cm\/21-profond_siege-42_cm\/62-hauteur_siege-42_cm\/64-hauteur_dossier-77_cm\"><img decoding=\"async\" loading=\"lazy\" width=\"800\" height=\"800\" src=\"https:\/\/www.monsiegeamoi.com\/blog\/wp-content\/uploads\/2021\/04\/fauteuil-pour-le-dos-fabrique-sur-mesure-dossier-haut-gris-clair-coussin-bleu.jpg\" alt=\"\" class=\"wp-image-680\" srcset=\"https:\/\/www.monsiegeamoi.com\/blog\/wp-content\/uploads\/2021\/04\/fauteuil-pour-le-dos-fabrique-sur-mesure-dossier-haut-gris-clair-coussin-bleu.jpg 800w, https:\/\/www.monsiegeamoi.com\/blog\/wp-content\/uploads\/2021\/04\/fauteuil-pour-le-dos-fabrique-sur-mesure-dossier-haut-gris-clair-coussin-bleu-300x300.jpg 300w, https:\/\/www.monsiegeamoi.com\/blog\/wp-content\/uploads\/2021\/04\/fauteuil-pour-le-dos-fabrique-sur-mesure-dossier-haut-gris-clair-coussin-bleu-150x150.jpg 150w, https:\/\/www.monsiegeamoi.com\/blog\/wp-content\/uploads\/2021\/04\/fauteuil-pour-le-dos-fabrique-sur-mesure-dossier-haut-gris-clair-coussin-bleu-768x768.jpg 768w, https:\/\/www.monsiegeamoi.com\/blog\/wp-content\/uploads\/2021\/04\/fauteuil-pour-le-dos-fabrique-sur-mesure-dossier-haut-gris-clair-coussin-bleu-400x400.jpg 400w\" sizes=\"(max-width: 800px) 100vw, 800px\" \/><\/a><figcaption>Custom-made armchair for the back with headrest&nbsp;<\/figcaption><\/figure>\n\n\n\n<h3>Reading chair tailor made<\/h3>\n\n\n\n<p>Devour a book without getting up thanks to the comfort of the custom-made armchair.<br>A side library allows you to store your favorite books but also your Smartphone or remote controls.<br>As an option, the chair can be fitted with a led reading light attached to the backrest.<\/p>\n\n\n\n<figure class=\"wp-block-image size-large\"><a href=\"https:\/\/www.monsiegeamoi.com\/fr\/12-fauteuil-de-lecture\"><img decoding=\"async\" loading=\"lazy\" width=\"800\" height=\"800\" src=\"https:\/\/www.monsiegeamoi.com\/blog\/wp-content\/uploads\/2021\/04\/fauteuil-de-lecture-dossier-mi-hauteur-couleur-violet.jpg\" alt=\"\u00a0\" class=\"wp-image-682\" srcset=\"https:\/\/www.monsiegeamoi.com\/blog\/wp-content\/uploads\/2021\/04\/fauteuil-de-lecture-dossier-mi-hauteur-couleur-violet.jpg 800w, https:\/\/www.monsiegeamoi.com\/blog\/wp-content\/uploads\/2021\/04\/fauteuil-de-lecture-dossier-mi-hauteur-couleur-violet-300x300.jpg 300w, https:\/\/www.monsiegeamoi.com\/blog\/wp-content\/uploads\/2021\/04\/fauteuil-de-lecture-dossier-mi-hauteur-couleur-violet-150x150.jpg 150w, https:\/\/www.monsiegeamoi.com\/blog\/wp-content\/uploads\/2021\/04\/fauteuil-de-lecture-dossier-mi-hauteur-couleur-violet-768x768.jpg 768w, https:\/\/www.monsiegeamoi.com\/blog\/wp-content\/uploads\/2021\/04\/fauteuil-de-lecture-dossier-mi-hauteur-couleur-violet-400x400.jpg 400w\" sizes=\"(max-width: 800px) 100vw, 800px\" \/><\/a><figcaption>Custom-made reading chair<\/figcaption><\/figure>\n\n\n\n<h3>Custom rocking chair<\/h3>\n\n\n\n<p>Prescribed to the future President Kennedy to relieve his back pain, the rocking chair combines the benefits of tailor-made with gentle physical activity.&nbsp;Take care of your back by keeping moving.<\/p>\n\n\n\n<figure class=\"wp-block-image size-large\"><a href=\"https:\/\/www.monsiegeamoi.com\/fr\/11-fauteuil-a-bascule-sur-mesure\"><img decoding=\"async\" loading=\"lazy\" width=\"1024\" height=\"1024\" src=\"https:\/\/www.monsiegeamoi.com\/blog\/wp-content\/uploads\/2021\/04\/fauteuil-a-bascule-dossier-haut-coussin-anthracite--1024x1024.jpg\" alt=\"\" class=\"wp-image-683\" srcset=\"https:\/\/www.monsiegeamoi.com\/blog\/wp-content\/uploads\/2021\/04\/fauteuil-a-bascule-dossier-haut-coussin-anthracite--1024x1024.jpg 1024w, https:\/\/www.monsiegeamoi.com\/blog\/wp-content\/uploads\/2021\/04\/fauteuil-a-bascule-dossier-haut-coussin-anthracite--300x300.jpg 300w, https:\/\/www.monsiegeamoi.com\/blog\/wp-content\/uploads\/2021\/04\/fauteuil-a-bascule-dossier-haut-coussin-anthracite--150x150.jpg 150w, https:\/\/www.monsiegeamoi.com\/blog\/wp-content\/uploads\/2021\/04\/fauteuil-a-bascule-dossier-haut-coussin-anthracite--768x768.jpg 768w, https:\/\/www.monsiegeamoi.com\/blog\/wp-content\/uploads\/2021\/04\/fauteuil-a-bascule-dossier-haut-coussin-anthracite--900x900.jpg 900w, https:\/\/www.monsiegeamoi.com\/blog\/wp-content\/uploads\/2021\/04\/fauteuil-a-bascule-dossier-haut-coussin-anthracite--400x400.jpg 400w, https:\/\/www.monsiegeamoi.com\/blog\/wp-content\/uploads\/2021\/04\/fauteuil-a-bascule-dossier-haut-coussin-anthracite-.jpg 1500w\" sizes=\"(max-width: 1024px) 100vw, 1024px\" \/><\/a><figcaption>Oiled Medium rocking chair with high backrest&nbsp;<\/figcaption><\/figure>\n\n\n\n<h3>Armchair designed to measure for the elderly<\/h3>\n\n\n\n<p>One of the other key assets of a custom-made chair is that you can sit down and get up with minimal effort.<br>The Senior activity chair offers a lower inclination of the seat to get up more easily or to put the chair around a table.<br>The wing chair offers maximum comfort with its high backrest and side shelf.<\/p>\n\n\n\n<figure class=\"wp-block-image size-large\"><a href=\"https:\/\/www.monsiegeamoi.com\/fr\/24-fauteuil-senior-taille-sur-mesure\"><img decoding=\"async\" loading=\"lazy\" width=\"800\" height=\"800\" src=\"https:\/\/www.monsiegeamoi.com\/blog\/wp-content\/uploads\/2021\/04\/bergere_oreilles_sur_mesure-gris-fonce-2.jpg\" alt=\"\" class=\"wp-image-684\" srcset=\"https:\/\/www.monsiegeamoi.com\/blog\/wp-content\/uploads\/2021\/04\/bergere_oreilles_sur_mesure-gris-fonce-2.jpg 800w, https:\/\/www.monsiegeamoi.com\/blog\/wp-content\/uploads\/2021\/04\/bergere_oreilles_sur_mesure-gris-fonce-2-300x300.jpg 300w, https:\/\/www.monsiegeamoi.com\/blog\/wp-content\/uploads\/2021\/04\/bergere_oreilles_sur_mesure-gris-fonce-2-150x150.jpg 150w, https:\/\/www.monsiegeamoi.com\/blog\/wp-content\/uploads\/2021\/04\/bergere_oreilles_sur_mesure-gris-fonce-2-768x768.jpg 768w, https:\/\/www.monsiegeamoi.com\/blog\/wp-content\/uploads\/2021\/04\/bergere_oreilles_sur_mesure-gris-fonce-2-400x400.jpg 400w\" sizes=\"(max-width: 800px) 100vw, 800px\" \/><\/a><figcaption>Wing chair made to the user&rsquo;s measurements&nbsp;<\/figcaption><\/figure>\n\n\n\n<p><\/p>\n","protected":false},"excerpt":{"rendered":"<p>In 2021 we are using a laser to cut your custom-made chairs For the assembly of the chairs without tools, great precision is required.&nbsp;This is one of the strengths of our new laser machine.&nbsp;In the video below we invite you to discover how it works on a 1\/6 reading chair model.&nbsp;You will also discover how &hellip; <\/p>\n","protected":false},"author":1,"featured_media":696,"comment_status":"open","ping_status":"closed","sticky":true,"template":"","format":"standard","meta":[],"categories":[60,62,66,57,70],"tags":[],"yoast_head":"<!-- This site is optimized with the Yoast SEO plugin v18.0 - https:\/\/yoast.com\/wordpress\/plugins\/seo\/ -->\n<title>2021 made-to-measure armchairs laser cut - Blog des fauteuils sur mesure<\/title>\n<meta name=\"robots\" content=\"index, follow, max-snippet:-1, max-image-preview:large, max-video-preview:-1\" \/>\n<link rel=\"canonical\" href=\"https:\/\/www.monsiegeamoi.com\/blog\/en\/2021\/04\/15\/693\/\" \/>\n<meta property=\"og:locale\" content=\"fr_FR\" \/>\n<meta property=\"og:type\" content=\"article\" \/>\n<meta property=\"og:title\" content=\"2021 made-to-measure armchairs laser cut - Blog des fauteuils sur mesure\" \/>\n<meta property=\"og:description\" content=\"In 2021 we are using a laser to cut your custom-made chairs For the assembly of the chairs without tools, great precision is required.&nbsp;This is one of the strengths of our new laser machine.&nbsp;In the video below we invite you to discover how it works on a 1\/6 reading chair model.&nbsp;You will also discover how &hellip;\" \/>\n<meta property=\"og:url\" content=\"https:\/\/www.monsiegeamoi.com\/blog\/en\/2021\/04\/15\/693\/\" \/>\n<meta property=\"og:site_name\" content=\"Blog des fauteuils sur mesure\" \/>\n<meta property=\"article:publisher\" content=\"https:\/\/www.facebook.com\/msam.fr\/\" \/>\n<meta property=\"article:published_time\" content=\"2021-04-15T08:00:04+00:00\" \/>\n<meta property=\"article:modified_time\" content=\"2021-07-15T17:10:17+00:00\" \/>\n<meta property=\"og:image\" content=\"https:\/\/www.monsiegeamoi.com\/blog\/wp-content\/uploads\/2021\/04\/tailor-made-armchair-collection-2021-mon-siege-a-moi-laser-cut.jpg\" \/>\n\t<meta property=\"og:image:width\" content=\"863\" \/>\n\t<meta property=\"og:image:height\" content=\"636\" \/>\n\t<meta property=\"og:image:type\" content=\"image\/jpeg\" \/>\n<meta name=\"twitter:card\" content=\"summary_large_image\" \/>\n<meta name=\"twitter:label1\" content=\"\u00c9crit par\" \/>\n\t<meta name=\"twitter:data1\" content=\"Bruno DUVAL\" \/>\n\t<meta name=\"twitter:label2\" content=\"Dur\u00e9e de lecture estim\u00e9e\" \/>\n\t<meta name=\"twitter:data2\" content=\"3 minutes\" \/>\n<script type=\"application\/ld+json\" class=\"yoast-schema-graph\">{\"@context\":\"https:\/\/schema.org\",\"@graph\":[{\"@type\":\"Organization\",\"@id\":\"https:\/\/www.monsiegeamoi.com\/blog\/#organization\",\"name\":\"mon si\u00e8ge \u00e0 moi\",\"url\":\"https:\/\/www.monsiegeamoi.com\/blog\/\",\"sameAs\":[\"https:\/\/www.facebook.com\/msam.fr\/\",\"https:\/\/www.instagram.com\/mon_siege_a_moi\/\",\"https:\/\/www.linkedin.com\/company\/35628798\/admin\/\",\"https:\/\/www.youtube.com\/channel\/UCdd1LuYl2T3uLrnreIEbx2g\",\"https:\/\/www.pinterest.fr\/bduval0428\/\"],\"logo\":{\"@type\":\"ImageObject\",\"@id\":\"https:\/\/www.monsiegeamoi.com\/blog\/#logo\",\"inLanguage\":\"fr-FR\",\"url\":\"https:\/\/www.monsiegeamoi.com\/blog\/wp-content\/uploads\/2020\/01\/logo-msam-carre-1.png\",\"contentUrl\":\"https:\/\/www.monsiegeamoi.com\/blog\/wp-content\/uploads\/2020\/01\/logo-msam-carre-1.png\",\"width\":350,\"height\":350,\"caption\":\"mon si\u00e8ge \u00e0 moi\"},\"image\":{\"@id\":\"https:\/\/www.monsiegeamoi.com\/blog\/#logo\"}},{\"@type\":\"WebSite\",\"@id\":\"https:\/\/www.monsiegeamoi.com\/blog\/#website\",\"url\":\"https:\/\/www.monsiegeamoi.com\/blog\/\",\"name\":\"Fauteuils et innovations\",\"description\":\"D\u00e9couvrez l&#039;histoire et l&#039;actualit\u00e9 des fauteuils sur mesure\",\"publisher\":{\"@id\":\"https:\/\/www.monsiegeamoi.com\/blog\/#organization\"},\"potentialAction\":[{\"@type\":\"SearchAction\",\"target\":{\"@type\":\"EntryPoint\",\"urlTemplate\":\"https:\/\/www.monsiegeamoi.com\/blog\/?s={search_term_string}\"},\"query-input\":\"required name=search_term_string\"}],\"inLanguage\":\"fr-FR\"},{\"@type\":\"ImageObject\",\"@id\":\"https:\/\/www.monsiegeamoi.com\/blog\/en\/2021\/04\/15\/693\/#primaryimage\",\"inLanguage\":\"fr-FR\",\"url\":\"https:\/\/www.monsiegeamoi.com\/blog\/wp-content\/uploads\/2021\/04\/tailor-made-armchair-collection-2021-mon-siege-a-moi-laser-cut.jpg\",\"contentUrl\":\"https:\/\/www.monsiegeamoi.com\/blog\/wp-content\/uploads\/2021\/04\/tailor-made-armchair-collection-2021-mon-siege-a-moi-laser-cut.jpg\",\"width\":863,\"height\":636,\"caption\":\"Our 2021 collection laser cut\"},{\"@type\":\"WebPage\",\"@id\":\"https:\/\/www.monsiegeamoi.com\/blog\/en\/2021\/04\/15\/693\/#webpage\",\"url\":\"https:\/\/www.monsiegeamoi.com\/blog\/en\/2021\/04\/15\/693\/\",\"name\":\"2021 made-to-measure armchairs laser cut - Blog des fauteuils sur mesure\",\"isPartOf\":{\"@id\":\"https:\/\/www.monsiegeamoi.com\/blog\/#website\"},\"primaryImageOfPage\":{\"@id\":\"https:\/\/www.monsiegeamoi.com\/blog\/en\/2021\/04\/15\/693\/#primaryimage\"},\"datePublished\":\"2021-04-15T08:00:04+00:00\",\"dateModified\":\"2021-07-15T17:10:17+00:00\",\"breadcrumb\":{\"@id\":\"https:\/\/www.monsiegeamoi.com\/blog\/en\/2021\/04\/15\/693\/#breadcrumb\"},\"inLanguage\":\"fr-FR\",\"potentialAction\":[{\"@type\":\"ReadAction\",\"target\":[\"https:\/\/www.monsiegeamoi.com\/blog\/en\/2021\/04\/15\/693\/\"]}]},{\"@type\":\"BreadcrumbList\",\"@id\":\"https:\/\/www.monsiegeamoi.com\/blog\/en\/2021\/04\/15\/693\/#breadcrumb\",\"itemListElement\":[{\"@type\":\"ListItem\",\"position\":1,\"name\":\"Accueil\",\"item\":\"https:\/\/www.monsiegeamoi.com\/blog\/\"},{\"@type\":\"ListItem\",\"position\":2,\"name\":\"2021 made-to-measure armchairs laser cut\"}]},{\"@type\":\"Article\",\"@id\":\"https:\/\/www.monsiegeamoi.com\/blog\/en\/2021\/04\/15\/693\/#article\",\"isPartOf\":{\"@id\":\"https:\/\/www.monsiegeamoi.com\/blog\/en\/2021\/04\/15\/693\/#webpage\"},\"author\":{\"@id\":\"https:\/\/www.monsiegeamoi.com\/blog\/#\/schema\/person\/6c2e4ef71c12dc348f70f48155da5c66\"},\"headline\":\"2021 made-to-measure armchairs laser cut\",\"datePublished\":\"2021-04-15T08:00:04+00:00\",\"dateModified\":\"2021-07-15T17:10:17+00:00\",\"mainEntityOfPage\":{\"@id\":\"https:\/\/www.monsiegeamoi.com\/blog\/en\/2021\/04\/15\/693\/#webpage\"},\"wordCount\":334,\"commentCount\":0,\"publisher\":{\"@id\":\"https:\/\/www.monsiegeamoi.com\/blog\/#organization\"},\"image\":{\"@id\":\"https:\/\/www.monsiegeamoi.com\/blog\/en\/2021\/04\/15\/693\/#primaryimage\"},\"thumbnailUrl\":\"https:\/\/www.monsiegeamoi.com\/blog\/wp-content\/uploads\/2021\/04\/tailor-made-armchair-collection-2021-mon-siege-a-moi-laser-cut.jpg\",\"articleSection\":[\"Armchair ergonomy\",\"Comfort of the armchairs\",\"Eco-responsible manufacturing\",\"Innovations in seating\",\"Structural innovations\"],\"inLanguage\":\"fr-FR\",\"potentialAction\":[{\"@type\":\"CommentAction\",\"name\":\"Comment\",\"target\":[\"https:\/\/www.monsiegeamoi.com\/blog\/en\/2021\/04\/15\/693\/#respond\"]}]},{\"@type\":\"Person\",\"@id\":\"https:\/\/www.monsiegeamoi.com\/blog\/#\/schema\/person\/6c2e4ef71c12dc348f70f48155da5c66\",\"name\":\"Bruno DUVAL\",\"image\":{\"@type\":\"ImageObject\",\"@id\":\"https:\/\/www.monsiegeamoi.com\/blog\/#personlogo\",\"inLanguage\":\"fr-FR\",\"url\":\"https:\/\/secure.gravatar.com\/avatar\/d72ff8c522ba9b71838f031c69c2f326?s=96&d=mm&r=g\",\"contentUrl\":\"https:\/\/secure.gravatar.com\/avatar\/d72ff8c522ba9b71838f031c69c2f326?s=96&d=mm&r=g\",\"caption\":\"Bruno DUVAL\"},\"url\":\"https:\/\/www.monsiegeamoi.com\/blog\/author\/bruno-duval44gmail-com\/\"}]}<\/script>\n<!-- \/ Yoast SEO plugin. -->","yoast_head_json":{"title":"2021 made-to-measure armchairs laser cut - Blog des fauteuils sur mesure","robots":{"index":"index","follow":"follow","max-snippet":"max-snippet:-1","max-image-preview":"max-image-preview:large","max-video-preview":"max-video-preview:-1"},"canonical":"https:\/\/www.monsiegeamoi.com\/blog\/en\/2021\/04\/15\/693\/","og_locale":"fr_FR","og_type":"article","og_title":"2021 made-to-measure armchairs laser cut - Blog des fauteuils sur mesure","og_description":"In 2021 we are using a laser to cut your custom-made chairs For the assembly of the chairs without tools, great precision is required.&nbsp;This is one of the strengths of our new laser machine.&nbsp;In the video below we invite you to discover how it works on a 1\/6 reading chair model.&nbsp;You will also discover how &hellip;","og_url":"https:\/\/www.monsiegeamoi.com\/blog\/en\/2021\/04\/15\/693\/","og_site_name":"Blog des fauteuils sur mesure","article_publisher":"https:\/\/www.facebook.com\/msam.fr\/","article_published_time":"2021-04-15T08:00:04+00:00","article_modified_time":"2021-07-15T17:10:17+00:00","og_image":[{"width":863,"height":636,"url":"https:\/\/www.monsiegeamoi.com\/blog\/wp-content\/uploads\/2021\/04\/tailor-made-armchair-collection-2021-mon-siege-a-moi-laser-cut.jpg","type":"image\/jpeg"}],"twitter_card":"summary_large_image","twitter_misc":{"\u00c9crit par":"Bruno DUVAL","Dur\u00e9e de lecture estim\u00e9e":"3 minutes"},"schema":{"@context":"https:\/\/schema.org","@graph":[{"@type":"Organization","@id":"https:\/\/www.monsiegeamoi.com\/blog\/#organization","name":"mon si\u00e8ge \u00e0 moi","url":"https:\/\/www.monsiegeamoi.com\/blog\/","sameAs":["https:\/\/www.facebook.com\/msam.fr\/","https:\/\/www.instagram.com\/mon_siege_a_moi\/","https:\/\/www.linkedin.com\/company\/35628798\/admin\/","https:\/\/www.youtube.com\/channel\/UCdd1LuYl2T3uLrnreIEbx2g","https:\/\/www.pinterest.fr\/bduval0428\/"],"logo":{"@type":"ImageObject","@id":"https:\/\/www.monsiegeamoi.com\/blog\/#logo","inLanguage":"fr-FR","url":"https:\/\/www.monsiegeamoi.com\/blog\/wp-content\/uploads\/2020\/01\/logo-msam-carre-1.png","contentUrl":"https:\/\/www.monsiegeamoi.com\/blog\/wp-content\/uploads\/2020\/01\/logo-msam-carre-1.png","width":350,"height":350,"caption":"mon si\u00e8ge \u00e0 moi"},"image":{"@id":"https:\/\/www.monsiegeamoi.com\/blog\/#logo"}},{"@type":"WebSite","@id":"https:\/\/www.monsiegeamoi.com\/blog\/#website","url":"https:\/\/www.monsiegeamoi.com\/blog\/","name":"Fauteuils et innovations","description":"D\u00e9couvrez l&#039;histoire et l&#039;actualit\u00e9 des fauteuils sur mesure","publisher":{"@id":"https:\/\/www.monsiegeamoi.com\/blog\/#organization"},"potentialAction":[{"@type":"SearchAction","target":{"@type":"EntryPoint","urlTemplate":"https:\/\/www.monsiegeamoi.com\/blog\/?s={search_term_string}"},"query-input":"required name=search_term_string"}],"inLanguage":"fr-FR"},{"@type":"ImageObject","@id":"https:\/\/www.monsiegeamoi.com\/blog\/en\/2021\/04\/15\/693\/#primaryimage","inLanguage":"fr-FR","url":"https:\/\/www.monsiegeamoi.com\/blog\/wp-content\/uploads\/2021\/04\/tailor-made-armchair-collection-2021-mon-siege-a-moi-laser-cut.jpg","contentUrl":"https:\/\/www.monsiegeamoi.com\/blog\/wp-content\/uploads\/2021\/04\/tailor-made-armchair-collection-2021-mon-siege-a-moi-laser-cut.jpg","width":863,"height":636,"caption":"Our 2021 collection laser cut"},{"@type":"WebPage","@id":"https:\/\/www.monsiegeamoi.com\/blog\/en\/2021\/04\/15\/693\/#webpage","url":"https:\/\/www.monsiegeamoi.com\/blog\/en\/2021\/04\/15\/693\/","name":"2021 made-to-measure armchairs laser cut - Blog des fauteuils sur mesure","isPartOf":{"@id":"https:\/\/www.monsiegeamoi.com\/blog\/#website"},"primaryImageOfPage":{"@id":"https:\/\/www.monsiegeamoi.com\/blog\/en\/2021\/04\/15\/693\/#primaryimage"},"datePublished":"2021-04-15T08:00:04+00:00","dateModified":"2021-07-15T17:10:17+00:00","breadcrumb":{"@id":"https:\/\/www.monsiegeamoi.com\/blog\/en\/2021\/04\/15\/693\/#breadcrumb"},"inLanguage":"fr-FR","potentialAction":[{"@type":"ReadAction","target":["https:\/\/www.monsiegeamoi.com\/blog\/en\/2021\/04\/15\/693\/"]}]},{"@type":"BreadcrumbList","@id":"https:\/\/www.monsiegeamoi.com\/blog\/en\/2021\/04\/15\/693\/#breadcrumb","itemListElement":[{"@type":"ListItem","position":1,"name":"Accueil","item":"https:\/\/www.monsiegeamoi.com\/blog\/"},{"@type":"ListItem","position":2,"name":"2021 made-to-measure armchairs laser cut"}]},{"@type":"Article","@id":"https:\/\/www.monsiegeamoi.com\/blog\/en\/2021\/04\/15\/693\/#article","isPartOf":{"@id":"https:\/\/www.monsiegeamoi.com\/blog\/en\/2021\/04\/15\/693\/#webpage"},"author":{"@id":"https:\/\/www.monsiegeamoi.com\/blog\/#\/schema\/person\/6c2e4ef71c12dc348f70f48155da5c66"},"headline":"2021 made-to-measure armchairs laser cut","datePublished":"2021-04-15T08:00:04+00:00","dateModified":"2021-07-15T17:10:17+00:00","mainEntityOfPage":{"@id":"https:\/\/www.monsiegeamoi.com\/blog\/en\/2021\/04\/15\/693\/#webpage"},"wordCount":334,"commentCount":0,"publisher":{"@id":"https:\/\/www.monsiegeamoi.com\/blog\/#organization"},"image":{"@id":"https:\/\/www.monsiegeamoi.com\/blog\/en\/2021\/04\/15\/693\/#primaryimage"},"thumbnailUrl":"https:\/\/www.monsiegeamoi.com\/blog\/wp-content\/uploads\/2021\/04\/tailor-made-armchair-collection-2021-mon-siege-a-moi-laser-cut.jpg","articleSection":["Armchair ergonomy","Comfort of the armchairs","Eco-responsible manufacturing","Innovations in seating","Structural innovations"],"inLanguage":"fr-FR","potentialAction":[{"@type":"CommentAction","name":"Comment","target":["https:\/\/www.monsiegeamoi.com\/blog\/en\/2021\/04\/15\/693\/#respond"]}]},{"@type":"Person","@id":"https:\/\/www.monsiegeamoi.com\/blog\/#\/schema\/person\/6c2e4ef71c12dc348f70f48155da5c66","name":"Bruno DUVAL","image":{"@type":"ImageObject","@id":"https:\/\/www.monsiegeamoi.com\/blog\/#personlogo","inLanguage":"fr-FR","url":"https:\/\/secure.gravatar.com\/avatar\/d72ff8c522ba9b71838f031c69c2f326?s=96&d=mm&r=g","contentUrl":"https:\/\/secure.gravatar.com\/avatar\/d72ff8c522ba9b71838f031c69c2f326?s=96&d=mm&r=g","caption":"Bruno DUVAL"},"url":"https:\/\/www.monsiegeamoi.com\/blog\/author\/bruno-duval44gmail-com\/"}]}},"_links":{"self":[{"href":"https:\/\/www.monsiegeamoi.com\/blog\/wp-json\/wp\/v2\/posts\/693"}],"collection":[{"href":"https:\/\/www.monsiegeamoi.com\/blog\/wp-json\/wp\/v2\/posts"}],"about":[{"href":"https:\/\/www.monsiegeamoi.com\/blog\/wp-json\/wp\/v2\/types\/post"}],"author":[{"embeddable":true,"href":"https:\/\/www.monsiegeamoi.com\/blog\/wp-json\/wp\/v2\/users\/1"}],"replies":[{"embeddable":true,"href":"https:\/\/www.monsiegeamoi.com\/blog\/wp-json\/wp\/v2\/comments?post=693"}],"version-history":[{"count":3,"href":"https:\/\/www.monsiegeamoi.com\/blog\/wp-json\/wp\/v2\/posts\/693\/revisions"}],"predecessor-version":[{"id":807,"href":"https:\/\/www.monsiegeamoi.com\/blog\/wp-json\/wp\/v2\/posts\/693\/revisions\/807"}],"wp:featuredmedia":[{"embeddable":true,"href":"https:\/\/www.monsiegeamoi.com\/blog\/wp-json\/wp\/v2\/media\/696"}],"wp:attachment":[{"href":"https:\/\/www.monsiegeamoi.com\/blog\/wp-json\/wp\/v2\/media?parent=693"}],"wp:term":[{"taxonomy":"category","embeddable":true,"href":"https:\/\/www.monsiegeamoi.com\/blog\/wp-json\/wp\/v2\/categories?post=693"},{"taxonomy":"post_tag","embeddable":true,"href":"https:\/\/www.monsiegeamoi.com\/blog\/wp-json\/wp\/v2\/tags?post=693"}],"curies":[{"name":"wp","href":"https:\/\/api.w.org\/{rel}","templated":true}]}}