{"id":677,"date":"2021-04-15T08:00:04","date_gmt":"2021-04-15T08:00:04","guid":{"rendered":"https:\/\/www.monsiegeamoi.com\/blog\/?p=677"},"modified":"2021-04-24T14:56:29","modified_gmt":"2021-04-24T14:56:29","slug":"reprise-de-la-fabrication-des-fauteuils-mon-siege-a-moi","status":"publish","type":"post","link":"https:\/\/www.monsiegeamoi.com\/blog\/fr\/2021\/04\/15\/reprise-de-la-fabrication-des-fauteuils-mon-siege-a-moi\/","title":{"rendered":"\u00ab\u00a0Mon Si\u00e8ge \u00e0 Moi\u00a0\u00bb investit dans la d\u00e9coupe laser pour la fabrication de ses fauteuils sur mesure \u00e0 Montaigu-Vend\u00e9e"},"content":{"rendered":"\n<p><a href=\"https:\/\/www.monsiegeamoi.com\/blog\/wp-content\/uploads\/2021\/04\/communique-presse-mon-siege-a-moi-fabrication-laser-avril-2021.pdf\">Lien vers le pdf de ce communiqu\u00e9 de presse<\/a><br><br>En investissant dans une d\u00e9coupe num\u00e9rique laser Mon Si\u00e8ge \u00e0 Moi joue la pr\u00e9cision pour la fabrication de ses fauteuils sur-mesure.<\/p>\n\n\n\n<h2>Les atouts d&rsquo;un fauteuil sur-mesure<\/h2>\n\n\n\n<p>Un Jean pr\u00eat \u00e0 porter se d\u00e9cline en 13 tailles et 3 longueurs soit 39 combinaisons. Un fauteuil est disponible en une, ou deux tailles. <br>Par cons\u00e9quent il y a plus de 90% de chance que vous soyez mal assis dans un fauteuil : assise trop haute ou trop basse, trop courte ou trop profonde, trop \u00e9troite ou trop large. <br>Mon Si\u00e8ge \u00e0 Moi vous propose de r\u00e9aliser un fauteuil \u00e0 votre taille, pour que vous y soyez aussi \u00e0 l&rsquo;aise que dans vos v\u00eatements. <br>Pourquoi ? Avoir une bonne posture, prendre soin de votre dos, am\u00e9liorez la circulation, se relevez plus facilement, avoir les pieds qui touchent le sol, ne plus avoir les genoux dans le menton, etc &#8230; <\/p>\n\n\n\n<h2>Un laser pour d\u00e9couper les fauteuils sur-mesure avec une grande pr\u00e9cision<\/h2>\n\n\n\n<p>Pour que le prix final et le d\u00e9lai soient semblables \u00e0 celui d&rsquo;un fauteuil design classique le pi\u00e9tement du fauteuil est compos\u00e9 de 4 panneaux livr\u00e9s \u00e0 plat et dont l&rsquo;assemblage ne n\u00e9cessite aucun outil. La structure re\u00e7oit ensuite des coussins eux-m\u00eames r\u00e9alis\u00e9s sur-mesure. <br>Pour l&rsquo;assemblage des fauteuils sans outil une grande pr\u00e9cision est n\u00e9cessaire. La d\u00e9coupe laser offre cette pr\u00e9cision et une grande souplesse de production. Dans la vid\u00e9o ci dessous nous vous invitons \u00e0 d\u00e9couvrir la r\u00e9alisation d&rsquo;une structure et son assemblage avec une maquette de fauteuil au 1\/6. <\/p>\n\n\n\n<figure class=\"wp-block-embed is-type-video is-provider-youtube wp-block-embed-youtube wp-embed-aspect-16-9 wp-has-aspect-ratio\"><div class=\"wp-block-embed__wrapper\">\n<iframe loading=\"lazy\" title=\"Fabrication de fauteuils sur-mesure avec un laser\" width=\"500\" height=\"281\" src=\"https:\/\/www.youtube.com\/embed\/qvl4wVKJVvw?start=26&#038;feature=oembed\" frameborder=\"0\" allow=\"accelerometer; autoplay; clipboard-write; encrypted-media; gyroscope; picture-in-picture\" allowfullscreen><\/iframe>\n<\/div><\/figure>\n\n\n\n<h2>Nouvelle gamme de fauteuils Mon Si\u00e8ge \u00e0 Moi 2021<\/h2>\n\n\n\n<p>La gamme des fauteuils et canap\u00e9s sur mesure a \u00e9t\u00e9 red\u00e9coup\u00e9e et enrichie.<br>Tous les fauteuils b\u00e9n\u00e9ficient \u00e0 pr\u00e9sent d&rsquo;une finition \u00e0 base d&rsquo;huiles naturelles, plus respectueuse de l&rsquo;environnement. <\/p>\n\n\n\n<h3>Fauteuil sur-mesure pour le dos<\/h3>\n\n\n\n<p>La profondeur d&rsquo;assise sur mesure permet d&rsquo;avoir le dos bien en appui sur le dossier. <br>Le fauteuil a soit un dossier mi-hauteur avec une inclinaison l\u00e9g\u00e8re soit un dossier haut avec une inclinaison plus marqu\u00e9e. <\/p>\n\n\n\n<figure class=\"wp-block-image size-large\"><a href=\"https:\/\/www.monsiegeamoi.com\/fr\/fauteuil-pour-le-dos-sur-mesure\/110-88572-fauteuil-pour-le-dos-fabrique-sur-mesure-dossier-haut-avec-appui-tete.html#\/1-couleur_du_coussin-noir\/18-largeur_du_siege-50_cm\/21-profond_siege-42_cm\/62-hauteur_siege-42_cm\/64-hauteur_dossier-77_cm\"><img decoding=\"async\" loading=\"lazy\" width=\"800\" height=\"800\" src=\"https:\/\/www.monsiegeamoi.com\/blog\/wp-content\/uploads\/2021\/04\/fauteuil-pour-le-dos-fabrique-sur-mesure-dossier-haut-gris-clair-coussin-bleu.jpg\" alt=\"\" class=\"wp-image-680\" srcset=\"https:\/\/www.monsiegeamoi.com\/blog\/wp-content\/uploads\/2021\/04\/fauteuil-pour-le-dos-fabrique-sur-mesure-dossier-haut-gris-clair-coussin-bleu.jpg 800w, https:\/\/www.monsiegeamoi.com\/blog\/wp-content\/uploads\/2021\/04\/fauteuil-pour-le-dos-fabrique-sur-mesure-dossier-haut-gris-clair-coussin-bleu-300x300.jpg 300w, https:\/\/www.monsiegeamoi.com\/blog\/wp-content\/uploads\/2021\/04\/fauteuil-pour-le-dos-fabrique-sur-mesure-dossier-haut-gris-clair-coussin-bleu-150x150.jpg 150w, https:\/\/www.monsiegeamoi.com\/blog\/wp-content\/uploads\/2021\/04\/fauteuil-pour-le-dos-fabrique-sur-mesure-dossier-haut-gris-clair-coussin-bleu-768x768.jpg 768w, https:\/\/www.monsiegeamoi.com\/blog\/wp-content\/uploads\/2021\/04\/fauteuil-pour-le-dos-fabrique-sur-mesure-dossier-haut-gris-clair-coussin-bleu-400x400.jpg 400w\" sizes=\"(max-width: 800px) 100vw, 800px\" \/><\/a><figcaption>Fauteuil sur mesure pour le dos avec appui-t\u00eate<\/figcaption><\/figure>\n\n\n\n<h3>Fauteuil de lecture \u00e0 votre taille<\/h3>\n\n\n\n<p>D\u00e9vorez un livre sans vous levez gr\u00e2ce au confort du fauteuil sur-mesure. <br>Une biblioth\u00e8que lat\u00e9rale permet de stocker ses livres pr\u00e9f\u00e9r\u00e9s mais aussi son Smartphone ou des t\u00e9l\u00e9commandes. <br>En option le fauteuil peut \u00eatre \u00e9quip\u00e9 d&rsquo;une liseuse \u00e0 led fix\u00e9e au dossier. <\/p>\n\n\n\n<figure class=\"wp-block-image size-large\"><a href=\"https:\/\/www.monsiegeamoi.com\/fr\/12-fauteuil-de-lecture\"><img decoding=\"async\" loading=\"lazy\" width=\"800\" height=\"800\" src=\"https:\/\/www.monsiegeamoi.com\/blog\/wp-content\/uploads\/2021\/04\/fauteuil-de-lecture-dossier-mi-hauteur-couleur-violet.jpg\" alt=\"Fauteuil de lecture sur-mesure\" class=\"wp-image-682\" srcset=\"https:\/\/www.monsiegeamoi.com\/blog\/wp-content\/uploads\/2021\/04\/fauteuil-de-lecture-dossier-mi-hauteur-couleur-violet.jpg 800w, https:\/\/www.monsiegeamoi.com\/blog\/wp-content\/uploads\/2021\/04\/fauteuil-de-lecture-dossier-mi-hauteur-couleur-violet-300x300.jpg 300w, https:\/\/www.monsiegeamoi.com\/blog\/wp-content\/uploads\/2021\/04\/fauteuil-de-lecture-dossier-mi-hauteur-couleur-violet-150x150.jpg 150w, https:\/\/www.monsiegeamoi.com\/blog\/wp-content\/uploads\/2021\/04\/fauteuil-de-lecture-dossier-mi-hauteur-couleur-violet-768x768.jpg 768w, https:\/\/www.monsiegeamoi.com\/blog\/wp-content\/uploads\/2021\/04\/fauteuil-de-lecture-dossier-mi-hauteur-couleur-violet-400x400.jpg 400w\" sizes=\"(max-width: 800px) 100vw, 800px\" \/><\/a><figcaption>Fauteuil de lecture sur-mesure<\/figcaption><\/figure>\n\n\n\n<h3>Fauteuil \u00e0 bascule personnalis\u00e9<\/h3>\n\n\n\n<p>Prescrit au futur pr\u00e9sident Kennedy pour soulager son mal de dos le fauteuil \u00e0 bascule associe les bienfaits du sur-mesure \u00e0 une activit\u00e9 physique douce. Prenez soin de votre dos en restant en mouvement. <\/p>\n\n\n\n<figure class=\"wp-block-image size-large\"><a href=\"https:\/\/www.monsiegeamoi.com\/fr\/11-fauteuil-a-bascule-sur-mesure\"><img decoding=\"async\" loading=\"lazy\" width=\"1024\" height=\"1024\" src=\"https:\/\/www.monsiegeamoi.com\/blog\/wp-content\/uploads\/2021\/04\/fauteuil-a-bascule-dossier-haut-coussin-anthracite--1024x1024.jpg\" alt=\"\" class=\"wp-image-683\" srcset=\"https:\/\/www.monsiegeamoi.com\/blog\/wp-content\/uploads\/2021\/04\/fauteuil-a-bascule-dossier-haut-coussin-anthracite--1024x1024.jpg 1024w, https:\/\/www.monsiegeamoi.com\/blog\/wp-content\/uploads\/2021\/04\/fauteuil-a-bascule-dossier-haut-coussin-anthracite--300x300.jpg 300w, https:\/\/www.monsiegeamoi.com\/blog\/wp-content\/uploads\/2021\/04\/fauteuil-a-bascule-dossier-haut-coussin-anthracite--150x150.jpg 150w, https:\/\/www.monsiegeamoi.com\/blog\/wp-content\/uploads\/2021\/04\/fauteuil-a-bascule-dossier-haut-coussin-anthracite--768x768.jpg 768w, https:\/\/www.monsiegeamoi.com\/blog\/wp-content\/uploads\/2021\/04\/fauteuil-a-bascule-dossier-haut-coussin-anthracite--900x900.jpg 900w, https:\/\/www.monsiegeamoi.com\/blog\/wp-content\/uploads\/2021\/04\/fauteuil-a-bascule-dossier-haut-coussin-anthracite--400x400.jpg 400w, https:\/\/www.monsiegeamoi.com\/blog\/wp-content\/uploads\/2021\/04\/fauteuil-a-bascule-dossier-haut-coussin-anthracite-.jpg 1500w\" sizes=\"(max-width: 1024px) 100vw, 1024px\" \/><\/a><figcaption>Fauteuil \u00e0 bascule en Medium huil\u00e9 avec dossier haut<\/figcaption><\/figure>\n\n\n\n<h3>Fauteuil pour les seniors<\/h3>\n\n\n\n<p>Un des autres atouts cl\u00e9s d&rsquo;un fauteuil sur-mesure et de pouvoir s&rsquo;y asseoir et s&rsquo;y relever avec un minimum d&rsquo;effort. <br>Le fauteuil d&rsquo;activit\u00e9 Senior offre une inclinaison plus faible de l&rsquo;assise pour se relever plus facilement ou pour mettre le fauteuil autour d&rsquo;une table.<br>Le fauteuil \u00e0 oreilles offre une maximum de confort avec son dossier haut et son \u00e9tag\u00e8re lat\u00e9rale. <\/p>\n\n\n\n<figure class=\"wp-block-image size-large\"><a href=\"https:\/\/www.monsiegeamoi.com\/fr\/24-fauteuil-senior-taille-sur-mesure\"><img decoding=\"async\" loading=\"lazy\" width=\"800\" height=\"800\" src=\"https:\/\/www.monsiegeamoi.com\/blog\/wp-content\/uploads\/2021\/04\/bergere_oreilles_sur_mesure-gris-fonce-2.jpg\" alt=\"\" class=\"wp-image-684\" srcset=\"https:\/\/www.monsiegeamoi.com\/blog\/wp-content\/uploads\/2021\/04\/bergere_oreilles_sur_mesure-gris-fonce-2.jpg 800w, https:\/\/www.monsiegeamoi.com\/blog\/wp-content\/uploads\/2021\/04\/bergere_oreilles_sur_mesure-gris-fonce-2-300x300.jpg 300w, https:\/\/www.monsiegeamoi.com\/blog\/wp-content\/uploads\/2021\/04\/bergere_oreilles_sur_mesure-gris-fonce-2-150x150.jpg 150w, https:\/\/www.monsiegeamoi.com\/blog\/wp-content\/uploads\/2021\/04\/bergere_oreilles_sur_mesure-gris-fonce-2-768x768.jpg 768w, https:\/\/www.monsiegeamoi.com\/blog\/wp-content\/uploads\/2021\/04\/bergere_oreilles_sur_mesure-gris-fonce-2-400x400.jpg 400w\" sizes=\"(max-width: 800px) 100vw, 800px\" \/><\/a><figcaption>Berg\u00e8re \u00e0 oreilles fabriqu\u00e9e aux mensurations de l&rsquo;utilisateur<\/figcaption><\/figure>\n\n\n\n<p><\/p>\n","protected":false},"excerpt":{"rendered":"<p>Lien vers le pdf de ce communiqu\u00e9 de presse En investissant dans une d\u00e9coupe num\u00e9rique laser Mon Si\u00e8ge \u00e0 Moi joue la pr\u00e9cision pour la fabrication de ses fauteuils sur-mesure. Les atouts d&rsquo;un fauteuil sur-mesure Un Jean pr\u00eat \u00e0 porter se d\u00e9cline en 13 tailles et 3 longueurs soit 39 combinaisons. Un fauteuil est disponible &hellip; <\/p>\n","protected":false},"author":1,"featured_media":708,"comment_status":"open","ping_status":"closed","sticky":true,"template":"","format":"standard","meta":[],"categories":[50,15,13,14,96,2],"tags":[158],"yoast_head":"<!-- This site is optimized with the Yoast SEO plugin v18.0 - https:\/\/yoast.com\/wordpress\/plugins\/seo\/ -->\n<title>\u00ab\u00a0Mon Si\u00e8ge \u00e0 Moi\u00a0\u00bb investit dans la d\u00e9coupe laser pour la fabrication de ses fauteuils sur mesure \u00e0 Montaigu-Vend\u00e9e - Blog des fauteuils sur mesure<\/title>\n<meta name=\"robots\" content=\"index, follow, max-snippet:-1, max-image-preview:large, max-video-preview:-1\" \/>\n<link rel=\"canonical\" href=\"https:\/\/www.monsiegeamoi.com\/blog\/fr\/2021\/04\/15\/reprise-de-la-fabrication-des-fauteuils-mon-siege-a-moi\/\" \/>\n<meta property=\"og:locale\" content=\"fr_FR\" \/>\n<meta property=\"og:type\" content=\"article\" \/>\n<meta property=\"og:title\" content=\"\u00ab\u00a0Mon Si\u00e8ge \u00e0 Moi\u00a0\u00bb investit dans la d\u00e9coupe laser pour la fabrication de ses fauteuils sur mesure \u00e0 Montaigu-Vend\u00e9e - Blog des fauteuils sur mesure\" \/>\n<meta property=\"og:description\" content=\"Lien vers le pdf de ce communiqu\u00e9 de presse En investissant dans une d\u00e9coupe num\u00e9rique laser Mon Si\u00e8ge \u00e0 Moi joue la pr\u00e9cision pour la fabrication de ses fauteuils sur-mesure. Les atouts d&rsquo;un fauteuil sur-mesure Un Jean pr\u00eat \u00e0 porter se d\u00e9cline en 13 tailles et 3 longueurs soit 39 combinaisons. Un fauteuil est disponible &hellip;\" \/>\n<meta property=\"og:url\" content=\"https:\/\/www.monsiegeamoi.com\/blog\/fr\/2021\/04\/15\/reprise-de-la-fabrication-des-fauteuils-mon-siege-a-moi\/\" \/>\n<meta property=\"og:site_name\" content=\"Blog des fauteuils sur mesure\" \/>\n<meta property=\"article:publisher\" content=\"https:\/\/www.facebook.com\/msam.fr\/\" \/>\n<meta property=\"article:published_time\" content=\"2021-04-15T08:00:04+00:00\" \/>\n<meta property=\"article:modified_time\" content=\"2021-04-24T14:56:29+00:00\" \/>\n<meta property=\"og:image\" content=\"https:\/\/www.monsiegeamoi.com\/blog\/wp-content\/uploads\/2021\/04\/mon_siege_a_moi_investit-dans-la-decoupe-laser.jpg\" \/>\n\t<meta property=\"og:image:width\" content=\"2000\" \/>\n\t<meta property=\"og:image:height\" content=\"1090\" \/>\n\t<meta property=\"og:image:type\" content=\"image\/jpeg\" \/>\n<meta name=\"twitter:card\" content=\"summary_large_image\" \/>\n<meta name=\"twitter:label1\" content=\"\u00c9crit par\" \/>\n\t<meta name=\"twitter:data1\" content=\"Bruno DUVAL\" \/>\n\t<meta name=\"twitter:label2\" content=\"Dur\u00e9e de lecture estim\u00e9e\" \/>\n\t<meta name=\"twitter:data2\" content=\"4 minutes\" \/>\n<script type=\"application\/ld+json\" class=\"yoast-schema-graph\">{\"@context\":\"https:\/\/schema.org\",\"@graph\":[{\"@type\":\"Organization\",\"@id\":\"https:\/\/www.monsiegeamoi.com\/blog\/#organization\",\"name\":\"mon si\u00e8ge \u00e0 moi\",\"url\":\"https:\/\/www.monsiegeamoi.com\/blog\/\",\"sameAs\":[\"https:\/\/www.facebook.com\/msam.fr\/\",\"https:\/\/www.instagram.com\/mon_siege_a_moi\/\",\"https:\/\/www.linkedin.com\/company\/35628798\/admin\/\",\"https:\/\/www.youtube.com\/channel\/UCdd1LuYl2T3uLrnreIEbx2g\",\"https:\/\/www.pinterest.fr\/bduval0428\/\"],\"logo\":{\"@type\":\"ImageObject\",\"@id\":\"https:\/\/www.monsiegeamoi.com\/blog\/#logo\",\"inLanguage\":\"fr-FR\",\"url\":\"https:\/\/www.monsiegeamoi.com\/blog\/wp-content\/uploads\/2020\/01\/logo-msam-carre-1.png\",\"contentUrl\":\"https:\/\/www.monsiegeamoi.com\/blog\/wp-content\/uploads\/2020\/01\/logo-msam-carre-1.png\",\"width\":350,\"height\":350,\"caption\":\"mon si\u00e8ge \u00e0 moi\"},\"image\":{\"@id\":\"https:\/\/www.monsiegeamoi.com\/blog\/#logo\"}},{\"@type\":\"WebSite\",\"@id\":\"https:\/\/www.monsiegeamoi.com\/blog\/#website\",\"url\":\"https:\/\/www.monsiegeamoi.com\/blog\/\",\"name\":\"Fauteuils et innovations\",\"description\":\"D\u00e9couvrez l&#039;histoire et l&#039;actualit\u00e9 des fauteuils sur mesure\",\"publisher\":{\"@id\":\"https:\/\/www.monsiegeamoi.com\/blog\/#organization\"},\"potentialAction\":[{\"@type\":\"SearchAction\",\"target\":{\"@type\":\"EntryPoint\",\"urlTemplate\":\"https:\/\/www.monsiegeamoi.com\/blog\/?s={search_term_string}\"},\"query-input\":\"required name=search_term_string\"}],\"inLanguage\":\"fr-FR\"},{\"@type\":\"ImageObject\",\"@id\":\"https:\/\/www.monsiegeamoi.com\/blog\/fr\/2021\/04\/15\/reprise-de-la-fabrication-des-fauteuils-mon-siege-a-moi\/#primaryimage\",\"inLanguage\":\"fr-FR\",\"url\":\"https:\/\/www.monsiegeamoi.com\/blog\/wp-content\/uploads\/2021\/04\/mon_siege_a_moi_investit-dans-la-decoupe-laser.jpg\",\"contentUrl\":\"https:\/\/www.monsiegeamoi.com\/blog\/wp-content\/uploads\/2021\/04\/mon_siege_a_moi_investit-dans-la-decoupe-laser.jpg\",\"width\":2000,\"height\":1090,\"caption\":\"\u00ab\u00a0Mon Si\u00e8ge \u00e0 Moi\u00a0\u00bb investit dans la d\u00e9coupe laser pour la fabrication de ses fauteuils sur mesure \u00e0 Montaigu-Vend\u00e9e\"},{\"@type\":\"WebPage\",\"@id\":\"https:\/\/www.monsiegeamoi.com\/blog\/fr\/2021\/04\/15\/reprise-de-la-fabrication-des-fauteuils-mon-siege-a-moi\/#webpage\",\"url\":\"https:\/\/www.monsiegeamoi.com\/blog\/fr\/2021\/04\/15\/reprise-de-la-fabrication-des-fauteuils-mon-siege-a-moi\/\",\"name\":\"\u00ab\u00a0Mon Si\u00e8ge \u00e0 Moi\u00a0\u00bb investit dans la d\u00e9coupe laser pour la fabrication de ses fauteuils sur mesure \u00e0 Montaigu-Vend\u00e9e - Blog des fauteuils sur mesure\",\"isPartOf\":{\"@id\":\"https:\/\/www.monsiegeamoi.com\/blog\/#website\"},\"primaryImageOfPage\":{\"@id\":\"https:\/\/www.monsiegeamoi.com\/blog\/fr\/2021\/04\/15\/reprise-de-la-fabrication-des-fauteuils-mon-siege-a-moi\/#primaryimage\"},\"datePublished\":\"2021-04-15T08:00:04+00:00\",\"dateModified\":\"2021-04-24T14:56:29+00:00\",\"breadcrumb\":{\"@id\":\"https:\/\/www.monsiegeamoi.com\/blog\/fr\/2021\/04\/15\/reprise-de-la-fabrication-des-fauteuils-mon-siege-a-moi\/#breadcrumb\"},\"inLanguage\":\"fr-FR\",\"potentialAction\":[{\"@type\":\"ReadAction\",\"target\":[\"https:\/\/www.monsiegeamoi.com\/blog\/fr\/2021\/04\/15\/reprise-de-la-fabrication-des-fauteuils-mon-siege-a-moi\/\"]}]},{\"@type\":\"BreadcrumbList\",\"@id\":\"https:\/\/www.monsiegeamoi.com\/blog\/fr\/2021\/04\/15\/reprise-de-la-fabrication-des-fauteuils-mon-siege-a-moi\/#breadcrumb\",\"itemListElement\":[{\"@type\":\"ListItem\",\"position\":1,\"name\":\"Accueil\",\"item\":\"https:\/\/www.monsiegeamoi.com\/blog\/\"},{\"@type\":\"ListItem\",\"position\":2,\"name\":\"\u00ab\u00a0Mon Si\u00e8ge \u00e0 Moi\u00a0\u00bb investit dans la d\u00e9coupe laser pour la fabrication de ses fauteuils sur mesure \u00e0 Montaigu-Vend\u00e9e\"}]},{\"@type\":\"Article\",\"@id\":\"https:\/\/www.monsiegeamoi.com\/blog\/fr\/2021\/04\/15\/reprise-de-la-fabrication-des-fauteuils-mon-siege-a-moi\/#article\",\"isPartOf\":{\"@id\":\"https:\/\/www.monsiegeamoi.com\/blog\/fr\/2021\/04\/15\/reprise-de-la-fabrication-des-fauteuils-mon-siege-a-moi\/#webpage\"},\"author\":{\"@id\":\"https:\/\/www.monsiegeamoi.com\/blog\/#\/schema\/person\/6c2e4ef71c12dc348f70f48155da5c66\"},\"headline\":\"\u00ab\u00a0Mon Si\u00e8ge \u00e0 Moi\u00a0\u00bb investit dans la d\u00e9coupe laser pour la fabrication de ses fauteuils sur mesure \u00e0 Montaigu-Vend\u00e9e\",\"datePublished\":\"2021-04-15T08:00:04+00:00\",\"dateModified\":\"2021-04-24T14:56:29+00:00\",\"mainEntityOfPage\":{\"@id\":\"https:\/\/www.monsiegeamoi.com\/blog\/fr\/2021\/04\/15\/reprise-de-la-fabrication-des-fauteuils-mon-siege-a-moi\/#webpage\"},\"wordCount\":566,\"commentCount\":0,\"publisher\":{\"@id\":\"https:\/\/www.monsiegeamoi.com\/blog\/#organization\"},\"image\":{\"@id\":\"https:\/\/www.monsiegeamoi.com\/blog\/fr\/2021\/04\/15\/reprise-de-la-fabrication-des-fauteuils-mon-siege-a-moi\/#primaryimage\"},\"thumbnailUrl\":\"https:\/\/www.monsiegeamoi.com\/blog\/wp-content\/uploads\/2021\/04\/mon_siege_a_moi_investit-dans-la-decoupe-laser.jpg\",\"keywords\":[\"laser\"],\"articleSection\":[\"Ergonomie des fauteuils\",\"Fabrication \u00e9co-responsable\",\"Innovation autour des assises\",\"Innovations structurelles\",\"L'assise dans un lieu\",\"Le confort des fauteuils\"],\"inLanguage\":\"fr-FR\",\"potentialAction\":[{\"@type\":\"CommentAction\",\"name\":\"Comment\",\"target\":[\"https:\/\/www.monsiegeamoi.com\/blog\/fr\/2021\/04\/15\/reprise-de-la-fabrication-des-fauteuils-mon-siege-a-moi\/#respond\"]}]},{\"@type\":\"Person\",\"@id\":\"https:\/\/www.monsiegeamoi.com\/blog\/#\/schema\/person\/6c2e4ef71c12dc348f70f48155da5c66\",\"name\":\"Bruno DUVAL\",\"image\":{\"@type\":\"ImageObject\",\"@id\":\"https:\/\/www.monsiegeamoi.com\/blog\/#personlogo\",\"inLanguage\":\"fr-FR\",\"url\":\"https:\/\/secure.gravatar.com\/avatar\/d72ff8c522ba9b71838f031c69c2f326?s=96&d=mm&r=g\",\"contentUrl\":\"https:\/\/secure.gravatar.com\/avatar\/d72ff8c522ba9b71838f031c69c2f326?s=96&d=mm&r=g\",\"caption\":\"Bruno DUVAL\"},\"url\":\"https:\/\/www.monsiegeamoi.com\/blog\/author\/bruno-duval44gmail-com\/\"}]}<\/script>\n<!-- \/ Yoast SEO plugin. -->","yoast_head_json":{"title":"\u00ab\u00a0Mon Si\u00e8ge \u00e0 Moi\u00a0\u00bb investit dans la d\u00e9coupe laser pour la fabrication de ses fauteuils sur mesure \u00e0 Montaigu-Vend\u00e9e - Blog des fauteuils sur mesure","robots":{"index":"index","follow":"follow","max-snippet":"max-snippet:-1","max-image-preview":"max-image-preview:large","max-video-preview":"max-video-preview:-1"},"canonical":"https:\/\/www.monsiegeamoi.com\/blog\/fr\/2021\/04\/15\/reprise-de-la-fabrication-des-fauteuils-mon-siege-a-moi\/","og_locale":"fr_FR","og_type":"article","og_title":"\u00ab\u00a0Mon Si\u00e8ge \u00e0 Moi\u00a0\u00bb investit dans la d\u00e9coupe laser pour la fabrication de ses fauteuils sur mesure \u00e0 Montaigu-Vend\u00e9e - Blog des fauteuils sur mesure","og_description":"Lien vers le pdf de ce communiqu\u00e9 de presse En investissant dans une d\u00e9coupe num\u00e9rique laser Mon Si\u00e8ge \u00e0 Moi joue la pr\u00e9cision pour la fabrication de ses fauteuils sur-mesure. Les atouts d&rsquo;un fauteuil sur-mesure Un Jean pr\u00eat \u00e0 porter se d\u00e9cline en 13 tailles et 3 longueurs soit 39 combinaisons. Un fauteuil est disponible &hellip;","og_url":"https:\/\/www.monsiegeamoi.com\/blog\/fr\/2021\/04\/15\/reprise-de-la-fabrication-des-fauteuils-mon-siege-a-moi\/","og_site_name":"Blog des fauteuils sur mesure","article_publisher":"https:\/\/www.facebook.com\/msam.fr\/","article_published_time":"2021-04-15T08:00:04+00:00","article_modified_time":"2021-04-24T14:56:29+00:00","og_image":[{"width":2000,"height":1090,"url":"https:\/\/www.monsiegeamoi.com\/blog\/wp-content\/uploads\/2021\/04\/mon_siege_a_moi_investit-dans-la-decoupe-laser.jpg","type":"image\/jpeg"}],"twitter_card":"summary_large_image","twitter_misc":{"\u00c9crit par":"Bruno DUVAL","Dur\u00e9e de lecture estim\u00e9e":"4 minutes"},"schema":{"@context":"https:\/\/schema.org","@graph":[{"@type":"Organization","@id":"https:\/\/www.monsiegeamoi.com\/blog\/#organization","name":"mon si\u00e8ge \u00e0 moi","url":"https:\/\/www.monsiegeamoi.com\/blog\/","sameAs":["https:\/\/www.facebook.com\/msam.fr\/","https:\/\/www.instagram.com\/mon_siege_a_moi\/","https:\/\/www.linkedin.com\/company\/35628798\/admin\/","https:\/\/www.youtube.com\/channel\/UCdd1LuYl2T3uLrnreIEbx2g","https:\/\/www.pinterest.fr\/bduval0428\/"],"logo":{"@type":"ImageObject","@id":"https:\/\/www.monsiegeamoi.com\/blog\/#logo","inLanguage":"fr-FR","url":"https:\/\/www.monsiegeamoi.com\/blog\/wp-content\/uploads\/2020\/01\/logo-msam-carre-1.png","contentUrl":"https:\/\/www.monsiegeamoi.com\/blog\/wp-content\/uploads\/2020\/01\/logo-msam-carre-1.png","width":350,"height":350,"caption":"mon si\u00e8ge \u00e0 moi"},"image":{"@id":"https:\/\/www.monsiegeamoi.com\/blog\/#logo"}},{"@type":"WebSite","@id":"https:\/\/www.monsiegeamoi.com\/blog\/#website","url":"https:\/\/www.monsiegeamoi.com\/blog\/","name":"Fauteuils et innovations","description":"D\u00e9couvrez l&#039;histoire et l&#039;actualit\u00e9 des fauteuils sur mesure","publisher":{"@id":"https:\/\/www.monsiegeamoi.com\/blog\/#organization"},"potentialAction":[{"@type":"SearchAction","target":{"@type":"EntryPoint","urlTemplate":"https:\/\/www.monsiegeamoi.com\/blog\/?s={search_term_string}"},"query-input":"required name=search_term_string"}],"inLanguage":"fr-FR"},{"@type":"ImageObject","@id":"https:\/\/www.monsiegeamoi.com\/blog\/fr\/2021\/04\/15\/reprise-de-la-fabrication-des-fauteuils-mon-siege-a-moi\/#primaryimage","inLanguage":"fr-FR","url":"https:\/\/www.monsiegeamoi.com\/blog\/wp-content\/uploads\/2021\/04\/mon_siege_a_moi_investit-dans-la-decoupe-laser.jpg","contentUrl":"https:\/\/www.monsiegeamoi.com\/blog\/wp-content\/uploads\/2021\/04\/mon_siege_a_moi_investit-dans-la-decoupe-laser.jpg","width":2000,"height":1090,"caption":"\u00ab\u00a0Mon Si\u00e8ge \u00e0 Moi\u00a0\u00bb investit dans la d\u00e9coupe laser pour la fabrication de ses fauteuils sur mesure \u00e0 Montaigu-Vend\u00e9e"},{"@type":"WebPage","@id":"https:\/\/www.monsiegeamoi.com\/blog\/fr\/2021\/04\/15\/reprise-de-la-fabrication-des-fauteuils-mon-siege-a-moi\/#webpage","url":"https:\/\/www.monsiegeamoi.com\/blog\/fr\/2021\/04\/15\/reprise-de-la-fabrication-des-fauteuils-mon-siege-a-moi\/","name":"\u00ab\u00a0Mon Si\u00e8ge \u00e0 Moi\u00a0\u00bb investit dans la d\u00e9coupe laser pour la fabrication de ses fauteuils sur mesure \u00e0 Montaigu-Vend\u00e9e - Blog des fauteuils sur mesure","isPartOf":{"@id":"https:\/\/www.monsiegeamoi.com\/blog\/#website"},"primaryImageOfPage":{"@id":"https:\/\/www.monsiegeamoi.com\/blog\/fr\/2021\/04\/15\/reprise-de-la-fabrication-des-fauteuils-mon-siege-a-moi\/#primaryimage"},"datePublished":"2021-04-15T08:00:04+00:00","dateModified":"2021-04-24T14:56:29+00:00","breadcrumb":{"@id":"https:\/\/www.monsiegeamoi.com\/blog\/fr\/2021\/04\/15\/reprise-de-la-fabrication-des-fauteuils-mon-siege-a-moi\/#breadcrumb"},"inLanguage":"fr-FR","potentialAction":[{"@type":"ReadAction","target":["https:\/\/www.monsiegeamoi.com\/blog\/fr\/2021\/04\/15\/reprise-de-la-fabrication-des-fauteuils-mon-siege-a-moi\/"]}]},{"@type":"BreadcrumbList","@id":"https:\/\/www.monsiegeamoi.com\/blog\/fr\/2021\/04\/15\/reprise-de-la-fabrication-des-fauteuils-mon-siege-a-moi\/#breadcrumb","itemListElement":[{"@type":"ListItem","position":1,"name":"Accueil","item":"https:\/\/www.monsiegeamoi.com\/blog\/"},{"@type":"ListItem","position":2,"name":"\u00ab\u00a0Mon Si\u00e8ge \u00e0 Moi\u00a0\u00bb investit dans la d\u00e9coupe laser pour la fabrication de ses fauteuils sur mesure \u00e0 Montaigu-Vend\u00e9e"}]},{"@type":"Article","@id":"https:\/\/www.monsiegeamoi.com\/blog\/fr\/2021\/04\/15\/reprise-de-la-fabrication-des-fauteuils-mon-siege-a-moi\/#article","isPartOf":{"@id":"https:\/\/www.monsiegeamoi.com\/blog\/fr\/2021\/04\/15\/reprise-de-la-fabrication-des-fauteuils-mon-siege-a-moi\/#webpage"},"author":{"@id":"https:\/\/www.monsiegeamoi.com\/blog\/#\/schema\/person\/6c2e4ef71c12dc348f70f48155da5c66"},"headline":"\u00ab\u00a0Mon Si\u00e8ge \u00e0 Moi\u00a0\u00bb investit dans la d\u00e9coupe laser pour la fabrication de ses fauteuils sur mesure \u00e0 Montaigu-Vend\u00e9e","datePublished":"2021-04-15T08:00:04+00:00","dateModified":"2021-04-24T14:56:29+00:00","mainEntityOfPage":{"@id":"https:\/\/www.monsiegeamoi.com\/blog\/fr\/2021\/04\/15\/reprise-de-la-fabrication-des-fauteuils-mon-siege-a-moi\/#webpage"},"wordCount":566,"commentCount":0,"publisher":{"@id":"https:\/\/www.monsiegeamoi.com\/blog\/#organization"},"image":{"@id":"https:\/\/www.monsiegeamoi.com\/blog\/fr\/2021\/04\/15\/reprise-de-la-fabrication-des-fauteuils-mon-siege-a-moi\/#primaryimage"},"thumbnailUrl":"https:\/\/www.monsiegeamoi.com\/blog\/wp-content\/uploads\/2021\/04\/mon_siege_a_moi_investit-dans-la-decoupe-laser.jpg","keywords":["laser"],"articleSection":["Ergonomie des fauteuils","Fabrication \u00e9co-responsable","Innovation autour des assises","Innovations structurelles","L'assise dans un lieu","Le confort des fauteuils"],"inLanguage":"fr-FR","potentialAction":[{"@type":"CommentAction","name":"Comment","target":["https:\/\/www.monsiegeamoi.com\/blog\/fr\/2021\/04\/15\/reprise-de-la-fabrication-des-fauteuils-mon-siege-a-moi\/#respond"]}]},{"@type":"Person","@id":"https:\/\/www.monsiegeamoi.com\/blog\/#\/schema\/person\/6c2e4ef71c12dc348f70f48155da5c66","name":"Bruno DUVAL","image":{"@type":"ImageObject","@id":"https:\/\/www.monsiegeamoi.com\/blog\/#personlogo","inLanguage":"fr-FR","url":"https:\/\/secure.gravatar.com\/avatar\/d72ff8c522ba9b71838f031c69c2f326?s=96&d=mm&r=g","contentUrl":"https:\/\/secure.gravatar.com\/avatar\/d72ff8c522ba9b71838f031c69c2f326?s=96&d=mm&r=g","caption":"Bruno DUVAL"},"url":"https:\/\/www.monsiegeamoi.com\/blog\/author\/bruno-duval44gmail-com\/"}]}},"_links":{"self":[{"href":"https:\/\/www.monsiegeamoi.com\/blog\/wp-json\/wp\/v2\/posts\/677"}],"collection":[{"href":"https:\/\/www.monsiegeamoi.com\/blog\/wp-json\/wp\/v2\/posts"}],"about":[{"href":"https:\/\/www.monsiegeamoi.com\/blog\/wp-json\/wp\/v2\/types\/post"}],"author":[{"embeddable":true,"href":"https:\/\/www.monsiegeamoi.com\/blog\/wp-json\/wp\/v2\/users\/1"}],"replies":[{"embeddable":true,"href":"https:\/\/www.monsiegeamoi.com\/blog\/wp-json\/wp\/v2\/comments?post=677"}],"version-history":[{"count":8,"href":"https:\/\/www.monsiegeamoi.com\/blog\/wp-json\/wp\/v2\/posts\/677\/revisions"}],"predecessor-version":[{"id":712,"href":"https:\/\/www.monsiegeamoi.com\/blog\/wp-json\/wp\/v2\/posts\/677\/revisions\/712"}],"wp:featuredmedia":[{"embeddable":true,"href":"https:\/\/www.monsiegeamoi.com\/blog\/wp-json\/wp\/v2\/media\/708"}],"wp:attachment":[{"href":"https:\/\/www.monsiegeamoi.com\/blog\/wp-json\/wp\/v2\/media?parent=677"}],"wp:term":[{"taxonomy":"category","embeddable":true,"href":"https:\/\/www.monsiegeamoi.com\/blog\/wp-json\/wp\/v2\/categories?post=677"},{"taxonomy":"post_tag","embeddable":true,"href":"https:\/\/www.monsiegeamoi.com\/blog\/wp-json\/wp\/v2\/tags?post=677"}],"curies":[{"name":"wp","href":"https:\/\/api.w.org\/{rel}","templated":true}]}}