{"id":641,"date":"2020-01-30T16:02:21","date_gmt":"2020-01-30T16:02:21","guid":{"rendered":"http:\/\/www.monsiegeamoi.com\/blog\/?p=50"},"modified":"2020-01-30T16:02:21","modified_gmt":"2020-01-30T16:02:21","slug":"seggiovia","status":"publish","type":"post","link":"https:\/\/www.monsiegeamoi.com\/blog\/it\/2020\/01\/30\/seggiovia\/","title":{"rendered":"Sedie progettate per sedersi e alzarsi senza sforzo"},"content":{"rendered":"\n<p>Una sedia ben progettata \u00e8 idealmente una poltrona dove \u00e8 possibile sedersi senza intoppi e da dove \u00e8 possibile alzarsi con il minimo sforzo. <\/p>\n\n\n\n<h2>Decomposizione del movimento<\/h2>\n\n\n\n<figure class=\"wp-block-image size-large\"><img decoding=\"async\" loading=\"lazy\" width=\"300\" height=\"300\" src=\"https:\/\/www.monsiegeamoi.com\/blog\/wp-content\/uploads\/2020\/01\/comment-se-relever-du-fauteuil-2-300x300-1.jpg\" alt=\"Per alzarsi da una poltrona si inizia rotolando i piedi sotto il sedile\" class=\"wp-image-491\" srcset=\"https:\/\/www.monsiegeamoi.com\/blog\/wp-content\/uploads\/2020\/01\/comment-se-relever-du-fauteuil-2-300x300-1.jpg 300w, https:\/\/www.monsiegeamoi.com\/blog\/wp-content\/uploads\/2020\/01\/comment-se-relever-du-fauteuil-2-300x300-1-150x150.jpg 150w\" sizes=\"(max-width: 300px) 100vw, 300px\" \/><figcaption>Per alzarsi da una poltrona si inizia rotolando i piedi sotto il sedile<\/figcaption><\/figure>\n\n\n\n<p>Il nostro baricentro \u00e8 al livello del nostro ombelico. Per essere bilanciato questo baricentro deve essere verticale del poligono sosteninte che disegna il perimetro dei nostri piedi a sostegn<br>o del terreno. Per alzarti da una poltrona, inizi rotolando i piedi sotto il sedile in modo che siano verticali dal nostro ombelico. Possiamo quindi spingere con le cosce per sollevare il nostro corpo.<\/p>\n\n\n\n<figure class=\"wp-block-image size-large is-resized\"><img decoding=\"async\" loading=\"lazy\" src=\"https:\/\/www.monsiegeamoi.com\/blog\/wp-content\/uploads\/2020\/01\/comment-se-relever-du-fauteuil-5-3.jpg\" alt=\"Sedia a rotelle con braccioli lunghi per alzarsi facilmente\" class=\"wp-image-210\" width=\"263\" height=\"201\" srcset=\"https:\/\/www.monsiegeamoi.com\/blog\/wp-content\/uploads\/2020\/01\/comment-se-relever-du-fauteuil-5-3.jpg 500w, https:\/\/www.monsiegeamoi.com\/blog\/wp-content\/uploads\/2020\/01\/comment-se-relever-du-fauteuil-5-3-300x230.jpg 300w, https:\/\/www.monsiegeamoi.com\/blog\/wp-content\/uploads\/2020\/01\/comment-se-relever-du-fauteuil-5-3-400x306.jpg 400w\" sizes=\"(max-width: 263px) 100vw, 263px\" \/><figcaption>Saremo in grado di appoggiarci ai braccioli della sedia per alzarci.<\/figcaption><\/figure>\n\n\n\n<p>Abbiamo anche le armi per aiutarci. Saremo in grado di appoggiarci ai braccioli della sedia per alzarci.<\/p>\n\n\n\n<h2>Sforzo per produrre<\/h2>\n\n\n\n<p>Dipende dal peso da sollevare e dalla distanza da coprire. Questa distanza \u00e8 uguale alla differenza di altezza tra l&#39;ombelico in posizione seduta e in piedi. <br>Oltre a pi\u00f9 le gambe sono piegate, pi\u00f9 \u00e8 necessario spingere forte. <br>\u00c8 quindi importante se si vuole alzarsi facilmente per avere un sedile pi\u00f9 alto e pi\u00f9 rivolto in avanti. <br>Ma se il sedile \u00e8 troppo alto e \/ o troppo appoggiato in avanti, potresti scivolare e cadere. <\/p>\n\n\n\n<h2>Come costruire una sedia classica per alzarsi senza sforzo<\/h2>\n\n\n\n<p>In relazione al movimento e allo sforzo necessari per alzarsi da una poltrona:<br> &#8211; la parte inferiore del sedile deve essere sgombrata in modo che i pied<br>i possano essere ricusati &#8211; i braccioli devono offrire un&#39;area di presa abbastanza alta e avanz<br>ata (ma non troppo avanzata) &#8211; il sedile deve essere il pi\u00f9 alto possibile senza che <br>i piedi vengano disaggrenati da terra &#8211; l&#39;inc<br>linazione del sedile dovrebbe essere vicina alla sedia 0-A fatta su misura Indicazioni.<\/p>\n\n\n\n<figure class=\"wp-block-image size-large is-resized\"><img decoding=\"async\" loading=\"lazy\" src=\"https:\/\/www.monsiegeamoi.com\/blog\/wp-content\/uploads\/2021\/03\/fauteuil-avec-accoudoir-long-et-assise-inclinee-a-6.jpg\" alt=\"Poltrona gialla con braccioli lunghi e seduta a bassa inclinazione.\" class=\"wp-image-493\" width=\"290\" height=\"290\" srcset=\"https:\/\/www.monsiegeamoi.com\/blog\/wp-content\/uploads\/2021\/03\/fauteuil-avec-accoudoir-long-et-assise-inclinee-a-6.jpg 768w, https:\/\/www.monsiegeamoi.com\/blog\/wp-content\/uploads\/2021\/03\/fauteuil-avec-accoudoir-long-et-assise-inclinee-a-6-300x300.jpg 300w, https:\/\/www.monsiegeamoi.com\/blog\/wp-content\/uploads\/2021\/03\/fauteuil-avec-accoudoir-long-et-assise-inclinee-a-6-150x150.jpg 150w, https:\/\/www.monsiegeamoi.com\/blog\/wp-content\/uploads\/2021\/03\/fauteuil-avec-accoudoir-long-et-assise-inclinee-a-6-400x400.jpg 400w\" sizes=\"(max-width: 290px) 100vw, 290px\" \/><figcaption>Sedia con braccioli lunghi e sedile a bassa inclinazione.<\/figcaption><\/figure>\n\n\n\n<h2>La seggiovia elettrica<\/h2>\n\n\n\n<p>Il principio \u00e8 quello di utilizzare un motore per sollevare il sedile in modo che sollevi l&#39;utente. La difficolt\u00e0 \u00e8 mantenere il sedile a contatto con l&#39;utente durante la salita perch\u00e9 altrimenti potrebbe scivolare e cadere. <br>Ci\u00f2 richiede che il sedile ruoti attorno a un asse al ginocchio. <br>Fai attenzione che le dimensioni della sedia siano ben adattate all&#39;utente. In caso contrario, \u00e8 preferibile, per motivi di sicurezza e di mantenimento dell&#39;autonomia, avere una poltrona fatta alle sue misure.<br> <\/p>\n\n\n\n<figure class=\"wp-block-image size-large is-resized\"><img decoding=\"async\" loading=\"lazy\" src=\"https:\/\/www.monsiegeamoi.com\/blog\/wp-content\/uploads\/2021\/03\/fauteuil-releveur-electrique.jpg\" alt=\"Seggiovia elettrica\" class=\"wp-image-494\" width=\"296\" height=\"296\" srcset=\"https:\/\/www.monsiegeamoi.com\/blog\/wp-content\/uploads\/2021\/03\/fauteuil-releveur-electrique.jpg 768w, https:\/\/www.monsiegeamoi.com\/blog\/wp-content\/uploads\/2021\/03\/fauteuil-releveur-electrique-300x300.jpg 300w, https:\/\/www.monsiegeamoi.com\/blog\/wp-content\/uploads\/2021\/03\/fauteuil-releveur-electrique-150x150.jpg 150w, https:\/\/www.monsiegeamoi.com\/blog\/wp-content\/uploads\/2021\/03\/fauteuil-releveur-electrique-400x400.jpg 400w\" sizes=\"(max-width: 296px) 100vw, 296px\" \/><figcaption>Seggiovia elettrica<\/figcaption><\/figure>\n\n\n\n<p><br><\/p>\n","protected":false},"excerpt":{"rendered":"<p>Una sedia ben progettata \u00e8 idealmente una poltrona dove \u00e8 possibile sedersi senza intoppi e da dove \u00e8 possibile alzarsi con il minimo sforzo.  Una sedia su misura soddisfa in modo ottimale questa aspettativa funzionale.<\/p>\n","protected":false},"author":1,"featured_media":0,"comment_status":"open","ping_status":"open","sticky":false,"template":"","format":"standard","meta":[],"categories":[52],"tags":[],"yoast_head":"<!-- This site is optimized with the Yoast SEO plugin v18.0 - https:\/\/yoast.com\/wordpress\/plugins\/seo\/ -->\n<title>Sedie progettate per sedersi e alzarsi senza sforzo - Blog des fauteuils sur mesure<\/title>\n<meta name=\"robots\" content=\"index, follow, max-snippet:-1, max-image-preview:large, max-video-preview:-1\" \/>\n<link rel=\"canonical\" href=\"https:\/\/www.monsiegeamoi.com\/blog\/it\/2020\/01\/30\/seggiovia\/\" \/>\n<meta property=\"og:locale\" content=\"fr_FR\" \/>\n<meta property=\"og:type\" content=\"article\" \/>\n<meta property=\"og:title\" content=\"Sedie progettate per sedersi e alzarsi senza sforzo - Blog des fauteuils sur mesure\" \/>\n<meta property=\"og:description\" content=\"Una sedia ben progettata \u00e8 idealmente una poltrona dove \u00e8 possibile sedersi senza intoppi e da dove \u00e8 possibile alzarsi con il minimo sforzo. Una sedia su misura soddisfa in modo ottimale questa aspettativa funzionale.\" \/>\n<meta property=\"og:url\" content=\"https:\/\/www.monsiegeamoi.com\/blog\/it\/2020\/01\/30\/seggiovia\/\" \/>\n<meta property=\"og:site_name\" content=\"Blog des fauteuils sur mesure\" \/>\n<meta property=\"article:publisher\" content=\"https:\/\/www.facebook.com\/msam.fr\/\" \/>\n<meta property=\"article:published_time\" content=\"2020-01-30T16:02:21+00:00\" \/>\n<meta property=\"og:image\" content=\"https:\/\/www.monsiegeamoi.com\/blog\/wp-content\/uploads\/2020\/01\/comment-se-relever-du-fauteuil-2-300x300-1.jpg\" \/>\n<meta name=\"twitter:card\" content=\"summary_large_image\" \/>\n<meta name=\"twitter:label1\" content=\"\u00c9crit par\" \/>\n\t<meta name=\"twitter:data1\" content=\"Bruno DUVAL\" \/>\n\t<meta name=\"twitter:label2\" content=\"Dur\u00e9e de lecture estim\u00e9e\" \/>\n\t<meta name=\"twitter:data2\" content=\"2 minutes\" \/>\n<script type=\"application\/ld+json\" class=\"yoast-schema-graph\">{\"@context\":\"https:\/\/schema.org\",\"@graph\":[{\"@type\":\"Organization\",\"@id\":\"https:\/\/www.monsiegeamoi.com\/blog\/#organization\",\"name\":\"mon si\u00e8ge \u00e0 moi\",\"url\":\"https:\/\/www.monsiegeamoi.com\/blog\/\",\"sameAs\":[\"https:\/\/www.facebook.com\/msam.fr\/\",\"https:\/\/www.instagram.com\/mon_siege_a_moi\/\",\"https:\/\/www.linkedin.com\/company\/35628798\/admin\/\",\"https:\/\/www.youtube.com\/channel\/UCdd1LuYl2T3uLrnreIEbx2g\",\"https:\/\/www.pinterest.fr\/bduval0428\/\"],\"logo\":{\"@type\":\"ImageObject\",\"@id\":\"https:\/\/www.monsiegeamoi.com\/blog\/#logo\",\"inLanguage\":\"fr-FR\",\"url\":\"https:\/\/www.monsiegeamoi.com\/blog\/wp-content\/uploads\/2020\/01\/logo-msam-carre-1.png\",\"contentUrl\":\"https:\/\/www.monsiegeamoi.com\/blog\/wp-content\/uploads\/2020\/01\/logo-msam-carre-1.png\",\"width\":350,\"height\":350,\"caption\":\"mon si\u00e8ge \u00e0 moi\"},\"image\":{\"@id\":\"https:\/\/www.monsiegeamoi.com\/blog\/#logo\"}},{\"@type\":\"WebSite\",\"@id\":\"https:\/\/www.monsiegeamoi.com\/blog\/#website\",\"url\":\"https:\/\/www.monsiegeamoi.com\/blog\/\",\"name\":\"Fauteuils et innovations\",\"description\":\"D\u00e9couvrez l&#039;histoire et l&#039;actualit\u00e9 des fauteuils sur mesure\",\"publisher\":{\"@id\":\"https:\/\/www.monsiegeamoi.com\/blog\/#organization\"},\"potentialAction\":[{\"@type\":\"SearchAction\",\"target\":{\"@type\":\"EntryPoint\",\"urlTemplate\":\"https:\/\/www.monsiegeamoi.com\/blog\/?s={search_term_string}\"},\"query-input\":\"required name=search_term_string\"}],\"inLanguage\":\"fr-FR\"},{\"@type\":\"ImageObject\",\"@id\":\"https:\/\/www.monsiegeamoi.com\/blog\/it\/2020\/01\/30\/seggiovia\/#primaryimage\",\"inLanguage\":\"fr-FR\",\"url\":\"https:\/\/www.monsiegeamoi.com\/blog\/wp-content\/uploads\/2020\/01\/comment-se-relever-du-fauteuil-2-300x300-1.jpg\",\"contentUrl\":\"https:\/\/www.monsiegeamoi.com\/blog\/wp-content\/uploads\/2020\/01\/comment-se-relever-du-fauteuil-2-300x300-1.jpg\",\"width\":300,\"height\":300,\"caption\":\"Pour se relever d\u2019un fauteuil on commence donc par reculer les pieds sous l\u2019assise\"},{\"@type\":\"WebPage\",\"@id\":\"https:\/\/www.monsiegeamoi.com\/blog\/it\/2020\/01\/30\/seggiovia\/#webpage\",\"url\":\"https:\/\/www.monsiegeamoi.com\/blog\/it\/2020\/01\/30\/seggiovia\/\",\"name\":\"Sedie progettate per sedersi e alzarsi senza sforzo - Blog des fauteuils sur mesure\",\"isPartOf\":{\"@id\":\"https:\/\/www.monsiegeamoi.com\/blog\/#website\"},\"primaryImageOfPage\":{\"@id\":\"https:\/\/www.monsiegeamoi.com\/blog\/it\/2020\/01\/30\/seggiovia\/#primaryimage\"},\"datePublished\":\"2020-01-30T16:02:21+00:00\",\"dateModified\":\"2020-01-30T16:02:21+00:00\",\"breadcrumb\":{\"@id\":\"https:\/\/www.monsiegeamoi.com\/blog\/it\/2020\/01\/30\/seggiovia\/#breadcrumb\"},\"inLanguage\":\"fr-FR\",\"potentialAction\":[{\"@type\":\"ReadAction\",\"target\":[\"https:\/\/www.monsiegeamoi.com\/blog\/it\/2020\/01\/30\/seggiovia\/\"]}]},{\"@type\":\"BreadcrumbList\",\"@id\":\"https:\/\/www.monsiegeamoi.com\/blog\/it\/2020\/01\/30\/seggiovia\/#breadcrumb\",\"itemListElement\":[{\"@type\":\"ListItem\",\"position\":1,\"name\":\"Accueil\",\"item\":\"https:\/\/www.monsiegeamoi.com\/blog\/\"},{\"@type\":\"ListItem\",\"position\":2,\"name\":\"Sedie progettate per sedersi e alzarsi senza sforzo\"}]},{\"@type\":\"Article\",\"@id\":\"https:\/\/www.monsiegeamoi.com\/blog\/it\/2020\/01\/30\/seggiovia\/#article\",\"isPartOf\":{\"@id\":\"https:\/\/www.monsiegeamoi.com\/blog\/it\/2020\/01\/30\/seggiovia\/#webpage\"},\"author\":{\"@id\":\"https:\/\/www.monsiegeamoi.com\/blog\/#\/schema\/person\/6c2e4ef71c12dc348f70f48155da5c66\"},\"headline\":\"Sedie progettate per sedersi e alzarsi senza sforzo\",\"datePublished\":\"2020-01-30T16:02:21+00:00\",\"dateModified\":\"2020-01-30T16:02:21+00:00\",\"mainEntityOfPage\":{\"@id\":\"https:\/\/www.monsiegeamoi.com\/blog\/it\/2020\/01\/30\/seggiovia\/#webpage\"},\"wordCount\":390,\"commentCount\":0,\"publisher\":{\"@id\":\"https:\/\/www.monsiegeamoi.com\/blog\/#organization\"},\"image\":{\"@id\":\"https:\/\/www.monsiegeamoi.com\/blog\/it\/2020\/01\/30\/seggiovia\/#primaryimage\"},\"thumbnailUrl\":\"https:\/\/www.monsiegeamoi.com\/blog\/wp-content\/uploads\/2020\/01\/comment-se-relever-du-fauteuil-2-300x300-1.jpg\",\"articleSection\":[\"Ergonomia della sedia\"],\"inLanguage\":\"fr-FR\",\"potentialAction\":[{\"@type\":\"CommentAction\",\"name\":\"Comment\",\"target\":[\"https:\/\/www.monsiegeamoi.com\/blog\/it\/2020\/01\/30\/seggiovia\/#respond\"]}]},{\"@type\":\"Person\",\"@id\":\"https:\/\/www.monsiegeamoi.com\/blog\/#\/schema\/person\/6c2e4ef71c12dc348f70f48155da5c66\",\"name\":\"Bruno DUVAL\",\"image\":{\"@type\":\"ImageObject\",\"@id\":\"https:\/\/www.monsiegeamoi.com\/blog\/#personlogo\",\"inLanguage\":\"fr-FR\",\"url\":\"https:\/\/secure.gravatar.com\/avatar\/d72ff8c522ba9b71838f031c69c2f326?s=96&d=mm&r=g\",\"contentUrl\":\"https:\/\/secure.gravatar.com\/avatar\/d72ff8c522ba9b71838f031c69c2f326?s=96&d=mm&r=g\",\"caption\":\"Bruno DUVAL\"},\"url\":\"https:\/\/www.monsiegeamoi.com\/blog\/author\/bruno-duval44gmail-com\/\"}]}<\/script>\n<!-- \/ Yoast SEO plugin. -->","yoast_head_json":{"title":"Sedie progettate per sedersi e alzarsi senza sforzo - Blog des fauteuils sur mesure","robots":{"index":"index","follow":"follow","max-snippet":"max-snippet:-1","max-image-preview":"max-image-preview:large","max-video-preview":"max-video-preview:-1"},"canonical":"https:\/\/www.monsiegeamoi.com\/blog\/it\/2020\/01\/30\/seggiovia\/","og_locale":"fr_FR","og_type":"article","og_title":"Sedie progettate per sedersi e alzarsi senza sforzo - Blog des fauteuils sur mesure","og_description":"Una sedia ben progettata \u00e8 idealmente una poltrona dove \u00e8 possibile sedersi senza intoppi e da dove \u00e8 possibile alzarsi con il minimo sforzo. Una sedia su misura soddisfa in modo ottimale questa aspettativa funzionale.","og_url":"https:\/\/www.monsiegeamoi.com\/blog\/it\/2020\/01\/30\/seggiovia\/","og_site_name":"Blog des fauteuils sur mesure","article_publisher":"https:\/\/www.facebook.com\/msam.fr\/","article_published_time":"2020-01-30T16:02:21+00:00","og_image":[{"url":"https:\/\/www.monsiegeamoi.com\/blog\/wp-content\/uploads\/2020\/01\/comment-se-relever-du-fauteuil-2-300x300-1.jpg"}],"twitter_card":"summary_large_image","twitter_misc":{"\u00c9crit par":"Bruno DUVAL","Dur\u00e9e de lecture estim\u00e9e":"2 minutes"},"schema":{"@context":"https:\/\/schema.org","@graph":[{"@type":"Organization","@id":"https:\/\/www.monsiegeamoi.com\/blog\/#organization","name":"mon si\u00e8ge \u00e0 moi","url":"https:\/\/www.monsiegeamoi.com\/blog\/","sameAs":["https:\/\/www.facebook.com\/msam.fr\/","https:\/\/www.instagram.com\/mon_siege_a_moi\/","https:\/\/www.linkedin.com\/company\/35628798\/admin\/","https:\/\/www.youtube.com\/channel\/UCdd1LuYl2T3uLrnreIEbx2g","https:\/\/www.pinterest.fr\/bduval0428\/"],"logo":{"@type":"ImageObject","@id":"https:\/\/www.monsiegeamoi.com\/blog\/#logo","inLanguage":"fr-FR","url":"https:\/\/www.monsiegeamoi.com\/blog\/wp-content\/uploads\/2020\/01\/logo-msam-carre-1.png","contentUrl":"https:\/\/www.monsiegeamoi.com\/blog\/wp-content\/uploads\/2020\/01\/logo-msam-carre-1.png","width":350,"height":350,"caption":"mon si\u00e8ge \u00e0 moi"},"image":{"@id":"https:\/\/www.monsiegeamoi.com\/blog\/#logo"}},{"@type":"WebSite","@id":"https:\/\/www.monsiegeamoi.com\/blog\/#website","url":"https:\/\/www.monsiegeamoi.com\/blog\/","name":"Fauteuils et innovations","description":"D\u00e9couvrez l&#039;histoire et l&#039;actualit\u00e9 des fauteuils sur mesure","publisher":{"@id":"https:\/\/www.monsiegeamoi.com\/blog\/#organization"},"potentialAction":[{"@type":"SearchAction","target":{"@type":"EntryPoint","urlTemplate":"https:\/\/www.monsiegeamoi.com\/blog\/?s={search_term_string}"},"query-input":"required name=search_term_string"}],"inLanguage":"fr-FR"},{"@type":"ImageObject","@id":"https:\/\/www.monsiegeamoi.com\/blog\/it\/2020\/01\/30\/seggiovia\/#primaryimage","inLanguage":"fr-FR","url":"https:\/\/www.monsiegeamoi.com\/blog\/wp-content\/uploads\/2020\/01\/comment-se-relever-du-fauteuil-2-300x300-1.jpg","contentUrl":"https:\/\/www.monsiegeamoi.com\/blog\/wp-content\/uploads\/2020\/01\/comment-se-relever-du-fauteuil-2-300x300-1.jpg","width":300,"height":300,"caption":"Pour se relever d\u2019un fauteuil on commence donc par reculer les pieds sous l\u2019assise"},{"@type":"WebPage","@id":"https:\/\/www.monsiegeamoi.com\/blog\/it\/2020\/01\/30\/seggiovia\/#webpage","url":"https:\/\/www.monsiegeamoi.com\/blog\/it\/2020\/01\/30\/seggiovia\/","name":"Sedie progettate per sedersi e alzarsi senza sforzo - Blog des fauteuils sur mesure","isPartOf":{"@id":"https:\/\/www.monsiegeamoi.com\/blog\/#website"},"primaryImageOfPage":{"@id":"https:\/\/www.monsiegeamoi.com\/blog\/it\/2020\/01\/30\/seggiovia\/#primaryimage"},"datePublished":"2020-01-30T16:02:21+00:00","dateModified":"2020-01-30T16:02:21+00:00","breadcrumb":{"@id":"https:\/\/www.monsiegeamoi.com\/blog\/it\/2020\/01\/30\/seggiovia\/#breadcrumb"},"inLanguage":"fr-FR","potentialAction":[{"@type":"ReadAction","target":["https:\/\/www.monsiegeamoi.com\/blog\/it\/2020\/01\/30\/seggiovia\/"]}]},{"@type":"BreadcrumbList","@id":"https:\/\/www.monsiegeamoi.com\/blog\/it\/2020\/01\/30\/seggiovia\/#breadcrumb","itemListElement":[{"@type":"ListItem","position":1,"name":"Accueil","item":"https:\/\/www.monsiegeamoi.com\/blog\/"},{"@type":"ListItem","position":2,"name":"Sedie progettate per sedersi e alzarsi senza sforzo"}]},{"@type":"Article","@id":"https:\/\/www.monsiegeamoi.com\/blog\/it\/2020\/01\/30\/seggiovia\/#article","isPartOf":{"@id":"https:\/\/www.monsiegeamoi.com\/blog\/it\/2020\/01\/30\/seggiovia\/#webpage"},"author":{"@id":"https:\/\/www.monsiegeamoi.com\/blog\/#\/schema\/person\/6c2e4ef71c12dc348f70f48155da5c66"},"headline":"Sedie progettate per sedersi e alzarsi senza sforzo","datePublished":"2020-01-30T16:02:21+00:00","dateModified":"2020-01-30T16:02:21+00:00","mainEntityOfPage":{"@id":"https:\/\/www.monsiegeamoi.com\/blog\/it\/2020\/01\/30\/seggiovia\/#webpage"},"wordCount":390,"commentCount":0,"publisher":{"@id":"https:\/\/www.monsiegeamoi.com\/blog\/#organization"},"image":{"@id":"https:\/\/www.monsiegeamoi.com\/blog\/it\/2020\/01\/30\/seggiovia\/#primaryimage"},"thumbnailUrl":"https:\/\/www.monsiegeamoi.com\/blog\/wp-content\/uploads\/2020\/01\/comment-se-relever-du-fauteuil-2-300x300-1.jpg","articleSection":["Ergonomia della sedia"],"inLanguage":"fr-FR","potentialAction":[{"@type":"CommentAction","name":"Comment","target":["https:\/\/www.monsiegeamoi.com\/blog\/it\/2020\/01\/30\/seggiovia\/#respond"]}]},{"@type":"Person","@id":"https:\/\/www.monsiegeamoi.com\/blog\/#\/schema\/person\/6c2e4ef71c12dc348f70f48155da5c66","name":"Bruno DUVAL","image":{"@type":"ImageObject","@id":"https:\/\/www.monsiegeamoi.com\/blog\/#personlogo","inLanguage":"fr-FR","url":"https:\/\/secure.gravatar.com\/avatar\/d72ff8c522ba9b71838f031c69c2f326?s=96&d=mm&r=g","contentUrl":"https:\/\/secure.gravatar.com\/avatar\/d72ff8c522ba9b71838f031c69c2f326?s=96&d=mm&r=g","caption":"Bruno DUVAL"},"url":"https:\/\/www.monsiegeamoi.com\/blog\/author\/bruno-duval44gmail-com\/"}]}},"_links":{"self":[{"href":"https:\/\/www.monsiegeamoi.com\/blog\/wp-json\/wp\/v2\/posts\/641"}],"collection":[{"href":"https:\/\/www.monsiegeamoi.com\/blog\/wp-json\/wp\/v2\/posts"}],"about":[{"href":"https:\/\/www.monsiegeamoi.com\/blog\/wp-json\/wp\/v2\/types\/post"}],"author":[{"embeddable":true,"href":"https:\/\/www.monsiegeamoi.com\/blog\/wp-json\/wp\/v2\/users\/1"}],"replies":[{"embeddable":true,"href":"https:\/\/www.monsiegeamoi.com\/blog\/wp-json\/wp\/v2\/comments?post=641"}],"version-history":[{"count":0,"href":"https:\/\/www.monsiegeamoi.com\/blog\/wp-json\/wp\/v2\/posts\/641\/revisions"}],"wp:attachment":[{"href":"https:\/\/www.monsiegeamoi.com\/blog\/wp-json\/wp\/v2\/media?parent=641"}],"wp:term":[{"taxonomy":"category","embeddable":true,"href":"https:\/\/www.monsiegeamoi.com\/blog\/wp-json\/wp\/v2\/categories?post=641"},{"taxonomy":"post_tag","embeddable":true,"href":"https:\/\/www.monsiegeamoi.com\/blog\/wp-json\/wp\/v2\/tags?post=641"}],"curies":[{"name":"wp","href":"https:\/\/api.w.org\/{rel}","templated":true}]}}