{"id":639,"date":"2020-02-24T07:47:57","date_gmt":"2020-02-24T07:47:57","guid":{"rendered":"http:\/\/www.monsiegeamoi.com\/blog\/?p=285"},"modified":"2020-02-24T07:47:57","modified_gmt":"2020-02-24T07:47:57","slug":"choose-a-chair-tailor-for-a-senior-2","status":"publish","type":"post","link":"https:\/\/www.monsiegeamoi.com\/blog\/it\/2020\/02\/24\/choose-a-chair-tailor-for-a-senior-2\/","title":{"rendered":"Scegli una sedia personalizzata per un senior"},"content":{"rendered":"\n<p>Quando ho visitato EHPAD o altre istituzioni che ospitavano gli anziani, mentre lavoravo come product manager, spesso vedevo residenti anziani accasciati sulle loro sedie con una cattiva postura, appoggiati ai cuscini e appoggiati da un lato o scivolando in avanti dai loro posti.\u00a0<\/p>\n\n\n\n<p>Tuttavia, ci sono soluzioni semplici in modo che una persona, il cui tono muscolare \u00e8 ridotto, possa sedersi bene per il suo comfort e interagire con il suo ambiente.<br><\/p>\n\n\n\n<h2>Evoluzione della seduta con l&#39;et\u00e0 <\/h2>\n\n\n\n<p>Seduti su una poltrona classica, i nostri muscoli devono lavorare per tenerci in una postura fisiologica. Man mano che invecchiamo, i nostri muscoli tendono a indebolirsi e stancarsi pi\u00f9 rapidamente: ci appoggiamo da un lato o dall&#39;altro mentre ammorbidiamo, scivoliamo in avanti o abbassiamo la sedia.<\/p>\n\n\n\n<p>Quando un anziano scivola verso la parte anteriore di una poltrona, i rischi sono:\u00a0<\/p>\n\n\n\n<ul><li>di cadere dalla sedia\u00a0<\/li><li>scarsa circolazione rispetto ai tendini del ginocchio a causa di cesoie capillari e un aumento del rischio di ringhiare<\/li><li>cattiva postura per la colonna vertebrale che perde la sua naturale curvatura a forma di S<br><\/li><\/ul>\n\n\n\n<p>Di seguito \u00e8 riportata un&#39;illustrazione di una seduta senior su una sedia troppo profonda. Il sedile comprime la gamba a livello della cavit\u00e0 della poplit\u00e0 (1 e 2) impedendo il ritorno venoso. La retroversione del bacino (3) rimuove le cavit\u00e0 lombare (4) e cervicale (5).<\/p>\n\n\n\n<figure class=\"wp-block-image size-large is-resized\"><img decoding=\"async\" src=\"https:\/\/www.monsiegeamoi.com\/blog\/wp-content\/uploads\/2020\/02\/posture-assise-senior-fauteuil-trop-grand-1024x1024.jpg\" alt=\"Anziano su una sedia di grandi et\u00e0\" class=\"wp-image-292\" width=\"320\" srcset=\"https:\/\/www.monsiegeamoi.com\/blog\/wp-content\/uploads\/2020\/02\/posture-assise-senior-fauteuil-trop-grand-1024x1024.jpg 1024w, https:\/\/www.monsiegeamoi.com\/blog\/wp-content\/uploads\/2020\/02\/posture-assise-senior-fauteuil-trop-grand-300x300.jpg 300w, https:\/\/www.monsiegeamoi.com\/blog\/wp-content\/uploads\/2020\/02\/posture-assise-senior-fauteuil-trop-grand-150x150.jpg 150w, https:\/\/www.monsiegeamoi.com\/blog\/wp-content\/uploads\/2020\/02\/posture-assise-senior-fauteuil-trop-grand-768x768.jpg 768w, https:\/\/www.monsiegeamoi.com\/blog\/wp-content\/uploads\/2020\/02\/posture-assise-senior-fauteuil-trop-grand-900x900.jpg 900w, https:\/\/www.monsiegeamoi.com\/blog\/wp-content\/uploads\/2020\/02\/posture-assise-senior-fauteuil-trop-grand-400x400.jpg 400w, https:\/\/www.monsiegeamoi.com\/blog\/wp-content\/uploads\/2020\/02\/posture-assise-senior-fauteuil-trop-grand.jpg 1344w\" sizes=\"(max-width: 1024px) 100vw, 1024px\" \/><figcaption>Senior sulla sedia<\/figcaption><\/figure>\n\n\n\n<p>Un anziano che \u00e8 ben seduto d&#39;altra parte:<\/p>\n\n\n\n<ul><li>ha un atteggiamento dignitoso che lo apprezza\u00a0<\/li><li>si sente al sicuro<\/li><li>si siede e si alza pi\u00f9 facilmente, il che incoraggia l&#39;autonomia e la mobilit\u00e0\u00a0<\/li><li>si riprende pi\u00f9 velocemente grazie a una migliore circolazione<\/li><li>\u00e8 meno probabile che venga abbattuto a causa di una migliore distribuzione della pressione <\/li><\/ul>\n\n\n\n<p> Di seguito \u00e8 riportata un&#39;illustrazione di un anziano con una fisiologica postura seduta. Il sedile non comprime la gamba a livello della cavit\u00e0 della poplit\u00e0 (4). La colonna vertebrale mantiene la sua forma naturale in S (1 e 2).  Le pressioni sono distribuite su una superficie massima sul sedile (3), evitando sovrasezioni a rischio di imezzazioni agli ischions.<\/p>\n\n\n\n<figure class=\"wp-block-image size-large is-resized\"><img decoding=\"async\" src=\"https:\/\/www.monsiegeamoi.com\/blog\/wp-content\/uploads\/2020\/02\/bonne-posture-assise-senior-fauteuil-1024x1024.jpg\" alt=\"Postura fisiologica seduta per un anziano su una poltrona\" class=\"wp-image-293\" width=\"320\" srcset=\"https:\/\/www.monsiegeamoi.com\/blog\/wp-content\/uploads\/2020\/02\/bonne-posture-assise-senior-fauteuil-1024x1024.jpg 1024w, https:\/\/www.monsiegeamoi.com\/blog\/wp-content\/uploads\/2020\/02\/bonne-posture-assise-senior-fauteuil-300x300.jpg 300w, https:\/\/www.monsiegeamoi.com\/blog\/wp-content\/uploads\/2020\/02\/bonne-posture-assise-senior-fauteuil-150x150.jpg 150w, https:\/\/www.monsiegeamoi.com\/blog\/wp-content\/uploads\/2020\/02\/bonne-posture-assise-senior-fauteuil-768x768.jpg 768w, https:\/\/www.monsiegeamoi.com\/blog\/wp-content\/uploads\/2020\/02\/bonne-posture-assise-senior-fauteuil-900x900.jpg 900w, https:\/\/www.monsiegeamoi.com\/blog\/wp-content\/uploads\/2020\/02\/bonne-posture-assise-senior-fauteuil-400x400.jpg 400w, https:\/\/www.monsiegeamoi.com\/blog\/wp-content\/uploads\/2020\/02\/bonne-posture-assise-senior-fauteuil.jpg 1344w\" sizes=\"(max-width: 1024px) 100vw, 1024px\" \/><\/figure>\n\n\n\n<h2>Quali sono le caratteristiche principali di una sedia adatta agli anziani?\u00a0 <\/h2>\n\n\n\n<ul><li>Altezza del sedile: le ginocchia non devono essere pi\u00f9 alte del sedile se la persona \u00e8 alta e i piedi devono essere posati piatti sul pavimento se la persona \u00e8 piccola<\/li><li>Profondit\u00e0 del sedile: la pi\u00f9 profonda possibile per massimizzare la superficie di supporto e ridurre la pressione sul sedile, senza che la parte anteriore del sedile premono contro il polpaccio (in modo da non interferire con il ritorno venoso alla cavit\u00e0 di papavero)<\/li><li>la larghezza del sedile: non troppo stretta ovviamente ma anche troppo larga, perch\u00e9 i braccioli servano da stabilizzatore e aiutino ad alzarsi<\/li><li>l&#39;inclinazione del sedile e dello schienale: un angolo del sedile di circa 10 gradi consente alla persona di essere correttamente incastrato nella sedia, senza che sia troppo difficile alzarsi; Se la sedia \u00e8 installata attorno a un tavolo fornire un angolo inferiore di circa 3 gradi e la persona \u00e8 a rischio di un angolo pi\u00f9 prominente in modo che il peso della parte superiore del corpo sia supportato dallo schienale<\/li><li>stallo laterale: una soluzione molto efficace \u00e8 posizionare cuscinetti sottili tra il tronco e le braccia, sotto le ascelle (sono regolabili in larghezza e attaccati alla parte posteriore; un supporto arrotondato per la testa o orecchie aiuter\u00e0 a tenere la testa ed evitare correnti d&#39;aria nel collo<\/li><li>cuscini rimovibili; Evitare tessuti rivestiti facili da lavare ma su cui sudare, poich\u00e9 la sudorazione indebolisce i tessuti; ci sono tessuti impermeabili, permeabili al vapore acqueo ed elastici rivestiti in poliuretano<\/li><\/ul>\n\n\n\n<h2>Errori da evitare <\/h2>\n\n\n\n<ul><li>lo schienale reclinabile con un sedile che non si inclina, perch\u00e9 si scivola in avanti<\/li><li>i cuscini in finta pelle in cui sudi<\/li><li>la sedia che taglia troppo grande <\/li><li>la sedia che \u00e8 troppo piccola <\/li><\/ul>\n\n\n\n<h2>La sedia perfetta<\/h2>\n\n\n\n<figure class=\"wp-block-image size-large is-resized\"><img decoding=\"async\" src=\"https:\/\/www.monsiegeamoi.com\/blog\/wp-content\/uploads\/2020\/02\/mon-siege-a-moi-majuscule-salon-1024x1024.jpg\" alt=\"Auricolare per anziani\" class=\"wp-image-298\" width=\"320\" srcset=\"https:\/\/www.monsiegeamoi.com\/blog\/wp-content\/uploads\/2020\/02\/mon-siege-a-moi-majuscule-salon-1024x1024.jpg 1024w, https:\/\/www.monsiegeamoi.com\/blog\/wp-content\/uploads\/2020\/02\/mon-siege-a-moi-majuscule-salon-300x300.jpg 300w, https:\/\/www.monsiegeamoi.com\/blog\/wp-content\/uploads\/2020\/02\/mon-siege-a-moi-majuscule-salon-150x150.jpg 150w, https:\/\/www.monsiegeamoi.com\/blog\/wp-content\/uploads\/2020\/02\/mon-siege-a-moi-majuscule-salon-768x768.jpg 768w, https:\/\/www.monsiegeamoi.com\/blog\/wp-content\/uploads\/2020\/02\/mon-siege-a-moi-majuscule-salon-1536x1536.jpg 1536w, https:\/\/www.monsiegeamoi.com\/blog\/wp-content\/uploads\/2020\/02\/mon-siege-a-moi-majuscule-salon-2048x2048.jpg 2048w, https:\/\/www.monsiegeamoi.com\/blog\/wp-content\/uploads\/2020\/02\/mon-siege-a-moi-majuscule-salon-900x900.jpg 900w, https:\/\/www.monsiegeamoi.com\/blog\/wp-content\/uploads\/2020\/02\/mon-siege-a-moi-majuscule-salon-400x400.jpg 400w\" sizes=\"(max-width: 1024px) 100vw, 1024px\" \/><\/figure>\n\n\n\n<p>Idealmente<a href=\"https:\/\/www.monsiegeamoi.com\/fr\/24-fauteuil-personne-agee-sur-mesure\"> la sedia \u00e8 realizzata s<\/a>u misura dalle misure dell&#39;anziano.\u00a0<\/p>\n\n\n\n<p>I cuscini sono adattati al rischio di piaghe da detoro, valutate da un medico o da un terapista. Se il rischio \u00e8 basso, una schiuma ad alta resilienza di tipo Bultex, con un sollevamento e una densit\u00e0 abbastanza elevati sul sedile, avr\u00e0 un effetto duraturo. Se il rischio \u00e8 medio-alto, considera i cuscini personalizzati o d&#39;aria. <br>L&#39;inclinazione della sedia \u00e8 definita con terapisti, a seconda delle attivit\u00e0 della persona o della necessit\u00e0 di supporto. Se necessario, i cuscini laterali aiutano a mantenere la persona. <br>La sedia ha uno stile che piace al suo reside<br>nte. Gli accessori completano l&#39;attrezzatura in base all&#39;attivit\u00e0: tablet, lettore, ruote per viaggi <\/p>\n","protected":false},"excerpt":{"rendered":"<p>Quando ho visitato EHPAD o altre istituzioni che ospitavano gli anziani, mentre lavoravo come product manager, spesso vedevo residenti anziani accasciati sulle loro sedie con una cattiva postura, appoggiati ai cuscini e appoggiati da un lato o scivolando in avanti dai loro posti.\u00a0 Tuttavia, ci sono soluzioni semplici in modo che una persona, il cui &hellip; <\/p>\n","protected":false},"author":1,"featured_media":0,"comment_status":"open","ping_status":"open","sticky":false,"template":"","format":"standard","meta":[],"categories":[64],"tags":[],"yoast_head":"<!-- This site is optimized with the Yoast SEO plugin v18.0 - https:\/\/yoast.com\/wordpress\/plugins\/seo\/ -->\n<title>Scegli una sedia personalizzata per un senior - Blog des fauteuils sur mesure<\/title>\n<meta name=\"robots\" content=\"index, follow, max-snippet:-1, max-image-preview:large, max-video-preview:-1\" \/>\n<link rel=\"canonical\" href=\"https:\/\/www.monsiegeamoi.com\/blog\/it\/2020\/02\/24\/choose-a-chair-tailor-for-a-senior-2\/\" \/>\n<meta property=\"og:locale\" content=\"fr_FR\" \/>\n<meta property=\"og:type\" content=\"article\" \/>\n<meta property=\"og:title\" content=\"Scegli una sedia personalizzata per un senior - Blog des fauteuils sur mesure\" \/>\n<meta property=\"og:description\" content=\"Quando ho visitato EHPAD o altre istituzioni che ospitavano gli anziani, mentre lavoravo come product manager, spesso vedevo residenti anziani accasciati sulle loro sedie con una cattiva postura, appoggiati ai cuscini e appoggiati da un lato o scivolando in avanti dai loro posti.\u00a0 Tuttavia, ci sono soluzioni semplici in modo che una persona, il cui &hellip;\" \/>\n<meta property=\"og:url\" content=\"https:\/\/www.monsiegeamoi.com\/blog\/it\/2020\/02\/24\/choose-a-chair-tailor-for-a-senior-2\/\" \/>\n<meta property=\"og:site_name\" content=\"Blog des fauteuils sur mesure\" \/>\n<meta property=\"article:publisher\" content=\"https:\/\/www.facebook.com\/msam.fr\/\" \/>\n<meta property=\"article:published_time\" content=\"2020-02-24T07:47:57+00:00\" \/>\n<meta property=\"og:image\" content=\"https:\/\/www.monsiegeamoi.com\/blog\/wp-content\/uploads\/2020\/02\/posture-assise-senior-fauteuil-trop-grand-1024x1024.jpg\" \/>\n<meta name=\"twitter:card\" content=\"summary_large_image\" \/>\n<meta name=\"twitter:label1\" content=\"\u00c9crit par\" \/>\n\t<meta name=\"twitter:data1\" content=\"Bruno DUVAL\" \/>\n\t<meta name=\"twitter:label2\" content=\"Dur\u00e9e de lecture estim\u00e9e\" \/>\n\t<meta name=\"twitter:data2\" content=\"4 minutes\" \/>\n<script type=\"application\/ld+json\" class=\"yoast-schema-graph\">{\"@context\":\"https:\/\/schema.org\",\"@graph\":[{\"@type\":\"Organization\",\"@id\":\"https:\/\/www.monsiegeamoi.com\/blog\/#organization\",\"name\":\"mon si\u00e8ge \u00e0 moi\",\"url\":\"https:\/\/www.monsiegeamoi.com\/blog\/\",\"sameAs\":[\"https:\/\/www.facebook.com\/msam.fr\/\",\"https:\/\/www.instagram.com\/mon_siege_a_moi\/\",\"https:\/\/www.linkedin.com\/company\/35628798\/admin\/\",\"https:\/\/www.youtube.com\/channel\/UCdd1LuYl2T3uLrnreIEbx2g\",\"https:\/\/www.pinterest.fr\/bduval0428\/\"],\"logo\":{\"@type\":\"ImageObject\",\"@id\":\"https:\/\/www.monsiegeamoi.com\/blog\/#logo\",\"inLanguage\":\"fr-FR\",\"url\":\"https:\/\/www.monsiegeamoi.com\/blog\/wp-content\/uploads\/2020\/01\/logo-msam-carre-1.png\",\"contentUrl\":\"https:\/\/www.monsiegeamoi.com\/blog\/wp-content\/uploads\/2020\/01\/logo-msam-carre-1.png\",\"width\":350,\"height\":350,\"caption\":\"mon si\u00e8ge \u00e0 moi\"},\"image\":{\"@id\":\"https:\/\/www.monsiegeamoi.com\/blog\/#logo\"}},{\"@type\":\"WebSite\",\"@id\":\"https:\/\/www.monsiegeamoi.com\/blog\/#website\",\"url\":\"https:\/\/www.monsiegeamoi.com\/blog\/\",\"name\":\"Fauteuils et innovations\",\"description\":\"D\u00e9couvrez l&#039;histoire et l&#039;actualit\u00e9 des fauteuils sur mesure\",\"publisher\":{\"@id\":\"https:\/\/www.monsiegeamoi.com\/blog\/#organization\"},\"potentialAction\":[{\"@type\":\"SearchAction\",\"target\":{\"@type\":\"EntryPoint\",\"urlTemplate\":\"https:\/\/www.monsiegeamoi.com\/blog\/?s={search_term_string}\"},\"query-input\":\"required name=search_term_string\"}],\"inLanguage\":\"fr-FR\"},{\"@type\":\"ImageObject\",\"@id\":\"https:\/\/www.monsiegeamoi.com\/blog\/it\/2020\/02\/24\/choose-a-chair-tailor-for-a-senior-2\/#primaryimage\",\"inLanguage\":\"fr-FR\",\"url\":\"https:\/\/www.monsiegeamoi.com\/blog\/wp-content\/uploads\/2020\/02\/posture-assise-senior-fauteuil-trop-grand.jpg\",\"contentUrl\":\"https:\/\/www.monsiegeamoi.com\/blog\/wp-content\/uploads\/2020\/02\/posture-assise-senior-fauteuil-trop-grand.jpg\",\"width\":1344,\"height\":1344,\"caption\":\"Senior au fauteuil\"},{\"@type\":\"WebPage\",\"@id\":\"https:\/\/www.monsiegeamoi.com\/blog\/it\/2020\/02\/24\/choose-a-chair-tailor-for-a-senior-2\/#webpage\",\"url\":\"https:\/\/www.monsiegeamoi.com\/blog\/it\/2020\/02\/24\/choose-a-chair-tailor-for-a-senior-2\/\",\"name\":\"Scegli una sedia personalizzata per un senior - Blog des fauteuils sur mesure\",\"isPartOf\":{\"@id\":\"https:\/\/www.monsiegeamoi.com\/blog\/#website\"},\"primaryImageOfPage\":{\"@id\":\"https:\/\/www.monsiegeamoi.com\/blog\/it\/2020\/02\/24\/choose-a-chair-tailor-for-a-senior-2\/#primaryimage\"},\"datePublished\":\"2020-02-24T07:47:57+00:00\",\"dateModified\":\"2020-02-24T07:47:57+00:00\",\"breadcrumb\":{\"@id\":\"https:\/\/www.monsiegeamoi.com\/blog\/it\/2020\/02\/24\/choose-a-chair-tailor-for-a-senior-2\/#breadcrumb\"},\"inLanguage\":\"fr-FR\",\"potentialAction\":[{\"@type\":\"ReadAction\",\"target\":[\"https:\/\/www.monsiegeamoi.com\/blog\/it\/2020\/02\/24\/choose-a-chair-tailor-for-a-senior-2\/\"]}]},{\"@type\":\"BreadcrumbList\",\"@id\":\"https:\/\/www.monsiegeamoi.com\/blog\/it\/2020\/02\/24\/choose-a-chair-tailor-for-a-senior-2\/#breadcrumb\",\"itemListElement\":[{\"@type\":\"ListItem\",\"position\":1,\"name\":\"Accueil\",\"item\":\"https:\/\/www.monsiegeamoi.com\/blog\/\"},{\"@type\":\"ListItem\",\"position\":2,\"name\":\"Scegli una sedia personalizzata per un senior\"}]},{\"@type\":\"Article\",\"@id\":\"https:\/\/www.monsiegeamoi.com\/blog\/it\/2020\/02\/24\/choose-a-chair-tailor-for-a-senior-2\/#article\",\"isPartOf\":{\"@id\":\"https:\/\/www.monsiegeamoi.com\/blog\/it\/2020\/02\/24\/choose-a-chair-tailor-for-a-senior-2\/#webpage\"},\"author\":{\"@id\":\"https:\/\/www.monsiegeamoi.com\/blog\/#\/schema\/person\/6c2e4ef71c12dc348f70f48155da5c66\"},\"headline\":\"Scegli una sedia personalizzata per un senior\",\"datePublished\":\"2020-02-24T07:47:57+00:00\",\"dateModified\":\"2020-02-24T07:47:57+00:00\",\"mainEntityOfPage\":{\"@id\":\"https:\/\/www.monsiegeamoi.com\/blog\/it\/2020\/02\/24\/choose-a-chair-tailor-for-a-senior-2\/#webpage\"},\"wordCount\":737,\"commentCount\":0,\"publisher\":{\"@id\":\"https:\/\/www.monsiegeamoi.com\/blog\/#organization\"},\"image\":{\"@id\":\"https:\/\/www.monsiegeamoi.com\/blog\/it\/2020\/02\/24\/choose-a-chair-tailor-for-a-senior-2\/#primaryimage\"},\"thumbnailUrl\":\"https:\/\/www.monsiegeamoi.com\/blog\/wp-content\/uploads\/2020\/02\/posture-assise-senior-fauteuil-trop-grand-1024x1024.jpg\",\"articleSection\":[\"Comfort di seduta\"],\"inLanguage\":\"fr-FR\",\"potentialAction\":[{\"@type\":\"CommentAction\",\"name\":\"Comment\",\"target\":[\"https:\/\/www.monsiegeamoi.com\/blog\/it\/2020\/02\/24\/choose-a-chair-tailor-for-a-senior-2\/#respond\"]}]},{\"@type\":\"Person\",\"@id\":\"https:\/\/www.monsiegeamoi.com\/blog\/#\/schema\/person\/6c2e4ef71c12dc348f70f48155da5c66\",\"name\":\"Bruno DUVAL\",\"image\":{\"@type\":\"ImageObject\",\"@id\":\"https:\/\/www.monsiegeamoi.com\/blog\/#personlogo\",\"inLanguage\":\"fr-FR\",\"url\":\"https:\/\/secure.gravatar.com\/avatar\/d72ff8c522ba9b71838f031c69c2f326?s=96&d=mm&r=g\",\"contentUrl\":\"https:\/\/secure.gravatar.com\/avatar\/d72ff8c522ba9b71838f031c69c2f326?s=96&d=mm&r=g\",\"caption\":\"Bruno DUVAL\"},\"url\":\"https:\/\/www.monsiegeamoi.com\/blog\/author\/bruno-duval44gmail-com\/\"}]}<\/script>\n<!-- \/ Yoast SEO plugin. -->","yoast_head_json":{"title":"Scegli una sedia personalizzata per un senior - Blog des fauteuils sur mesure","robots":{"index":"index","follow":"follow","max-snippet":"max-snippet:-1","max-image-preview":"max-image-preview:large","max-video-preview":"max-video-preview:-1"},"canonical":"https:\/\/www.monsiegeamoi.com\/blog\/it\/2020\/02\/24\/choose-a-chair-tailor-for-a-senior-2\/","og_locale":"fr_FR","og_type":"article","og_title":"Scegli una sedia personalizzata per un senior - Blog des fauteuils sur mesure","og_description":"Quando ho visitato EHPAD o altre istituzioni che ospitavano gli anziani, mentre lavoravo come product manager, spesso vedevo residenti anziani accasciati sulle loro sedie con una cattiva postura, appoggiati ai cuscini e appoggiati da un lato o scivolando in avanti dai loro posti.\u00a0 Tuttavia, ci sono soluzioni semplici in modo che una persona, il cui &hellip;","og_url":"https:\/\/www.monsiegeamoi.com\/blog\/it\/2020\/02\/24\/choose-a-chair-tailor-for-a-senior-2\/","og_site_name":"Blog des fauteuils sur mesure","article_publisher":"https:\/\/www.facebook.com\/msam.fr\/","article_published_time":"2020-02-24T07:47:57+00:00","og_image":[{"url":"https:\/\/www.monsiegeamoi.com\/blog\/wp-content\/uploads\/2020\/02\/posture-assise-senior-fauteuil-trop-grand-1024x1024.jpg"}],"twitter_card":"summary_large_image","twitter_misc":{"\u00c9crit par":"Bruno DUVAL","Dur\u00e9e de lecture estim\u00e9e":"4 minutes"},"schema":{"@context":"https:\/\/schema.org","@graph":[{"@type":"Organization","@id":"https:\/\/www.monsiegeamoi.com\/blog\/#organization","name":"mon si\u00e8ge \u00e0 moi","url":"https:\/\/www.monsiegeamoi.com\/blog\/","sameAs":["https:\/\/www.facebook.com\/msam.fr\/","https:\/\/www.instagram.com\/mon_siege_a_moi\/","https:\/\/www.linkedin.com\/company\/35628798\/admin\/","https:\/\/www.youtube.com\/channel\/UCdd1LuYl2T3uLrnreIEbx2g","https:\/\/www.pinterest.fr\/bduval0428\/"],"logo":{"@type":"ImageObject","@id":"https:\/\/www.monsiegeamoi.com\/blog\/#logo","inLanguage":"fr-FR","url":"https:\/\/www.monsiegeamoi.com\/blog\/wp-content\/uploads\/2020\/01\/logo-msam-carre-1.png","contentUrl":"https:\/\/www.monsiegeamoi.com\/blog\/wp-content\/uploads\/2020\/01\/logo-msam-carre-1.png","width":350,"height":350,"caption":"mon si\u00e8ge \u00e0 moi"},"image":{"@id":"https:\/\/www.monsiegeamoi.com\/blog\/#logo"}},{"@type":"WebSite","@id":"https:\/\/www.monsiegeamoi.com\/blog\/#website","url":"https:\/\/www.monsiegeamoi.com\/blog\/","name":"Fauteuils et innovations","description":"D\u00e9couvrez l&#039;histoire et l&#039;actualit\u00e9 des fauteuils sur mesure","publisher":{"@id":"https:\/\/www.monsiegeamoi.com\/blog\/#organization"},"potentialAction":[{"@type":"SearchAction","target":{"@type":"EntryPoint","urlTemplate":"https:\/\/www.monsiegeamoi.com\/blog\/?s={search_term_string}"},"query-input":"required name=search_term_string"}],"inLanguage":"fr-FR"},{"@type":"ImageObject","@id":"https:\/\/www.monsiegeamoi.com\/blog\/it\/2020\/02\/24\/choose-a-chair-tailor-for-a-senior-2\/#primaryimage","inLanguage":"fr-FR","url":"https:\/\/www.monsiegeamoi.com\/blog\/wp-content\/uploads\/2020\/02\/posture-assise-senior-fauteuil-trop-grand.jpg","contentUrl":"https:\/\/www.monsiegeamoi.com\/blog\/wp-content\/uploads\/2020\/02\/posture-assise-senior-fauteuil-trop-grand.jpg","width":1344,"height":1344,"caption":"Senior au fauteuil"},{"@type":"WebPage","@id":"https:\/\/www.monsiegeamoi.com\/blog\/it\/2020\/02\/24\/choose-a-chair-tailor-for-a-senior-2\/#webpage","url":"https:\/\/www.monsiegeamoi.com\/blog\/it\/2020\/02\/24\/choose-a-chair-tailor-for-a-senior-2\/","name":"Scegli una sedia personalizzata per un senior - Blog des fauteuils sur mesure","isPartOf":{"@id":"https:\/\/www.monsiegeamoi.com\/blog\/#website"},"primaryImageOfPage":{"@id":"https:\/\/www.monsiegeamoi.com\/blog\/it\/2020\/02\/24\/choose-a-chair-tailor-for-a-senior-2\/#primaryimage"},"datePublished":"2020-02-24T07:47:57+00:00","dateModified":"2020-02-24T07:47:57+00:00","breadcrumb":{"@id":"https:\/\/www.monsiegeamoi.com\/blog\/it\/2020\/02\/24\/choose-a-chair-tailor-for-a-senior-2\/#breadcrumb"},"inLanguage":"fr-FR","potentialAction":[{"@type":"ReadAction","target":["https:\/\/www.monsiegeamoi.com\/blog\/it\/2020\/02\/24\/choose-a-chair-tailor-for-a-senior-2\/"]}]},{"@type":"BreadcrumbList","@id":"https:\/\/www.monsiegeamoi.com\/blog\/it\/2020\/02\/24\/choose-a-chair-tailor-for-a-senior-2\/#breadcrumb","itemListElement":[{"@type":"ListItem","position":1,"name":"Accueil","item":"https:\/\/www.monsiegeamoi.com\/blog\/"},{"@type":"ListItem","position":2,"name":"Scegli una sedia personalizzata per un senior"}]},{"@type":"Article","@id":"https:\/\/www.monsiegeamoi.com\/blog\/it\/2020\/02\/24\/choose-a-chair-tailor-for-a-senior-2\/#article","isPartOf":{"@id":"https:\/\/www.monsiegeamoi.com\/blog\/it\/2020\/02\/24\/choose-a-chair-tailor-for-a-senior-2\/#webpage"},"author":{"@id":"https:\/\/www.monsiegeamoi.com\/blog\/#\/schema\/person\/6c2e4ef71c12dc348f70f48155da5c66"},"headline":"Scegli una sedia personalizzata per un senior","datePublished":"2020-02-24T07:47:57+00:00","dateModified":"2020-02-24T07:47:57+00:00","mainEntityOfPage":{"@id":"https:\/\/www.monsiegeamoi.com\/blog\/it\/2020\/02\/24\/choose-a-chair-tailor-for-a-senior-2\/#webpage"},"wordCount":737,"commentCount":0,"publisher":{"@id":"https:\/\/www.monsiegeamoi.com\/blog\/#organization"},"image":{"@id":"https:\/\/www.monsiegeamoi.com\/blog\/it\/2020\/02\/24\/choose-a-chair-tailor-for-a-senior-2\/#primaryimage"},"thumbnailUrl":"https:\/\/www.monsiegeamoi.com\/blog\/wp-content\/uploads\/2020\/02\/posture-assise-senior-fauteuil-trop-grand-1024x1024.jpg","articleSection":["Comfort di seduta"],"inLanguage":"fr-FR","potentialAction":[{"@type":"CommentAction","name":"Comment","target":["https:\/\/www.monsiegeamoi.com\/blog\/it\/2020\/02\/24\/choose-a-chair-tailor-for-a-senior-2\/#respond"]}]},{"@type":"Person","@id":"https:\/\/www.monsiegeamoi.com\/blog\/#\/schema\/person\/6c2e4ef71c12dc348f70f48155da5c66","name":"Bruno DUVAL","image":{"@type":"ImageObject","@id":"https:\/\/www.monsiegeamoi.com\/blog\/#personlogo","inLanguage":"fr-FR","url":"https:\/\/secure.gravatar.com\/avatar\/d72ff8c522ba9b71838f031c69c2f326?s=96&d=mm&r=g","contentUrl":"https:\/\/secure.gravatar.com\/avatar\/d72ff8c522ba9b71838f031c69c2f326?s=96&d=mm&r=g","caption":"Bruno DUVAL"},"url":"https:\/\/www.monsiegeamoi.com\/blog\/author\/bruno-duval44gmail-com\/"}]}},"_links":{"self":[{"href":"https:\/\/www.monsiegeamoi.com\/blog\/wp-json\/wp\/v2\/posts\/639"}],"collection":[{"href":"https:\/\/www.monsiegeamoi.com\/blog\/wp-json\/wp\/v2\/posts"}],"about":[{"href":"https:\/\/www.monsiegeamoi.com\/blog\/wp-json\/wp\/v2\/types\/post"}],"author":[{"embeddable":true,"href":"https:\/\/www.monsiegeamoi.com\/blog\/wp-json\/wp\/v2\/users\/1"}],"replies":[{"embeddable":true,"href":"https:\/\/www.monsiegeamoi.com\/blog\/wp-json\/wp\/v2\/comments?post=639"}],"version-history":[{"count":0,"href":"https:\/\/www.monsiegeamoi.com\/blog\/wp-json\/wp\/v2\/posts\/639\/revisions"}],"wp:attachment":[{"href":"https:\/\/www.monsiegeamoi.com\/blog\/wp-json\/wp\/v2\/media?parent=639"}],"wp:term":[{"taxonomy":"category","embeddable":true,"href":"https:\/\/www.monsiegeamoi.com\/blog\/wp-json\/wp\/v2\/categories?post=639"},{"taxonomy":"post_tag","embeddable":true,"href":"https:\/\/www.monsiegeamoi.com\/blog\/wp-json\/wp\/v2\/tags?post=639"}],"curies":[{"name":"wp","href":"https:\/\/api.w.org\/{rel}","templated":true}]}}