{"id":637,"date":"2020-04-21T08:41:48","date_gmt":"2020-04-21T08:41:48","guid":{"rendered":"https:\/\/www.monsiegeamoi.com\/blog\/?p=392"},"modified":"2020-04-21T08:41:48","modified_gmt":"2020-04-21T08:41:48","slug":"what-cousin-for-the-furniture-of-garden-2","status":"publish","type":"post","link":"https:\/\/www.monsiegeamoi.com\/blog\/it\/2020\/04\/21\/what-cousin-for-the-furniture-of-garden-2\/","title":{"rendered":"Quale cuscino per mobili da giardino?"},"content":{"rendered":"\n<p>I cuscini nelle nostre sedie o salotti da giardino sono intemperie e invecchiano prematuramente. Quindi quale soluzione pu\u00f2 essere scelta in modo che i nostri cuscini mantengano il loro comfort e i loro colori originali?<\/p>\n\n\n\n<h2>Ma di che male soffrono? <\/h2>\n\n\n\n<p>Quando sono soli i cuscini del nostro soggiorno in giardino sono soggetti agli effetti di umidit\u00e0, gelo, polvere, calore, UV. <br>Quando si siedono su di esso reagiscono alle creme solari, sfregando e schiacciando.  <br>Per non parlare degli artigli dei gatti o del guano dei piaf.<br> <\/p>\n\n\n\n<figure class=\"wp-block-image size-large\"><img decoding=\"async\" loading=\"lazy\" width=\"1024\" height=\"312\" src=\"https:\/\/www.monsiegeamoi.com\/blog\/wp-content\/uploads\/2020\/04\/sans-titre-1024x312.jpg\" alt=\"\" class=\"wp-image-393\" srcset=\"https:\/\/www.monsiegeamoi.com\/blog\/wp-content\/uploads\/2020\/04\/sans-titre-1024x312.jpg 1024w, https:\/\/www.monsiegeamoi.com\/blog\/wp-content\/uploads\/2020\/04\/sans-titre-300x92.jpg 300w, https:\/\/www.monsiegeamoi.com\/blog\/wp-content\/uploads\/2020\/04\/sans-titre-768x234.jpg 768w, https:\/\/www.monsiegeamoi.com\/blog\/wp-content\/uploads\/2020\/04\/sans-titre-900x275.jpg 900w, https:\/\/www.monsiegeamoi.com\/blog\/wp-content\/uploads\/2020\/04\/sans-titre-400x122.jpg 400w, https:\/\/www.monsiegeamoi.com\/blog\/wp-content\/uploads\/2020\/04\/sans-titre.jpg 1200w\" sizes=\"(max-width: 1024px) 100vw, 1024px\" \/><\/figure>\n\n\n\n<h2>Il cuscino tradizionale  <\/h2>\n\n\n\n<p>Di solito \u00e8 costituito da una schiuma, spessa da 2 cm a 6 cm e da un coperchio fisso o rimovibile.<br>Se i tuoi mobili da giardino sono sotto un rifugio o ti prendi cura di portare i cuscini quando il tempo \u00e8 permanentemente brutto questa soluzione \u00e8 sia la pi\u00f9 confortevole che la pi\u00f9 estetica, perch\u00e9 puoi scegliere il colore e l&#39;arredamento che desideri. <br>I nostri consi<br>gli: &#8211; optare per cuscini con coperture rimovibil<br>i &#8211; evitare tessuti impermeabili su cui si suda in estate &#8211; un<br> tessuto impermeabile permetter\u00e0 ai cuscini di asciugarsi rapidamente, pur essendo tra<br>spiranti &#8211; troppo scuri i cuscini immagazzinano calore e troppo leggeri abbaglia quando il sole d\u00e0; optare per cuscini o colori grigio chiaro<br><\/p>\n\n\n\n<h2>Il cuscino ventilato in maglia 3D<\/h2>\n\n\n\n<p>La maglia 3D \u00e8 composta da un filato in poliestere a maglia tridimensionale. <br>La maglieria \u00e8 ariosa e quindi consente all&#39;aria e all&#39;acqua di passare (la fibra di poliestere a differenza di una fibra di cotone non assorbe l&#39;acqua). <br>Il suo colore nero non \u00e8 disordinato (poich\u00e9 la sua struttura \u00e8 ariosa non immagazzina una quantit\u00e0 significativa di calore).<br>L&#39;acqua piovana passa attraverso e per lavarla puoi semplicemente passarla attraverso l&#39;acqua. Per asciugare il cuscino scuotirlo, come se si stava strizzare l&#39;insalata.<br>Il calore del tuo corpo riscalda l&#39;aria che circola liberamente attraverso la rete. La termoregolazione non \u00e8 ostacolata e il sudore non macchia il cuscino. <br>I suoi limit<br>i: &#8211; lo spessore \u00e8 compreso tra 2 e 3 cm (ma 3 cm \u00e8 sufficiente per una sedia da giardino in termini di <br>comfort) &#8211; esiste solo in nero (ma il nero va c<br>on tutto) &#8211; \u00e8 pi\u00f9 costoso di un cuscino tradizionale (contare cinquanta euro per un cuscino di 45 x 45 x3 cm) ma smorza nel tempo<\/p>\n\n\n\n<figure class=\"wp-block-image size-large\"><img decoding=\"async\" loading=\"lazy\" width=\"1024\" height=\"399\" src=\"https:\/\/www.monsiegeamoi.com\/blog\/wp-content\/uploads\/2020\/04\/coussin-ventilsit-1-1024x399.jpg\" alt=\"\" class=\"wp-image-398\" srcset=\"https:\/\/www.monsiegeamoi.com\/blog\/wp-content\/uploads\/2020\/04\/coussin-ventilsit-1-1024x399.jpg 1024w, https:\/\/www.monsiegeamoi.com\/blog\/wp-content\/uploads\/2020\/04\/coussin-ventilsit-1-300x117.jpg 300w, https:\/\/www.monsiegeamoi.com\/blog\/wp-content\/uploads\/2020\/04\/coussin-ventilsit-1-768x299.jpg 768w, https:\/\/www.monsiegeamoi.com\/blog\/wp-content\/uploads\/2020\/04\/coussin-ventilsit-1-900x351.jpg 900w, https:\/\/www.monsiegeamoi.com\/blog\/wp-content\/uploads\/2020\/04\/coussin-ventilsit-1-400x156.jpg 400w, https:\/\/www.monsiegeamoi.com\/blog\/wp-content\/uploads\/2020\/04\/coussin-ventilsit-1.jpg 1272w\" sizes=\"(max-width: 1024px) 100vw, 1024px\" \/><figcaption>Cuscino 3D di Ventilsit<\/figcaption><\/figure>\n\n\n\n<h2> Il cuscino sintetico del prato<\/h2>\n\n\n\n<figure class=\"wp-block-image size-large\"><a href=\"https:\/\/www.monsiegeamoi.com\/fr\/22-salon-de-jardin\"><img decoding=\"async\" loading=\"lazy\" width=\"1024\" height=\"368\" src=\"https:\/\/www.monsiegeamoi.com\/blog\/wp-content\/uploads\/2020\/04\/salon-de-jardin-coussin-pelouse-synthtique-1024x368.jpg\" alt=\"\" class=\"wp-image-400\" srcset=\"https:\/\/www.monsiegeamoi.com\/blog\/wp-content\/uploads\/2020\/04\/salon-de-jardin-coussin-pelouse-synthtique-1024x368.jpg 1024w, https:\/\/www.monsiegeamoi.com\/blog\/wp-content\/uploads\/2020\/04\/salon-de-jardin-coussin-pelouse-synthtique-300x108.jpg 300w, https:\/\/www.monsiegeamoi.com\/blog\/wp-content\/uploads\/2020\/04\/salon-de-jardin-coussin-pelouse-synthtique-768x276.jpg 768w, https:\/\/www.monsiegeamoi.com\/blog\/wp-content\/uploads\/2020\/04\/salon-de-jardin-coussin-pelouse-synthtique-900x323.jpg 900w, https:\/\/www.monsiegeamoi.com\/blog\/wp-content\/uploads\/2020\/04\/salon-de-jardin-coussin-pelouse-synthtique-400x144.jpg 400w, https:\/\/www.monsiegeamoi.com\/blog\/wp-content\/uploads\/2020\/04\/salon-de-jardin-coussin-pelouse-synthtique.jpg 1358w\" sizes=\"(max-width: 1024px) 100vw, 1024px\" \/><\/a><figcaption>Garden Lounge su misura Il mio posto a me<\/figcaption><\/figure>\n\n\n\n<p>O come deviare un materiale? Ci sono prati sintetici con fili lunghi fino a 45 mm per portare un lato confortevole al cuscino. <br>Il prato sintetico \u00e8 progettato per l&#39;uso esterno e pu\u00f2 resistere a pioggia, gelo, grandine, calore e UFO. <br>Verde non immagazzina calore e l&#39;aria circola tra i fili. Se sei in pantaloncini o gonne non teme il contatto con la pelle e non promuove nemmeno il sudore. <br>Si lava con acqua e per asciugarlo puoi semplicemente scuoterlo.<br>Il suo prezzo \u00e8 equivalente a quello di un cuscino in schiuma.<br>Lo sapevi?  Il prato sintetico \u00e8 disponibile in una tavolozza di colori (rosso, giallo, grigio, blu, ecc.).<br> I suoi limit<br>i: &#8211; in verde d\u00e0 un aspetto kitsch al salone del giardino (personalmente mi piace molto ma gusti e colori &#8230;) <br>&#8211; non \u00e8 comodo come un cuscino in schiuma (ma molto pi\u00f9 comodo di un sedile nudo)<br><\/p>\n\n\n\n<p><\/p>\n","protected":false},"excerpt":{"rendered":"<p>I cuscini nelle nostre sedie o salotti da giardino sono intemperie e invecchiano prematuramente. Quindi quale soluzione pu\u00f2 essere scelta in modo che i nostri cuscini mantengano il loro comfort e i loro colori originali?<\/p>\n","protected":false},"author":1,"featured_media":0,"comment_status":"open","ping_status":"open","sticky":false,"template":"","format":"standard","meta":[],"categories":[64,54],"tags":[],"yoast_head":"<!-- This site is optimized with the Yoast SEO plugin v18.0 - https:\/\/yoast.com\/wordpress\/plugins\/seo\/ -->\n<title>Quale cuscino per mobili da giardino? - Blog des fauteuils sur mesure<\/title>\n<meta name=\"robots\" content=\"index, follow, max-snippet:-1, max-image-preview:large, max-video-preview:-1\" \/>\n<link rel=\"canonical\" href=\"https:\/\/www.monsiegeamoi.com\/blog\/it\/2020\/04\/21\/what-cousin-for-the-furniture-of-garden-2\/\" \/>\n<meta property=\"og:locale\" content=\"fr_FR\" \/>\n<meta property=\"og:type\" content=\"article\" \/>\n<meta property=\"og:title\" content=\"Quale cuscino per mobili da giardino? - Blog des fauteuils sur mesure\" \/>\n<meta property=\"og:description\" content=\"I cuscini nelle nostre sedie o salotti da giardino sono intemperie e invecchiano prematuramente. Quindi quale soluzione pu\u00f2 essere scelta in modo che i nostri cuscini mantengano il loro comfort e i loro colori originali?\" \/>\n<meta property=\"og:url\" content=\"https:\/\/www.monsiegeamoi.com\/blog\/it\/2020\/04\/21\/what-cousin-for-the-furniture-of-garden-2\/\" \/>\n<meta property=\"og:site_name\" content=\"Blog des fauteuils sur mesure\" \/>\n<meta property=\"article:publisher\" content=\"https:\/\/www.facebook.com\/msam.fr\/\" \/>\n<meta property=\"article:published_time\" content=\"2020-04-21T08:41:48+00:00\" \/>\n<meta property=\"og:image\" content=\"https:\/\/www.monsiegeamoi.com\/blog\/wp-content\/uploads\/2020\/04\/sans-titre-1024x312.jpg\" \/>\n<meta name=\"twitter:card\" content=\"summary_large_image\" \/>\n<meta name=\"twitter:label1\" content=\"\u00c9crit par\" \/>\n\t<meta name=\"twitter:data1\" content=\"Bruno DUVAL\" \/>\n\t<meta name=\"twitter:label2\" content=\"Dur\u00e9e de lecture estim\u00e9e\" \/>\n\t<meta name=\"twitter:data2\" content=\"3 minutes\" \/>\n<script type=\"application\/ld+json\" class=\"yoast-schema-graph\">{\"@context\":\"https:\/\/schema.org\",\"@graph\":[{\"@type\":\"Organization\",\"@id\":\"https:\/\/www.monsiegeamoi.com\/blog\/#organization\",\"name\":\"mon si\u00e8ge \u00e0 moi\",\"url\":\"https:\/\/www.monsiegeamoi.com\/blog\/\",\"sameAs\":[\"https:\/\/www.facebook.com\/msam.fr\/\",\"https:\/\/www.instagram.com\/mon_siege_a_moi\/\",\"https:\/\/www.linkedin.com\/company\/35628798\/admin\/\",\"https:\/\/www.youtube.com\/channel\/UCdd1LuYl2T3uLrnreIEbx2g\",\"https:\/\/www.pinterest.fr\/bduval0428\/\"],\"logo\":{\"@type\":\"ImageObject\",\"@id\":\"https:\/\/www.monsiegeamoi.com\/blog\/#logo\",\"inLanguage\":\"fr-FR\",\"url\":\"https:\/\/www.monsiegeamoi.com\/blog\/wp-content\/uploads\/2020\/01\/logo-msam-carre-1.png\",\"contentUrl\":\"https:\/\/www.monsiegeamoi.com\/blog\/wp-content\/uploads\/2020\/01\/logo-msam-carre-1.png\",\"width\":350,\"height\":350,\"caption\":\"mon si\u00e8ge \u00e0 moi\"},\"image\":{\"@id\":\"https:\/\/www.monsiegeamoi.com\/blog\/#logo\"}},{\"@type\":\"WebSite\",\"@id\":\"https:\/\/www.monsiegeamoi.com\/blog\/#website\",\"url\":\"https:\/\/www.monsiegeamoi.com\/blog\/\",\"name\":\"Fauteuils et innovations\",\"description\":\"D\u00e9couvrez l&#039;histoire et l&#039;actualit\u00e9 des fauteuils sur mesure\",\"publisher\":{\"@id\":\"https:\/\/www.monsiegeamoi.com\/blog\/#organization\"},\"potentialAction\":[{\"@type\":\"SearchAction\",\"target\":{\"@type\":\"EntryPoint\",\"urlTemplate\":\"https:\/\/www.monsiegeamoi.com\/blog\/?s={search_term_string}\"},\"query-input\":\"required name=search_term_string\"}],\"inLanguage\":\"fr-FR\"},{\"@type\":\"ImageObject\",\"@id\":\"https:\/\/www.monsiegeamoi.com\/blog\/it\/2020\/04\/21\/what-cousin-for-the-furniture-of-garden-2\/#primaryimage\",\"inLanguage\":\"fr-FR\",\"url\":\"https:\/\/www.monsiegeamoi.com\/blog\/wp-content\/uploads\/2020\/04\/sans-titre.jpg\",\"contentUrl\":\"https:\/\/www.monsiegeamoi.com\/blog\/wp-content\/uploads\/2020\/04\/sans-titre.jpg\",\"width\":1200,\"height\":366},{\"@type\":\"WebPage\",\"@id\":\"https:\/\/www.monsiegeamoi.com\/blog\/it\/2020\/04\/21\/what-cousin-for-the-furniture-of-garden-2\/#webpage\",\"url\":\"https:\/\/www.monsiegeamoi.com\/blog\/it\/2020\/04\/21\/what-cousin-for-the-furniture-of-garden-2\/\",\"name\":\"Quale cuscino per mobili da giardino? - Blog des fauteuils sur mesure\",\"isPartOf\":{\"@id\":\"https:\/\/www.monsiegeamoi.com\/blog\/#website\"},\"primaryImageOfPage\":{\"@id\":\"https:\/\/www.monsiegeamoi.com\/blog\/it\/2020\/04\/21\/what-cousin-for-the-furniture-of-garden-2\/#primaryimage\"},\"datePublished\":\"2020-04-21T08:41:48+00:00\",\"dateModified\":\"2020-04-21T08:41:48+00:00\",\"breadcrumb\":{\"@id\":\"https:\/\/www.monsiegeamoi.com\/blog\/it\/2020\/04\/21\/what-cousin-for-the-furniture-of-garden-2\/#breadcrumb\"},\"inLanguage\":\"fr-FR\",\"potentialAction\":[{\"@type\":\"ReadAction\",\"target\":[\"https:\/\/www.monsiegeamoi.com\/blog\/it\/2020\/04\/21\/what-cousin-for-the-furniture-of-garden-2\/\"]}]},{\"@type\":\"BreadcrumbList\",\"@id\":\"https:\/\/www.monsiegeamoi.com\/blog\/it\/2020\/04\/21\/what-cousin-for-the-furniture-of-garden-2\/#breadcrumb\",\"itemListElement\":[{\"@type\":\"ListItem\",\"position\":1,\"name\":\"Accueil\",\"item\":\"https:\/\/www.monsiegeamoi.com\/blog\/\"},{\"@type\":\"ListItem\",\"position\":2,\"name\":\"Quale cuscino per mobili da giardino?\"}]},{\"@type\":\"Article\",\"@id\":\"https:\/\/www.monsiegeamoi.com\/blog\/it\/2020\/04\/21\/what-cousin-for-the-furniture-of-garden-2\/#article\",\"isPartOf\":{\"@id\":\"https:\/\/www.monsiegeamoi.com\/blog\/it\/2020\/04\/21\/what-cousin-for-the-furniture-of-garden-2\/#webpage\"},\"author\":{\"@id\":\"https:\/\/www.monsiegeamoi.com\/blog\/#\/schema\/person\/6c2e4ef71c12dc348f70f48155da5c66\"},\"headline\":\"Quale cuscino per mobili da giardino?\",\"datePublished\":\"2020-04-21T08:41:48+00:00\",\"dateModified\":\"2020-04-21T08:41:48+00:00\",\"mainEntityOfPage\":{\"@id\":\"https:\/\/www.monsiegeamoi.com\/blog\/it\/2020\/04\/21\/what-cousin-for-the-furniture-of-garden-2\/#webpage\"},\"wordCount\":542,\"commentCount\":0,\"publisher\":{\"@id\":\"https:\/\/www.monsiegeamoi.com\/blog\/#organization\"},\"image\":{\"@id\":\"https:\/\/www.monsiegeamoi.com\/blog\/it\/2020\/04\/21\/what-cousin-for-the-furniture-of-garden-2\/#primaryimage\"},\"thumbnailUrl\":\"https:\/\/www.monsiegeamoi.com\/blog\/wp-content\/uploads\/2020\/04\/sans-titre-1024x312.jpg\",\"articleSection\":[\"Comfort di seduta\",\"Innovazione dei posti a sedere\"],\"inLanguage\":\"fr-FR\",\"potentialAction\":[{\"@type\":\"CommentAction\",\"name\":\"Comment\",\"target\":[\"https:\/\/www.monsiegeamoi.com\/blog\/it\/2020\/04\/21\/what-cousin-for-the-furniture-of-garden-2\/#respond\"]}]},{\"@type\":\"Person\",\"@id\":\"https:\/\/www.monsiegeamoi.com\/blog\/#\/schema\/person\/6c2e4ef71c12dc348f70f48155da5c66\",\"name\":\"Bruno DUVAL\",\"image\":{\"@type\":\"ImageObject\",\"@id\":\"https:\/\/www.monsiegeamoi.com\/blog\/#personlogo\",\"inLanguage\":\"fr-FR\",\"url\":\"https:\/\/secure.gravatar.com\/avatar\/d72ff8c522ba9b71838f031c69c2f326?s=96&d=mm&r=g\",\"contentUrl\":\"https:\/\/secure.gravatar.com\/avatar\/d72ff8c522ba9b71838f031c69c2f326?s=96&d=mm&r=g\",\"caption\":\"Bruno DUVAL\"},\"url\":\"https:\/\/www.monsiegeamoi.com\/blog\/author\/bruno-duval44gmail-com\/\"}]}<\/script>\n<!-- \/ Yoast SEO plugin. -->","yoast_head_json":{"title":"Quale cuscino per mobili da giardino? - Blog des fauteuils sur mesure","robots":{"index":"index","follow":"follow","max-snippet":"max-snippet:-1","max-image-preview":"max-image-preview:large","max-video-preview":"max-video-preview:-1"},"canonical":"https:\/\/www.monsiegeamoi.com\/blog\/it\/2020\/04\/21\/what-cousin-for-the-furniture-of-garden-2\/","og_locale":"fr_FR","og_type":"article","og_title":"Quale cuscino per mobili da giardino? - Blog des fauteuils sur mesure","og_description":"I cuscini nelle nostre sedie o salotti da giardino sono intemperie e invecchiano prematuramente. Quindi quale soluzione pu\u00f2 essere scelta in modo che i nostri cuscini mantengano il loro comfort e i loro colori originali?","og_url":"https:\/\/www.monsiegeamoi.com\/blog\/it\/2020\/04\/21\/what-cousin-for-the-furniture-of-garden-2\/","og_site_name":"Blog des fauteuils sur mesure","article_publisher":"https:\/\/www.facebook.com\/msam.fr\/","article_published_time":"2020-04-21T08:41:48+00:00","og_image":[{"url":"https:\/\/www.monsiegeamoi.com\/blog\/wp-content\/uploads\/2020\/04\/sans-titre-1024x312.jpg"}],"twitter_card":"summary_large_image","twitter_misc":{"\u00c9crit par":"Bruno DUVAL","Dur\u00e9e de lecture estim\u00e9e":"3 minutes"},"schema":{"@context":"https:\/\/schema.org","@graph":[{"@type":"Organization","@id":"https:\/\/www.monsiegeamoi.com\/blog\/#organization","name":"mon si\u00e8ge \u00e0 moi","url":"https:\/\/www.monsiegeamoi.com\/blog\/","sameAs":["https:\/\/www.facebook.com\/msam.fr\/","https:\/\/www.instagram.com\/mon_siege_a_moi\/","https:\/\/www.linkedin.com\/company\/35628798\/admin\/","https:\/\/www.youtube.com\/channel\/UCdd1LuYl2T3uLrnreIEbx2g","https:\/\/www.pinterest.fr\/bduval0428\/"],"logo":{"@type":"ImageObject","@id":"https:\/\/www.monsiegeamoi.com\/blog\/#logo","inLanguage":"fr-FR","url":"https:\/\/www.monsiegeamoi.com\/blog\/wp-content\/uploads\/2020\/01\/logo-msam-carre-1.png","contentUrl":"https:\/\/www.monsiegeamoi.com\/blog\/wp-content\/uploads\/2020\/01\/logo-msam-carre-1.png","width":350,"height":350,"caption":"mon si\u00e8ge \u00e0 moi"},"image":{"@id":"https:\/\/www.monsiegeamoi.com\/blog\/#logo"}},{"@type":"WebSite","@id":"https:\/\/www.monsiegeamoi.com\/blog\/#website","url":"https:\/\/www.monsiegeamoi.com\/blog\/","name":"Fauteuils et innovations","description":"D\u00e9couvrez l&#039;histoire et l&#039;actualit\u00e9 des fauteuils sur mesure","publisher":{"@id":"https:\/\/www.monsiegeamoi.com\/blog\/#organization"},"potentialAction":[{"@type":"SearchAction","target":{"@type":"EntryPoint","urlTemplate":"https:\/\/www.monsiegeamoi.com\/blog\/?s={search_term_string}"},"query-input":"required name=search_term_string"}],"inLanguage":"fr-FR"},{"@type":"ImageObject","@id":"https:\/\/www.monsiegeamoi.com\/blog\/it\/2020\/04\/21\/what-cousin-for-the-furniture-of-garden-2\/#primaryimage","inLanguage":"fr-FR","url":"https:\/\/www.monsiegeamoi.com\/blog\/wp-content\/uploads\/2020\/04\/sans-titre.jpg","contentUrl":"https:\/\/www.monsiegeamoi.com\/blog\/wp-content\/uploads\/2020\/04\/sans-titre.jpg","width":1200,"height":366},{"@type":"WebPage","@id":"https:\/\/www.monsiegeamoi.com\/blog\/it\/2020\/04\/21\/what-cousin-for-the-furniture-of-garden-2\/#webpage","url":"https:\/\/www.monsiegeamoi.com\/blog\/it\/2020\/04\/21\/what-cousin-for-the-furniture-of-garden-2\/","name":"Quale cuscino per mobili da giardino? - Blog des fauteuils sur mesure","isPartOf":{"@id":"https:\/\/www.monsiegeamoi.com\/blog\/#website"},"primaryImageOfPage":{"@id":"https:\/\/www.monsiegeamoi.com\/blog\/it\/2020\/04\/21\/what-cousin-for-the-furniture-of-garden-2\/#primaryimage"},"datePublished":"2020-04-21T08:41:48+00:00","dateModified":"2020-04-21T08:41:48+00:00","breadcrumb":{"@id":"https:\/\/www.monsiegeamoi.com\/blog\/it\/2020\/04\/21\/what-cousin-for-the-furniture-of-garden-2\/#breadcrumb"},"inLanguage":"fr-FR","potentialAction":[{"@type":"ReadAction","target":["https:\/\/www.monsiegeamoi.com\/blog\/it\/2020\/04\/21\/what-cousin-for-the-furniture-of-garden-2\/"]}]},{"@type":"BreadcrumbList","@id":"https:\/\/www.monsiegeamoi.com\/blog\/it\/2020\/04\/21\/what-cousin-for-the-furniture-of-garden-2\/#breadcrumb","itemListElement":[{"@type":"ListItem","position":1,"name":"Accueil","item":"https:\/\/www.monsiegeamoi.com\/blog\/"},{"@type":"ListItem","position":2,"name":"Quale cuscino per mobili da giardino?"}]},{"@type":"Article","@id":"https:\/\/www.monsiegeamoi.com\/blog\/it\/2020\/04\/21\/what-cousin-for-the-furniture-of-garden-2\/#article","isPartOf":{"@id":"https:\/\/www.monsiegeamoi.com\/blog\/it\/2020\/04\/21\/what-cousin-for-the-furniture-of-garden-2\/#webpage"},"author":{"@id":"https:\/\/www.monsiegeamoi.com\/blog\/#\/schema\/person\/6c2e4ef71c12dc348f70f48155da5c66"},"headline":"Quale cuscino per mobili da giardino?","datePublished":"2020-04-21T08:41:48+00:00","dateModified":"2020-04-21T08:41:48+00:00","mainEntityOfPage":{"@id":"https:\/\/www.monsiegeamoi.com\/blog\/it\/2020\/04\/21\/what-cousin-for-the-furniture-of-garden-2\/#webpage"},"wordCount":542,"commentCount":0,"publisher":{"@id":"https:\/\/www.monsiegeamoi.com\/blog\/#organization"},"image":{"@id":"https:\/\/www.monsiegeamoi.com\/blog\/it\/2020\/04\/21\/what-cousin-for-the-furniture-of-garden-2\/#primaryimage"},"thumbnailUrl":"https:\/\/www.monsiegeamoi.com\/blog\/wp-content\/uploads\/2020\/04\/sans-titre-1024x312.jpg","articleSection":["Comfort di seduta","Innovazione dei posti a sedere"],"inLanguage":"fr-FR","potentialAction":[{"@type":"CommentAction","name":"Comment","target":["https:\/\/www.monsiegeamoi.com\/blog\/it\/2020\/04\/21\/what-cousin-for-the-furniture-of-garden-2\/#respond"]}]},{"@type":"Person","@id":"https:\/\/www.monsiegeamoi.com\/blog\/#\/schema\/person\/6c2e4ef71c12dc348f70f48155da5c66","name":"Bruno DUVAL","image":{"@type":"ImageObject","@id":"https:\/\/www.monsiegeamoi.com\/blog\/#personlogo","inLanguage":"fr-FR","url":"https:\/\/secure.gravatar.com\/avatar\/d72ff8c522ba9b71838f031c69c2f326?s=96&d=mm&r=g","contentUrl":"https:\/\/secure.gravatar.com\/avatar\/d72ff8c522ba9b71838f031c69c2f326?s=96&d=mm&r=g","caption":"Bruno DUVAL"},"url":"https:\/\/www.monsiegeamoi.com\/blog\/author\/bruno-duval44gmail-com\/"}]}},"_links":{"self":[{"href":"https:\/\/www.monsiegeamoi.com\/blog\/wp-json\/wp\/v2\/posts\/637"}],"collection":[{"href":"https:\/\/www.monsiegeamoi.com\/blog\/wp-json\/wp\/v2\/posts"}],"about":[{"href":"https:\/\/www.monsiegeamoi.com\/blog\/wp-json\/wp\/v2\/types\/post"}],"author":[{"embeddable":true,"href":"https:\/\/www.monsiegeamoi.com\/blog\/wp-json\/wp\/v2\/users\/1"}],"replies":[{"embeddable":true,"href":"https:\/\/www.monsiegeamoi.com\/blog\/wp-json\/wp\/v2\/comments?post=637"}],"version-history":[{"count":0,"href":"https:\/\/www.monsiegeamoi.com\/blog\/wp-json\/wp\/v2\/posts\/637\/revisions"}],"wp:attachment":[{"href":"https:\/\/www.monsiegeamoi.com\/blog\/wp-json\/wp\/v2\/media?parent=637"}],"wp:term":[{"taxonomy":"category","embeddable":true,"href":"https:\/\/www.monsiegeamoi.com\/blog\/wp-json\/wp\/v2\/categories?post=637"},{"taxonomy":"post_tag","embeddable":true,"href":"https:\/\/www.monsiegeamoi.com\/blog\/wp-json\/wp\/v2\/tags?post=637"}],"curies":[{"name":"wp","href":"https:\/\/api.w.org\/{rel}","templated":true}]}}