{"id":629,"date":"2020-01-30T15:26:00","date_gmt":"2020-01-30T15:26:00","guid":{"rendered":"http:\/\/www.monsiegeamoi.com\/blog\/?p=260"},"modified":"2021-03-29T17:11:57","modified_gmt":"2021-03-29T17:11:57","slug":"pietement-of-chair-colore-and-eco-responsible-in-valchromat","status":"publish","type":"post","link":"https:\/\/www.monsiegeamoi.com\/blog\/it\/2020\/01\/30\/pietement-of-chair-colore-and-eco-responsible-in-valchromat\/","title":{"rendered":"Cura delle poltrone colorata ed eco-responsabile in Valchromat"},"content":{"rendered":"\n<figure class=\"wp-block-image size-medium is-resized\"><img decoding=\"async\" loading=\"lazy\" src=\"https:\/\/cdn.shortpixel.ai\/client\/q_glossy,ret_img,w_400\/https:\/\/www.monsiegeamoi.com\/blog\/wp-content\/uploads\/2020\/02\/studio-fond-blanc-pour-configurateur-aero_configurateur-biblio-400x104.jpg\" alt=\"Sedie realizzate in Valchromat di vari colori\" class=\"wp-image-261\" width=\"578\" height=\"150\" srcset=\"https:\/\/www.monsiegeamoi.com\/blog\/wp-content\/uploads\/2020\/02\/studio-fond-blanc-pour-configurateur-aero_configurateur-biblio-400x104.jpg 400w, https:\/\/www.monsiegeamoi.com\/blog\/wp-content\/uploads\/2020\/02\/studio-fond-blanc-pour-configurateur-aero_configurateur-biblio-300x78.jpg 300w, https:\/\/www.monsiegeamoi.com\/blog\/wp-content\/uploads\/2020\/02\/studio-fond-blanc-pour-configurateur-aero_configurateur-biblio-1024x267.jpg 1024w, https:\/\/www.monsiegeamoi.com\/blog\/wp-content\/uploads\/2020\/02\/studio-fond-blanc-pour-configurateur-aero_configurateur-biblio-768x200.jpg 768w, https:\/\/www.monsiegeamoi.com\/blog\/wp-content\/uploads\/2020\/02\/studio-fond-blanc-pour-configurateur-aero_configurateur-biblio-1536x400.jpg 1536w, https:\/\/www.monsiegeamoi.com\/blog\/wp-content\/uploads\/2020\/02\/studio-fond-blanc-pour-configurateur-aero_configurateur-biblio-900x234.jpg 900w, https:\/\/www.monsiegeamoi.com\/blog\/wp-content\/uploads\/2020\/02\/studio-fond-blanc-pour-configurateur-aero_configurateur-biblio.jpg 1920w\" sizes=\"(max-width: 578px) 100vw, 578px\" \/><figcaption>Sedie in diversi colori di Valchromat<\/figcaption><\/figure>\n\n\n\n<p>Lanciato nel 1998, il Valchromat \u00e8 un pannello di fascia alta realizzato in fibre di legno colorato che beneficia di numerosi miglioramenti tecnologici rispetto al tradizionale pannello di particelle M<br>DF. Viene utilizzato nella produzione di molte <a href=\"https:\/\/www.monsiegeamoi.com\/fr\/\">poltrone personalizzate My Seat to Me.<\/a><\/p>\n\n\n\n<figure class=\"wp-block-image size-large\"><img decoding=\"async\" loading=\"lazy\" width=\"1024\" height=\"576\" src=\"https:\/\/www.monsiegeamoi.com\/blog\/wp-content\/uploads\/2021\/03\/outdoor-bench-in-valchromat-1024x576.jpg\" alt=\"\" class=\"wp-image-563\" srcset=\"https:\/\/www.monsiegeamoi.com\/blog\/wp-content\/uploads\/2021\/03\/outdoor-bench-in-valchromat-1024x576.jpg 1024w, https:\/\/www.monsiegeamoi.com\/blog\/wp-content\/uploads\/2021\/03\/outdoor-bench-in-valchromat-300x169.jpg 300w, https:\/\/www.monsiegeamoi.com\/blog\/wp-content\/uploads\/2021\/03\/outdoor-bench-in-valchromat-768x432.jpg 768w, https:\/\/www.monsiegeamoi.com\/blog\/wp-content\/uploads\/2021\/03\/outdoor-bench-in-valchromat-900x506.jpg 900w, https:\/\/www.monsiegeamoi.com\/blog\/wp-content\/uploads\/2021\/03\/outdoor-bench-in-valchromat-400x225.jpg 400w, https:\/\/www.monsiegeamoi.com\/blog\/wp-content\/uploads\/2021\/03\/outdoor-bench-in-valchromat.jpg 1280w\" sizes=\"(max-width: 1024px) 100vw, 1024px\" \/><figcaption>Panca da esterno a Valchromat<\/figcaption><\/figure>\n\n\n\n<p>Rispetto ai pannelli di particelle a media densit\u00e0 (MDF) offre i seguenti vantaggi:<\/p>\n\n\n\n<ul><li>\u00c8 impermeabile per l&rsquo;uso in un ambiente umido (bagno, esterno sotto copertura)<\/li><li>\u00c8 disponibile<strong> una tavolozza di una<\/strong> decina di colori e i coloranti utilizzati sono 100% organici<\/li><li>Tinto nella massa pu\u00f2 e<strong>ssere riparato semplicemente, senza essere riverniciat<\/strong>o. La sua durata pi\u00f9 lunga giustifica un prezzo pi\u00f9 elevato rispetto al pannello di particelle convenzionale<\/li><li>La <strong>sua resistenza meccanica \u00e8 in media superiore del 30% a quella di un MDF convenzionale<\/strong><\/li><li>Pu\u00f2 essere ri<strong>ciclato<\/strong>, essendo l&rsquo;unit\u00e0 di produzione stessa autorizzata a questo scopo<\/li><li>Le sue varie varianti sono state oggetto di numerose certificazioni (resistenza al fuoco, sicurezza dei giocattolo, FSC, PEFC, CARB2, ecc.).<\/li><li>Pi\u00f9 denso permette una bella finitura delle canzoni &nbsp;<\/li><li>Per applicazioni professionali la versio<strong>ne ignifuga \u00e8 cl<\/strong>assificata come B-s2,d0 fire<\/li><\/ul>\n\n\n\n<p>\u00c8 prodotto in Europa, vicino a Lisbona in Portogallo, in una fabbrica certificata ISO 9001. <br>\u00c8 conforme alla norma europea E1 (limitazione delle emissioni di formaldeide).<br><br> Le\n trucioli di legno rimasti generati dalla produzione dei pannelli sono \nutilizzato per alimentare la caldaia dell&rsquo;impianto: il potenziamento \nl&rsquo;efficienza energetica consente di produrre tutta l&rsquo;energia necessaria per \nfunzionamento dell&rsquo;unit\u00e0 produttiva, senza bruciare combustibili \nFossil<\/p>\n\n\n\n<p>La pianta che produce Valchromat si impegna inoltre a non ottenere legno da:- aree fo<br>restali in cui vengono violati i diritti civili o tradizionali;-<br> aree forestali con alti livelli di conservazione, minacciate da attivit\u00e0 di gestione forestale;- albe<br>ri geneticamente modificati (OGM);<br> &#8211; aree forestali sfruttate illegalmente; <br>&#8211; le superfici forestali risultanti dalla conversione delle foreste naturali in piantagioni o per altri usi non forest<br>ali conformemente all&rsquo;FSC\u00ae -STD-40-004, FSC\u00ae -STD-40-005 e<\/p>\n","protected":false},"excerpt":{"rendered":"<p>Lanciato nel 1998, il Valchromat \u00e8 un pannello di fascia alta realizzato in fibre di legno colorato che beneficia di numerosi miglioramenti tecnologici rispetto al tradizionale pannello di particelle MDF. Viene utilizzato nella produzione di molte poltrone personalizzate My Seat to Me. Rispetto ai pannelli di particelle a media densit\u00e0 (MDF) offre i seguenti vantaggi: &hellip; <\/p>\n","protected":false},"author":1,"featured_media":662,"comment_status":"open","ping_status":"open","sticky":false,"template":"","format":"standard","meta":[],"categories":[72,68],"tags":[],"yoast_head":"<!-- This site is optimized with the Yoast SEO plugin v18.0 - https:\/\/yoast.com\/wordpress\/plugins\/seo\/ -->\n<title>Cura delle poltrone colorata ed eco-responsabile in Valchromat - Blog des fauteuils sur mesure<\/title>\n<meta name=\"robots\" content=\"index, follow, max-snippet:-1, max-image-preview:large, max-video-preview:-1\" \/>\n<link rel=\"canonical\" href=\"https:\/\/www.monsiegeamoi.com\/blog\/it\/2020\/01\/30\/pietement-of-chair-colore-and-eco-responsible-in-valchromat\/\" \/>\n<meta property=\"og:locale\" content=\"fr_FR\" \/>\n<meta property=\"og:type\" content=\"article\" \/>\n<meta property=\"og:title\" content=\"Cura delle poltrone colorata ed eco-responsabile in Valchromat - Blog des fauteuils sur mesure\" \/>\n<meta property=\"og:description\" content=\"Lanciato nel 1998, il Valchromat \u00e8 un pannello di fascia alta realizzato in fibre di legno colorato che beneficia di numerosi miglioramenti tecnologici rispetto al tradizionale pannello di particelle MDF. Viene utilizzato nella produzione di molte poltrone personalizzate My Seat to Me. Rispetto ai pannelli di particelle a media densit\u00e0 (MDF) offre i seguenti vantaggi: &hellip;\" \/>\n<meta property=\"og:url\" content=\"https:\/\/www.monsiegeamoi.com\/blog\/it\/2020\/01\/30\/pietement-of-chair-colore-and-eco-responsible-in-valchromat\/\" \/>\n<meta property=\"og:site_name\" content=\"Blog des fauteuils sur mesure\" \/>\n<meta property=\"article:publisher\" content=\"https:\/\/www.facebook.com\/msam.fr\/\" \/>\n<meta property=\"article:published_time\" content=\"2020-01-30T15:26:00+00:00\" \/>\n<meta property=\"article:modified_time\" content=\"2021-03-29T17:11:57+00:00\" \/>\n<meta property=\"og:image\" content=\"https:\/\/www.monsiegeamoi.com\/blog\/wp-content\/uploads\/2020\/01\/colorful-armchairs-in-valchromat-1.jpg\" \/>\n\t<meta property=\"og:image:width\" content=\"1536\" \/>\n\t<meta property=\"og:image:height\" content=\"1536\" \/>\n\t<meta property=\"og:image:type\" content=\"image\/jpeg\" \/>\n<meta name=\"twitter:card\" content=\"summary_large_image\" \/>\n<meta name=\"twitter:label1\" content=\"\u00c9crit par\" \/>\n\t<meta name=\"twitter:data1\" content=\"Bruno DUVAL\" \/>\n\t<meta name=\"twitter:label2\" content=\"Dur\u00e9e de lecture estim\u00e9e\" \/>\n\t<meta name=\"twitter:data2\" content=\"2 minutes\" \/>\n<script type=\"application\/ld+json\" class=\"yoast-schema-graph\">{\"@context\":\"https:\/\/schema.org\",\"@graph\":[{\"@type\":\"Organization\",\"@id\":\"https:\/\/www.monsiegeamoi.com\/blog\/#organization\",\"name\":\"mon si\u00e8ge \u00e0 moi\",\"url\":\"https:\/\/www.monsiegeamoi.com\/blog\/\",\"sameAs\":[\"https:\/\/www.facebook.com\/msam.fr\/\",\"https:\/\/www.instagram.com\/mon_siege_a_moi\/\",\"https:\/\/www.linkedin.com\/company\/35628798\/admin\/\",\"https:\/\/www.youtube.com\/channel\/UCdd1LuYl2T3uLrnreIEbx2g\",\"https:\/\/www.pinterest.fr\/bduval0428\/\"],\"logo\":{\"@type\":\"ImageObject\",\"@id\":\"https:\/\/www.monsiegeamoi.com\/blog\/#logo\",\"inLanguage\":\"fr-FR\",\"url\":\"https:\/\/www.monsiegeamoi.com\/blog\/wp-content\/uploads\/2020\/01\/logo-msam-carre-1.png\",\"contentUrl\":\"https:\/\/www.monsiegeamoi.com\/blog\/wp-content\/uploads\/2020\/01\/logo-msam-carre-1.png\",\"width\":350,\"height\":350,\"caption\":\"mon si\u00e8ge \u00e0 moi\"},\"image\":{\"@id\":\"https:\/\/www.monsiegeamoi.com\/blog\/#logo\"}},{\"@type\":\"WebSite\",\"@id\":\"https:\/\/www.monsiegeamoi.com\/blog\/#website\",\"url\":\"https:\/\/www.monsiegeamoi.com\/blog\/\",\"name\":\"Fauteuils et innovations\",\"description\":\"D\u00e9couvrez l&#039;histoire et l&#039;actualit\u00e9 des fauteuils sur mesure\",\"publisher\":{\"@id\":\"https:\/\/www.monsiegeamoi.com\/blog\/#organization\"},\"potentialAction\":[{\"@type\":\"SearchAction\",\"target\":{\"@type\":\"EntryPoint\",\"urlTemplate\":\"https:\/\/www.monsiegeamoi.com\/blog\/?s={search_term_string}\"},\"query-input\":\"required name=search_term_string\"}],\"inLanguage\":\"fr-FR\"},{\"@type\":\"ImageObject\",\"@id\":\"https:\/\/www.monsiegeamoi.com\/blog\/it\/2020\/01\/30\/pietement-of-chair-colore-and-eco-responsible-in-valchromat\/#primaryimage\",\"inLanguage\":\"fr-FR\",\"url\":\"https:\/\/www.monsiegeamoi.com\/blog\/wp-content\/uploads\/2020\/01\/colorful-armchairs-in-valchromat-1.jpg\",\"contentUrl\":\"https:\/\/www.monsiegeamoi.com\/blog\/wp-content\/uploads\/2020\/01\/colorful-armchairs-in-valchromat-1.jpg\",\"width\":1536,\"height\":1536,\"caption\":\"Colorful armchairs in Valchromat\"},{\"@type\":\"WebPage\",\"@id\":\"https:\/\/www.monsiegeamoi.com\/blog\/it\/2020\/01\/30\/pietement-of-chair-colore-and-eco-responsible-in-valchromat\/#webpage\",\"url\":\"https:\/\/www.monsiegeamoi.com\/blog\/it\/2020\/01\/30\/pietement-of-chair-colore-and-eco-responsible-in-valchromat\/\",\"name\":\"Cura delle poltrone colorata ed eco-responsabile in Valchromat - Blog des fauteuils sur mesure\",\"isPartOf\":{\"@id\":\"https:\/\/www.monsiegeamoi.com\/blog\/#website\"},\"primaryImageOfPage\":{\"@id\":\"https:\/\/www.monsiegeamoi.com\/blog\/it\/2020\/01\/30\/pietement-of-chair-colore-and-eco-responsible-in-valchromat\/#primaryimage\"},\"datePublished\":\"2020-01-30T15:26:00+00:00\",\"dateModified\":\"2021-03-29T17:11:57+00:00\",\"breadcrumb\":{\"@id\":\"https:\/\/www.monsiegeamoi.com\/blog\/it\/2020\/01\/30\/pietement-of-chair-colore-and-eco-responsible-in-valchromat\/#breadcrumb\"},\"inLanguage\":\"fr-FR\",\"potentialAction\":[{\"@type\":\"ReadAction\",\"target\":[\"https:\/\/www.monsiegeamoi.com\/blog\/it\/2020\/01\/30\/pietement-of-chair-colore-and-eco-responsible-in-valchromat\/\"]}]},{\"@type\":\"BreadcrumbList\",\"@id\":\"https:\/\/www.monsiegeamoi.com\/blog\/it\/2020\/01\/30\/pietement-of-chair-colore-and-eco-responsible-in-valchromat\/#breadcrumb\",\"itemListElement\":[{\"@type\":\"ListItem\",\"position\":1,\"name\":\"Accueil\",\"item\":\"https:\/\/www.monsiegeamoi.com\/blog\/\"},{\"@type\":\"ListItem\",\"position\":2,\"name\":\"Cura delle poltrone colorata ed eco-responsabile in Valchromat\"}]},{\"@type\":\"Article\",\"@id\":\"https:\/\/www.monsiegeamoi.com\/blog\/it\/2020\/01\/30\/pietement-of-chair-colore-and-eco-responsible-in-valchromat\/#article\",\"isPartOf\":{\"@id\":\"https:\/\/www.monsiegeamoi.com\/blog\/it\/2020\/01\/30\/pietement-of-chair-colore-and-eco-responsible-in-valchromat\/#webpage\"},\"author\":{\"@id\":\"https:\/\/www.monsiegeamoi.com\/blog\/#\/schema\/person\/6c2e4ef71c12dc348f70f48155da5c66\"},\"headline\":\"Cura delle poltrone colorata ed eco-responsabile in Valchromat\",\"datePublished\":\"2020-01-30T15:26:00+00:00\",\"dateModified\":\"2021-03-29T17:11:57+00:00\",\"mainEntityOfPage\":{\"@id\":\"https:\/\/www.monsiegeamoi.com\/blog\/it\/2020\/01\/30\/pietement-of-chair-colore-and-eco-responsible-in-valchromat\/#webpage\"},\"wordCount\":318,\"commentCount\":0,\"publisher\":{\"@id\":\"https:\/\/www.monsiegeamoi.com\/blog\/#organization\"},\"image\":{\"@id\":\"https:\/\/www.monsiegeamoi.com\/blog\/it\/2020\/01\/30\/pietement-of-chair-colore-and-eco-responsible-in-valchromat\/#primaryimage\"},\"thumbnailUrl\":\"https:\/\/www.monsiegeamoi.com\/blog\/wp-content\/uploads\/2020\/01\/colorful-armchairs-in-valchromat-1.jpg\",\"articleSection\":[\"Innovazioni strutturali\",\"Produzione eco-responsabile\"],\"inLanguage\":\"fr-FR\",\"potentialAction\":[{\"@type\":\"CommentAction\",\"name\":\"Comment\",\"target\":[\"https:\/\/www.monsiegeamoi.com\/blog\/it\/2020\/01\/30\/pietement-of-chair-colore-and-eco-responsible-in-valchromat\/#respond\"]}]},{\"@type\":\"Person\",\"@id\":\"https:\/\/www.monsiegeamoi.com\/blog\/#\/schema\/person\/6c2e4ef71c12dc348f70f48155da5c66\",\"name\":\"Bruno DUVAL\",\"image\":{\"@type\":\"ImageObject\",\"@id\":\"https:\/\/www.monsiegeamoi.com\/blog\/#personlogo\",\"inLanguage\":\"fr-FR\",\"url\":\"https:\/\/secure.gravatar.com\/avatar\/d72ff8c522ba9b71838f031c69c2f326?s=96&d=mm&r=g\",\"contentUrl\":\"https:\/\/secure.gravatar.com\/avatar\/d72ff8c522ba9b71838f031c69c2f326?s=96&d=mm&r=g\",\"caption\":\"Bruno DUVAL\"},\"url\":\"https:\/\/www.monsiegeamoi.com\/blog\/author\/bruno-duval44gmail-com\/\"}]}<\/script>\n<!-- \/ Yoast SEO plugin. -->","yoast_head_json":{"title":"Cura delle poltrone colorata ed eco-responsabile in Valchromat - Blog des fauteuils sur mesure","robots":{"index":"index","follow":"follow","max-snippet":"max-snippet:-1","max-image-preview":"max-image-preview:large","max-video-preview":"max-video-preview:-1"},"canonical":"https:\/\/www.monsiegeamoi.com\/blog\/it\/2020\/01\/30\/pietement-of-chair-colore-and-eco-responsible-in-valchromat\/","og_locale":"fr_FR","og_type":"article","og_title":"Cura delle poltrone colorata ed eco-responsabile in Valchromat - Blog des fauteuils sur mesure","og_description":"Lanciato nel 1998, il Valchromat \u00e8 un pannello di fascia alta realizzato in fibre di legno colorato che beneficia di numerosi miglioramenti tecnologici rispetto al tradizionale pannello di particelle MDF. Viene utilizzato nella produzione di molte poltrone personalizzate My Seat to Me. Rispetto ai pannelli di particelle a media densit\u00e0 (MDF) offre i seguenti vantaggi: &hellip;","og_url":"https:\/\/www.monsiegeamoi.com\/blog\/it\/2020\/01\/30\/pietement-of-chair-colore-and-eco-responsible-in-valchromat\/","og_site_name":"Blog des fauteuils sur mesure","article_publisher":"https:\/\/www.facebook.com\/msam.fr\/","article_published_time":"2020-01-30T15:26:00+00:00","article_modified_time":"2021-03-29T17:11:57+00:00","og_image":[{"width":1536,"height":1536,"url":"https:\/\/www.monsiegeamoi.com\/blog\/wp-content\/uploads\/2020\/01\/colorful-armchairs-in-valchromat-1.jpg","type":"image\/jpeg"}],"twitter_card":"summary_large_image","twitter_misc":{"\u00c9crit par":"Bruno DUVAL","Dur\u00e9e de lecture estim\u00e9e":"2 minutes"},"schema":{"@context":"https:\/\/schema.org","@graph":[{"@type":"Organization","@id":"https:\/\/www.monsiegeamoi.com\/blog\/#organization","name":"mon si\u00e8ge \u00e0 moi","url":"https:\/\/www.monsiegeamoi.com\/blog\/","sameAs":["https:\/\/www.facebook.com\/msam.fr\/","https:\/\/www.instagram.com\/mon_siege_a_moi\/","https:\/\/www.linkedin.com\/company\/35628798\/admin\/","https:\/\/www.youtube.com\/channel\/UCdd1LuYl2T3uLrnreIEbx2g","https:\/\/www.pinterest.fr\/bduval0428\/"],"logo":{"@type":"ImageObject","@id":"https:\/\/www.monsiegeamoi.com\/blog\/#logo","inLanguage":"fr-FR","url":"https:\/\/www.monsiegeamoi.com\/blog\/wp-content\/uploads\/2020\/01\/logo-msam-carre-1.png","contentUrl":"https:\/\/www.monsiegeamoi.com\/blog\/wp-content\/uploads\/2020\/01\/logo-msam-carre-1.png","width":350,"height":350,"caption":"mon si\u00e8ge \u00e0 moi"},"image":{"@id":"https:\/\/www.monsiegeamoi.com\/blog\/#logo"}},{"@type":"WebSite","@id":"https:\/\/www.monsiegeamoi.com\/blog\/#website","url":"https:\/\/www.monsiegeamoi.com\/blog\/","name":"Fauteuils et innovations","description":"D\u00e9couvrez l&#039;histoire et l&#039;actualit\u00e9 des fauteuils sur mesure","publisher":{"@id":"https:\/\/www.monsiegeamoi.com\/blog\/#organization"},"potentialAction":[{"@type":"SearchAction","target":{"@type":"EntryPoint","urlTemplate":"https:\/\/www.monsiegeamoi.com\/blog\/?s={search_term_string}"},"query-input":"required name=search_term_string"}],"inLanguage":"fr-FR"},{"@type":"ImageObject","@id":"https:\/\/www.monsiegeamoi.com\/blog\/it\/2020\/01\/30\/pietement-of-chair-colore-and-eco-responsible-in-valchromat\/#primaryimage","inLanguage":"fr-FR","url":"https:\/\/www.monsiegeamoi.com\/blog\/wp-content\/uploads\/2020\/01\/colorful-armchairs-in-valchromat-1.jpg","contentUrl":"https:\/\/www.monsiegeamoi.com\/blog\/wp-content\/uploads\/2020\/01\/colorful-armchairs-in-valchromat-1.jpg","width":1536,"height":1536,"caption":"Colorful armchairs in Valchromat"},{"@type":"WebPage","@id":"https:\/\/www.monsiegeamoi.com\/blog\/it\/2020\/01\/30\/pietement-of-chair-colore-and-eco-responsible-in-valchromat\/#webpage","url":"https:\/\/www.monsiegeamoi.com\/blog\/it\/2020\/01\/30\/pietement-of-chair-colore-and-eco-responsible-in-valchromat\/","name":"Cura delle poltrone colorata ed eco-responsabile in Valchromat - Blog des fauteuils sur mesure","isPartOf":{"@id":"https:\/\/www.monsiegeamoi.com\/blog\/#website"},"primaryImageOfPage":{"@id":"https:\/\/www.monsiegeamoi.com\/blog\/it\/2020\/01\/30\/pietement-of-chair-colore-and-eco-responsible-in-valchromat\/#primaryimage"},"datePublished":"2020-01-30T15:26:00+00:00","dateModified":"2021-03-29T17:11:57+00:00","breadcrumb":{"@id":"https:\/\/www.monsiegeamoi.com\/blog\/it\/2020\/01\/30\/pietement-of-chair-colore-and-eco-responsible-in-valchromat\/#breadcrumb"},"inLanguage":"fr-FR","potentialAction":[{"@type":"ReadAction","target":["https:\/\/www.monsiegeamoi.com\/blog\/it\/2020\/01\/30\/pietement-of-chair-colore-and-eco-responsible-in-valchromat\/"]}]},{"@type":"BreadcrumbList","@id":"https:\/\/www.monsiegeamoi.com\/blog\/it\/2020\/01\/30\/pietement-of-chair-colore-and-eco-responsible-in-valchromat\/#breadcrumb","itemListElement":[{"@type":"ListItem","position":1,"name":"Accueil","item":"https:\/\/www.monsiegeamoi.com\/blog\/"},{"@type":"ListItem","position":2,"name":"Cura delle poltrone colorata ed eco-responsabile in Valchromat"}]},{"@type":"Article","@id":"https:\/\/www.monsiegeamoi.com\/blog\/it\/2020\/01\/30\/pietement-of-chair-colore-and-eco-responsible-in-valchromat\/#article","isPartOf":{"@id":"https:\/\/www.monsiegeamoi.com\/blog\/it\/2020\/01\/30\/pietement-of-chair-colore-and-eco-responsible-in-valchromat\/#webpage"},"author":{"@id":"https:\/\/www.monsiegeamoi.com\/blog\/#\/schema\/person\/6c2e4ef71c12dc348f70f48155da5c66"},"headline":"Cura delle poltrone colorata ed eco-responsabile in Valchromat","datePublished":"2020-01-30T15:26:00+00:00","dateModified":"2021-03-29T17:11:57+00:00","mainEntityOfPage":{"@id":"https:\/\/www.monsiegeamoi.com\/blog\/it\/2020\/01\/30\/pietement-of-chair-colore-and-eco-responsible-in-valchromat\/#webpage"},"wordCount":318,"commentCount":0,"publisher":{"@id":"https:\/\/www.monsiegeamoi.com\/blog\/#organization"},"image":{"@id":"https:\/\/www.monsiegeamoi.com\/blog\/it\/2020\/01\/30\/pietement-of-chair-colore-and-eco-responsible-in-valchromat\/#primaryimage"},"thumbnailUrl":"https:\/\/www.monsiegeamoi.com\/blog\/wp-content\/uploads\/2020\/01\/colorful-armchairs-in-valchromat-1.jpg","articleSection":["Innovazioni strutturali","Produzione eco-responsabile"],"inLanguage":"fr-FR","potentialAction":[{"@type":"CommentAction","name":"Comment","target":["https:\/\/www.monsiegeamoi.com\/blog\/it\/2020\/01\/30\/pietement-of-chair-colore-and-eco-responsible-in-valchromat\/#respond"]}]},{"@type":"Person","@id":"https:\/\/www.monsiegeamoi.com\/blog\/#\/schema\/person\/6c2e4ef71c12dc348f70f48155da5c66","name":"Bruno DUVAL","image":{"@type":"ImageObject","@id":"https:\/\/www.monsiegeamoi.com\/blog\/#personlogo","inLanguage":"fr-FR","url":"https:\/\/secure.gravatar.com\/avatar\/d72ff8c522ba9b71838f031c69c2f326?s=96&d=mm&r=g","contentUrl":"https:\/\/secure.gravatar.com\/avatar\/d72ff8c522ba9b71838f031c69c2f326?s=96&d=mm&r=g","caption":"Bruno DUVAL"},"url":"https:\/\/www.monsiegeamoi.com\/blog\/author\/bruno-duval44gmail-com\/"}]}},"_links":{"self":[{"href":"https:\/\/www.monsiegeamoi.com\/blog\/wp-json\/wp\/v2\/posts\/629"}],"collection":[{"href":"https:\/\/www.monsiegeamoi.com\/blog\/wp-json\/wp\/v2\/posts"}],"about":[{"href":"https:\/\/www.monsiegeamoi.com\/blog\/wp-json\/wp\/v2\/types\/post"}],"author":[{"embeddable":true,"href":"https:\/\/www.monsiegeamoi.com\/blog\/wp-json\/wp\/v2\/users\/1"}],"replies":[{"embeddable":true,"href":"https:\/\/www.monsiegeamoi.com\/blog\/wp-json\/wp\/v2\/comments?post=629"}],"version-history":[{"count":1,"href":"https:\/\/www.monsiegeamoi.com\/blog\/wp-json\/wp\/v2\/posts\/629\/revisions"}],"predecessor-version":[{"id":663,"href":"https:\/\/www.monsiegeamoi.com\/blog\/wp-json\/wp\/v2\/posts\/629\/revisions\/663"}],"wp:featuredmedia":[{"embeddable":true,"href":"https:\/\/www.monsiegeamoi.com\/blog\/wp-json\/wp\/v2\/media\/662"}],"wp:attachment":[{"href":"https:\/\/www.monsiegeamoi.com\/blog\/wp-json\/wp\/v2\/media?parent=629"}],"wp:term":[{"taxonomy":"category","embeddable":true,"href":"https:\/\/www.monsiegeamoi.com\/blog\/wp-json\/wp\/v2\/categories?post=629"},{"taxonomy":"post_tag","embeddable":true,"href":"https:\/\/www.monsiegeamoi.com\/blog\/wp-json\/wp\/v2\/tags?post=629"}],"curies":[{"name":"wp","href":"https:\/\/api.w.org\/{rel}","templated":true}]}}