{"id":626,"date":"2020-04-02T17:50:53","date_gmt":"2020-04-02T17:50:53","guid":{"rendered":"https:\/\/www.monsiegeamoi.com\/blog\/?p=327"},"modified":"2021-05-28T06:19:59","modified_gmt":"2021-05-28T06:19:59","slug":"il-sedile-in-giardino","status":"publish","type":"post","link":"https:\/\/www.monsiegeamoi.com\/blog\/it\/2020\/04\/02\/il-sedile-in-giardino\/","title":{"rendered":"Seduto in giardino"},"content":{"rendered":"\n<h2>Vincoli ambientali <\/h2>\n\n\n\n<p> Il giardino \u00e8 un soggiorno che estende piacevolmente la casa per gran parte dell&#39;anno. Ma <br>il resto del tempo la vita \u00e8 pi\u00f9 difficile per il salone giardino che deve affrontare i capricci del tempo. <br>Il freddo gelido in inverno deve essere contrastato: l&#39;acqua entra attraverso piccole lacune e congelandola aumenta di volume e deteriora la maggior parte dei materiali. <br>I livelli di umidit\u00e0 elevati e prolungati devono essere resistiti, a conducando allo sviluppo di funghi che divorano la materia naturale o muschi che rendono le superfici scivolose. <br>Il sole lo riscalda, ma i raggi UV distruggono lentamente le vernici e trasformano i colori. Su una superficie chiara, la luce riflessa abbaglia, costringendoti a indossare occhiali da sole a tavola, mentre una superficie nera immagazzina calore e aumenta di temperatura<br>. Sul lungomare, l&#39;aria salata rosicchia i tubi d&#39;acciaio e le viti sbiancate.  <br><\/p>\n\n\n\n<figure class=\"wp-block-image size-large\"><img decoding=\"async\" src=\"https:\/\/www.mercipourlechocolat.fr\/wp-content\/uploads\/2014\/07\/WBZH_renovationtablejardin01-2.jpg\" alt=\"\"\/><\/figure>\n\n\n\n<h2>Quindi, quale struttura per una sedia da giardino?\u00a0 <\/h2>\n\n\n\n<p> <strong>I mobili rimovibili, facilmente trasportabili o impilabili possono essere facilmente conservat<\/strong>i lontano dal maltempo e dai furti. Questo protegge il vostro soggiorno giardino. <\/p>\n\n\n\n<p>Ci sono molti modelli di sedie pieghevoli p<strong>er il giardino<\/strong>. Tuttavia, il sistema di piegatura impone vincoli funzionali e queste sedie sono spesso meno confortevoli e meno durevoli. Il pieghevole porta fragilit\u00e0 e la posizione dello schienale in relazione al sedile \u00e8 spesso una causa di disagio.  <\/p>\n\n\n\n<figure class=\"wp-block-image size-large\"><img decoding=\"async\" loading=\"lazy\" width=\"1024\" height=\"576\" src=\"https:\/\/www.monsiegeamoi.com\/blog\/wp-content\/uploads\/2020\/04\/chaise-pliante-terrasse-jardin-1024x576.jpg\" alt=\"\" class=\"wp-image-328\" srcset=\"https:\/\/www.monsiegeamoi.com\/blog\/wp-content\/uploads\/2020\/04\/chaise-pliante-terrasse-jardin-1024x576.jpg 1024w, https:\/\/www.monsiegeamoi.com\/blog\/wp-content\/uploads\/2020\/04\/chaise-pliante-terrasse-jardin-300x169.jpg 300w, https:\/\/www.monsiegeamoi.com\/blog\/wp-content\/uploads\/2020\/04\/chaise-pliante-terrasse-jardin-768x432.jpg 768w, https:\/\/www.monsiegeamoi.com\/blog\/wp-content\/uploads\/2020\/04\/chaise-pliante-terrasse-jardin-1536x864.jpg 1536w, https:\/\/www.monsiegeamoi.com\/blog\/wp-content\/uploads\/2020\/04\/chaise-pliante-terrasse-jardin-900x506.jpg 900w, https:\/\/www.monsiegeamoi.com\/blog\/wp-content\/uploads\/2020\/04\/chaise-pliante-terrasse-jardin-400x225.jpg 400w, https:\/\/www.monsiegeamoi.com\/blog\/wp-content\/uploads\/2020\/04\/chaise-pliante-terrasse-jardin.jpg 1919w\" sizes=\"(max-width: 1024px) 100vw, 1024px\" \/><\/figure>\n\n\n\n<p>Ci sono anche strutture a poltrona leggere, spesso impilabili, combinate con cuscini rimovibili o un sedile intrecciato. Questo arredamento \u00e8 facilmente conservabile fino a quando ha spazio sotto copertura per conservarlo. <br>Tradizionalmente rattan o <strong>vimini sono utili<\/strong>zzati per fare questi mobili o<strong> legni esotici<\/strong>. Tuttavia, \u00e8 importante riparare le sedie durante le stagioni ruvide e in estate l&#39;esposizione prolungata all&#39;aria troppo secca provoca un aumento della rigidit\u00e0 e una tendenza a rompersi nelle parti pi\u00f9 sottili, soprattutto in conserve. Rotin e vimini hanno il vantaggio di pompare CO2 rapidamente dall&#39;atmosfera e una struttura di poltrona richiede poca o nessuna energia fossile per la sua realizzazione. D&#39;altra parte, molti di questi mobili provengono dall&#39;altra parte del mondo, da paesi in cui la manodopera \u00e8 a buon mercato, e il loro trasporto \u00e8 quindi un disastro ecologico.\u00a0 <\/p>\n\n\n\n<figure class=\"wp-block-image size-large\"><img decoding=\"async\" src=\"https:\/\/i1.pickpik.com\/photos\/297\/1022\/447\/garden-garden-furniture-sit-table-thumb.jpg\" alt=\"\"\/><\/figure>\n\n\n\n<p>Nel ventesimo secolo l&#39;alluminio \u00e8 stato utilizzato per sostituire l&#39;acciaio. Ha il vantaggio di essere leggero. <br>Come \u00e8 leggero possiamo usare tubi di grandi diametri che saranno in grado di essere assemblati con viti. In questo modo si evita il processo di saldatura, riducendo cos\u00ec i tempi di produzione e i costi di lavorazione. . \u00a0 <br>L&#39;alluminio pu\u00f2 anche essere estruso, come la pasta, e la forma dell&#39;estrusione permetter\u00e0 alle bacchette di scivolare in esso che terranno i tessuti allungati. <br><br>Ma se l&#39;alluminio non arrugginisce ma si ossida e si indebolisce con l&#39;et\u00e0. La sua produzione \u00e8 ad alta intensit\u00e0 energetica e a differenza del legno non assorbe CO2 per crescere.\u00a0<\/p>\n\n\n\n<figure class=\"wp-block-image size-large\"><\/figure>\n\n\n\n<h2>La soluzione perfetta? il salone del giardino in legno su misura e rimovibile.<br> <\/h2>\n\n\n\n<p><a href=\"https:\/\/www.monsiegeamoi.com\/fr\/22-salon-de-jardin\">Il divano sottostante \u00e8 completamente rimovibile ed \u00e8 personalizzato su ordinazione<\/a>. Puoi avere un prodotto perfettamente adattato alle dimensioni del tuo balcone o della tua anatomia.<\/p>\n\n\n\n<figure class=\"wp-block-image size-large\"><img decoding=\"async\" loading=\"lazy\" width=\"1000\" height=\"1000\" src=\"https:\/\/www.monsiegeamoi.com\/blog\/wp-content\/uploads\/2020\/04\/canape-jardin-coussin-blanc.jpg\" alt=\"\" class=\"wp-image-331\" srcset=\"https:\/\/www.monsiegeamoi.com\/blog\/wp-content\/uploads\/2020\/04\/canape-jardin-coussin-blanc.jpg 1000w, https:\/\/www.monsiegeamoi.com\/blog\/wp-content\/uploads\/2020\/04\/canape-jardin-coussin-blanc-300x300.jpg 300w, https:\/\/www.monsiegeamoi.com\/blog\/wp-content\/uploads\/2020\/04\/canape-jardin-coussin-blanc-150x150.jpg 150w, https:\/\/www.monsiegeamoi.com\/blog\/wp-content\/uploads\/2020\/04\/canape-jardin-coussin-blanc-768x768.jpg 768w, https:\/\/www.monsiegeamoi.com\/blog\/wp-content\/uploads\/2020\/04\/canape-jardin-coussin-blanc-900x900.jpg 900w, https:\/\/www.monsiegeamoi.com\/blog\/wp-content\/uploads\/2020\/04\/canape-jardin-coussin-blanc-400x400.jpg 400w\" sizes=\"(max-width: 1000px) 100vw, 1000px\" \/><\/figure>\n\n\n\n<p>Il legno ha molti vantaggi ecologici. Assorbe CO2 per crescere. Viene lavorato in tutta Europa e non \u00e8 necessario portarlo dall&#39;altra parte del mondo se si utilizzano specie come betulla, abete rosso, faggio, quercia o larice. Pu<br>\u00f2 essere protetto da vernici UV a base d&#39;acqua. Pannelli sono disponibili anche con pellicole protettive impermeabili ed \u00e8 solo necessario proteggere le canzoni.\u00a0 \u00a0 <br>Un assemblaggio di pannelli con fessure evita la fragilit\u00e0 insita nel sistema di piegatura. <br>Inoltre, la dimensione di un pannello \u00e8 rapidamente mutevole, questi mobili possono essere fatti su misura in base alla morfologia delle popolazioni e dei generi. La dimensione media delle donne in Svizzera o in Belgio \u00e8 di 164 cm, mentre la dimensione media degli uomini in Danimarca e nei Paesi Bassi \u00e8 di 184 cm.\u00a0\u00a0\u00a0\u00a0<\/p>\n\n\n\n<p>Ci sono ancora alcuni svantaggi, anche se questa soluzione sembra la pi\u00f9 interessante. Infatti, affinch\u00e9 i pannelli di legno siano stabili sono costituiti da strati di legno incrociati incollati insieme o particelle di legno pressate con resina.\u00a0<\/p>\n\n\n\n<h1><br>Quale imbottitura per una sedia da giardino?<\/h1>\n\n\n\n<h2>Canning<\/h2>\n\n\n\n<figure class=\"wp-block-image size-large is-resized\"><img decoding=\"async\" loading=\"lazy\" src=\"https:\/\/upload.wikimedia.org\/wikipedia\/commons\/5\/56\/Wallpaper_group-p4-4.jpg\" alt=\"\" width=\"273\" height=\"249\"\/><\/figure>\n\n\n\n<p>Inoltre: \u00e8 leggero, naturale e ari<br>osoIl meno: diventa fragile e grigio, \u00e8 adatto per una sedia ma non per una sedia rilassata<\/p>\n\n\n\n<h3> La schiuma  <\/h3>\n\n\n\n<figure class=\"wp-block-image size-large is-resized\"><img decoding=\"async\" loading=\"lazy\" src=\"https:\/\/www.monsiegeamoi.com\/blog\/wp-content\/uploads\/2020\/04\/fauteuil-exterieur-jardin-sur-mesure-jaune-xl-1024x1024.jpg\" alt=\"\" class=\"wp-image-332\" width=\"307\" height=\"307\" srcset=\"https:\/\/www.monsiegeamoi.com\/blog\/wp-content\/uploads\/2020\/04\/fauteuil-exterieur-jardin-sur-mesure-jaune-xl-1024x1024.jpg 1024w, https:\/\/www.monsiegeamoi.com\/blog\/wp-content\/uploads\/2020\/04\/fauteuil-exterieur-jardin-sur-mesure-jaune-xl-300x300.jpg 300w, https:\/\/www.monsiegeamoi.com\/blog\/wp-content\/uploads\/2020\/04\/fauteuil-exterieur-jardin-sur-mesure-jaune-xl-150x150.jpg 150w, https:\/\/www.monsiegeamoi.com\/blog\/wp-content\/uploads\/2020\/04\/fauteuil-exterieur-jardin-sur-mesure-jaune-xl-768x768.jpg 768w, https:\/\/www.monsiegeamoi.com\/blog\/wp-content\/uploads\/2020\/04\/fauteuil-exterieur-jardin-sur-mesure-jaune-xl-1536x1536.jpg 1536w, https:\/\/www.monsiegeamoi.com\/blog\/wp-content\/uploads\/2020\/04\/fauteuil-exterieur-jardin-sur-mesure-jaune-xl-2048x2048.jpg 2048w, https:\/\/www.monsiegeamoi.com\/blog\/wp-content\/uploads\/2020\/04\/fauteuil-exterieur-jardin-sur-mesure-jaune-xl-900x900.jpg 900w, https:\/\/www.monsiegeamoi.com\/blog\/wp-content\/uploads\/2020\/04\/fauteuil-exterieur-jardin-sur-mesure-jaune-xl-400x400.jpg 400w\" sizes=\"(max-width: 307px) 100vw, 307px\" \/><\/figure>\n\n\n\n<p>La maggior parte: confortevole, coperture di col<br>oreIl minimo: tempo di asciugatura dopo la doccia se il coperchio non \u00e8 impermeabile<\/p>\n\n\n\n<h3> Maglieria 3D <\/h3>\n\n\n\n<figure class=\"wp-block-image size-large is-resized\"><img decoding=\"async\" loading=\"lazy\" src=\"https:\/\/www.monsiegeamoi.com\/blog\/wp-content\/uploads\/2020\/04\/coussin-tricot-3d-salon-jardin.jpg\" alt=\"\" class=\"wp-image-333\" width=\"271\" height=\"271\" srcset=\"https:\/\/www.monsiegeamoi.com\/blog\/wp-content\/uploads\/2020\/04\/coussin-tricot-3d-salon-jardin.jpg 750w, https:\/\/www.monsiegeamoi.com\/blog\/wp-content\/uploads\/2020\/04\/coussin-tricot-3d-salon-jardin-300x300.jpg 300w, https:\/\/www.monsiegeamoi.com\/blog\/wp-content\/uploads\/2020\/04\/coussin-tricot-3d-salon-jardin-150x150.jpg 150w, https:\/\/www.monsiegeamoi.com\/blog\/wp-content\/uploads\/2020\/04\/coussin-tricot-3d-salon-jardin-400x400.jpg 400w\" sizes=\"(max-width: 271px) 100vw, 271px\" \/><\/figure>\n\n\n\n<figure class=\"wp-block-image size-large\"><img decoding=\"async\" src=\"https:\/\/www.google.com\/url?sa=i&amp;url=http%3A%2F%2Fwww.alibaba.com%2Fcountrysearch%2FCN%2Fhoneycomb-crash-cushion.html&amp;psig=AOvVaw2f081mdTmgdIjnpdrisGUu&amp;ust=1585935950606000&amp;source=images&amp;cd=vfe&amp;ved=0CAIQjRxqFwoTCJjezIWmyugCFQAAAAAdAAAAABAD\" alt=\"\"\/><\/figure>\n\n\n\n<p>Inoltre: si asciuga rapidamente, pulisce al get<br>to Les minus: comfort rispetto a una schiuma (spessore basso), prezzo\u00a0 <\/p>\n\n\n\n<p><\/p>\n","protected":false},"excerpt":{"rendered":"<p>Vincoli ambientali Il giardino \u00e8 un soggiorno che estende piacevolmente la casa per gran parte dell&#39;anno. Ma il resto del tempo la vita \u00e8 pi\u00f9 difficile per il salone giardino che deve affrontare i capricci del tempo. Il freddo gelido in inverno deve essere contrastato: l&#39;acqua entra attraverso piccole lacune e congelandola aumenta di volume &hellip; <\/p>\n","protected":false},"author":1,"featured_media":0,"comment_status":"open","ping_status":"open","sticky":false,"template":"","format":"standard","meta":[],"categories":[42],"tags":[],"yoast_head":"<!-- This site is optimized with the Yoast SEO plugin v18.0 - https:\/\/yoast.com\/wordpress\/plugins\/seo\/ -->\n<title>Seduto in giardino - Blog des fauteuils sur mesure<\/title>\n<meta name=\"robots\" content=\"index, follow, max-snippet:-1, max-image-preview:large, max-video-preview:-1\" \/>\n<link rel=\"canonical\" href=\"https:\/\/www.monsiegeamoi.com\/blog\/it\/2020\/04\/02\/il-sedile-in-giardino\/\" \/>\n<meta property=\"og:locale\" content=\"fr_FR\" \/>\n<meta property=\"og:type\" content=\"article\" \/>\n<meta property=\"og:title\" content=\"Seduto in giardino - Blog des fauteuils sur mesure\" \/>\n<meta property=\"og:description\" content=\"Vincoli ambientali Il giardino \u00e8 un soggiorno che estende piacevolmente la casa per gran parte dell&#039;anno. Ma il resto del tempo la vita \u00e8 pi\u00f9 difficile per il salone giardino che deve affrontare i capricci del tempo. Il freddo gelido in inverno deve essere contrastato: l&#039;acqua entra attraverso piccole lacune e congelandola aumenta di volume &hellip;\" \/>\n<meta property=\"og:url\" content=\"https:\/\/www.monsiegeamoi.com\/blog\/it\/2020\/04\/02\/il-sedile-in-giardino\/\" \/>\n<meta property=\"og:site_name\" content=\"Blog des fauteuils sur mesure\" \/>\n<meta property=\"article:publisher\" content=\"https:\/\/www.facebook.com\/msam.fr\/\" \/>\n<meta property=\"article:published_time\" content=\"2020-04-02T17:50:53+00:00\" \/>\n<meta property=\"article:modified_time\" content=\"2021-05-28T06:19:59+00:00\" \/>\n<meta property=\"og:image\" content=\"https:\/\/www.mercipourlechocolat.fr\/wp-content\/uploads\/2014\/07\/WBZH_renovationtablejardin01-2.jpg\" \/>\n<meta name=\"twitter:card\" content=\"summary_large_image\" \/>\n<meta name=\"twitter:label1\" content=\"\u00c9crit par\" \/>\n\t<meta name=\"twitter:data1\" content=\"Bruno DUVAL\" \/>\n\t<meta name=\"twitter:label2\" content=\"Dur\u00e9e de lecture estim\u00e9e\" \/>\n\t<meta name=\"twitter:data2\" content=\"4 minutes\" \/>\n<script type=\"application\/ld+json\" class=\"yoast-schema-graph\">{\"@context\":\"https:\/\/schema.org\",\"@graph\":[{\"@type\":\"Organization\",\"@id\":\"https:\/\/www.monsiegeamoi.com\/blog\/#organization\",\"name\":\"mon si\u00e8ge \u00e0 moi\",\"url\":\"https:\/\/www.monsiegeamoi.com\/blog\/\",\"sameAs\":[\"https:\/\/www.facebook.com\/msam.fr\/\",\"https:\/\/www.instagram.com\/mon_siege_a_moi\/\",\"https:\/\/www.linkedin.com\/company\/35628798\/admin\/\",\"https:\/\/www.youtube.com\/channel\/UCdd1LuYl2T3uLrnreIEbx2g\",\"https:\/\/www.pinterest.fr\/bduval0428\/\"],\"logo\":{\"@type\":\"ImageObject\",\"@id\":\"https:\/\/www.monsiegeamoi.com\/blog\/#logo\",\"inLanguage\":\"fr-FR\",\"url\":\"https:\/\/www.monsiegeamoi.com\/blog\/wp-content\/uploads\/2020\/01\/logo-msam-carre-1.png\",\"contentUrl\":\"https:\/\/www.monsiegeamoi.com\/blog\/wp-content\/uploads\/2020\/01\/logo-msam-carre-1.png\",\"width\":350,\"height\":350,\"caption\":\"mon si\u00e8ge \u00e0 moi\"},\"image\":{\"@id\":\"https:\/\/www.monsiegeamoi.com\/blog\/#logo\"}},{\"@type\":\"WebSite\",\"@id\":\"https:\/\/www.monsiegeamoi.com\/blog\/#website\",\"url\":\"https:\/\/www.monsiegeamoi.com\/blog\/\",\"name\":\"Fauteuils et innovations\",\"description\":\"D\u00e9couvrez l&#039;histoire et l&#039;actualit\u00e9 des fauteuils sur mesure\",\"publisher\":{\"@id\":\"https:\/\/www.monsiegeamoi.com\/blog\/#organization\"},\"potentialAction\":[{\"@type\":\"SearchAction\",\"target\":{\"@type\":\"EntryPoint\",\"urlTemplate\":\"https:\/\/www.monsiegeamoi.com\/blog\/?s={search_term_string}\"},\"query-input\":\"required name=search_term_string\"}],\"inLanguage\":\"fr-FR\"},{\"@type\":\"ImageObject\",\"@id\":\"https:\/\/www.monsiegeamoi.com\/blog\/it\/2020\/04\/02\/il-sedile-in-giardino\/#primaryimage\",\"inLanguage\":\"fr-FR\",\"url\":\"https:\/\/www.mercipourlechocolat.fr\/wp-content\/uploads\/2014\/07\/WBZH_renovationtablejardin01-2.jpg\",\"contentUrl\":\"https:\/\/www.mercipourlechocolat.fr\/wp-content\/uploads\/2014\/07\/WBZH_renovationtablejardin01-2.jpg\"},{\"@type\":\"WebPage\",\"@id\":\"https:\/\/www.monsiegeamoi.com\/blog\/it\/2020\/04\/02\/il-sedile-in-giardino\/#webpage\",\"url\":\"https:\/\/www.monsiegeamoi.com\/blog\/it\/2020\/04\/02\/il-sedile-in-giardino\/\",\"name\":\"Seduto in giardino - Blog des fauteuils sur mesure\",\"isPartOf\":{\"@id\":\"https:\/\/www.monsiegeamoi.com\/blog\/#website\"},\"primaryImageOfPage\":{\"@id\":\"https:\/\/www.monsiegeamoi.com\/blog\/it\/2020\/04\/02\/il-sedile-in-giardino\/#primaryimage\"},\"datePublished\":\"2020-04-02T17:50:53+00:00\",\"dateModified\":\"2021-05-28T06:19:59+00:00\",\"breadcrumb\":{\"@id\":\"https:\/\/www.monsiegeamoi.com\/blog\/it\/2020\/04\/02\/il-sedile-in-giardino\/#breadcrumb\"},\"inLanguage\":\"fr-FR\",\"potentialAction\":[{\"@type\":\"ReadAction\",\"target\":[\"https:\/\/www.monsiegeamoi.com\/blog\/it\/2020\/04\/02\/il-sedile-in-giardino\/\"]}]},{\"@type\":\"BreadcrumbList\",\"@id\":\"https:\/\/www.monsiegeamoi.com\/blog\/it\/2020\/04\/02\/il-sedile-in-giardino\/#breadcrumb\",\"itemListElement\":[{\"@type\":\"ListItem\",\"position\":1,\"name\":\"Accueil\",\"item\":\"https:\/\/www.monsiegeamoi.com\/blog\/\"},{\"@type\":\"ListItem\",\"position\":2,\"name\":\"Seduto in giardino\"}]},{\"@type\":\"Article\",\"@id\":\"https:\/\/www.monsiegeamoi.com\/blog\/it\/2020\/04\/02\/il-sedile-in-giardino\/#article\",\"isPartOf\":{\"@id\":\"https:\/\/www.monsiegeamoi.com\/blog\/it\/2020\/04\/02\/il-sedile-in-giardino\/#webpage\"},\"author\":{\"@id\":\"https:\/\/www.monsiegeamoi.com\/blog\/#\/schema\/person\/6c2e4ef71c12dc348f70f48155da5c66\"},\"headline\":\"Seduto in giardino\",\"datePublished\":\"2020-04-02T17:50:53+00:00\",\"dateModified\":\"2021-05-28T06:19:59+00:00\",\"mainEntityOfPage\":{\"@id\":\"https:\/\/www.monsiegeamoi.com\/blog\/it\/2020\/04\/02\/il-sedile-in-giardino\/#webpage\"},\"wordCount\":740,\"commentCount\":0,\"publisher\":{\"@id\":\"https:\/\/www.monsiegeamoi.com\/blog\/#organization\"},\"image\":{\"@id\":\"https:\/\/www.monsiegeamoi.com\/blog\/it\/2020\/04\/02\/il-sedile-in-giardino\/#primaryimage\"},\"thumbnailUrl\":\"https:\/\/www.mercipourlechocolat.fr\/wp-content\/uploads\/2014\/07\/WBZH_renovationtablejardin01-2.jpg\",\"articleSection\":[\"Sul blog\"],\"inLanguage\":\"fr-FR\",\"potentialAction\":[{\"@type\":\"CommentAction\",\"name\":\"Comment\",\"target\":[\"https:\/\/www.monsiegeamoi.com\/blog\/it\/2020\/04\/02\/il-sedile-in-giardino\/#respond\"]}]},{\"@type\":\"Person\",\"@id\":\"https:\/\/www.monsiegeamoi.com\/blog\/#\/schema\/person\/6c2e4ef71c12dc348f70f48155da5c66\",\"name\":\"Bruno DUVAL\",\"image\":{\"@type\":\"ImageObject\",\"@id\":\"https:\/\/www.monsiegeamoi.com\/blog\/#personlogo\",\"inLanguage\":\"fr-FR\",\"url\":\"https:\/\/secure.gravatar.com\/avatar\/d72ff8c522ba9b71838f031c69c2f326?s=96&d=mm&r=g\",\"contentUrl\":\"https:\/\/secure.gravatar.com\/avatar\/d72ff8c522ba9b71838f031c69c2f326?s=96&d=mm&r=g\",\"caption\":\"Bruno DUVAL\"},\"url\":\"https:\/\/www.monsiegeamoi.com\/blog\/author\/bruno-duval44gmail-com\/\"}]}<\/script>\n<!-- \/ Yoast SEO plugin. -->","yoast_head_json":{"title":"Seduto in giardino - Blog des fauteuils sur mesure","robots":{"index":"index","follow":"follow","max-snippet":"max-snippet:-1","max-image-preview":"max-image-preview:large","max-video-preview":"max-video-preview:-1"},"canonical":"https:\/\/www.monsiegeamoi.com\/blog\/it\/2020\/04\/02\/il-sedile-in-giardino\/","og_locale":"fr_FR","og_type":"article","og_title":"Seduto in giardino - Blog des fauteuils sur mesure","og_description":"Vincoli ambientali Il giardino \u00e8 un soggiorno che estende piacevolmente la casa per gran parte dell&#39;anno. Ma il resto del tempo la vita \u00e8 pi\u00f9 difficile per il salone giardino che deve affrontare i capricci del tempo. Il freddo gelido in inverno deve essere contrastato: l&#39;acqua entra attraverso piccole lacune e congelandola aumenta di volume &hellip;","og_url":"https:\/\/www.monsiegeamoi.com\/blog\/it\/2020\/04\/02\/il-sedile-in-giardino\/","og_site_name":"Blog des fauteuils sur mesure","article_publisher":"https:\/\/www.facebook.com\/msam.fr\/","article_published_time":"2020-04-02T17:50:53+00:00","article_modified_time":"2021-05-28T06:19:59+00:00","og_image":[{"url":"https:\/\/www.mercipourlechocolat.fr\/wp-content\/uploads\/2014\/07\/WBZH_renovationtablejardin01-2.jpg"}],"twitter_card":"summary_large_image","twitter_misc":{"\u00c9crit par":"Bruno DUVAL","Dur\u00e9e de lecture estim\u00e9e":"4 minutes"},"schema":{"@context":"https:\/\/schema.org","@graph":[{"@type":"Organization","@id":"https:\/\/www.monsiegeamoi.com\/blog\/#organization","name":"mon si\u00e8ge \u00e0 moi","url":"https:\/\/www.monsiegeamoi.com\/blog\/","sameAs":["https:\/\/www.facebook.com\/msam.fr\/","https:\/\/www.instagram.com\/mon_siege_a_moi\/","https:\/\/www.linkedin.com\/company\/35628798\/admin\/","https:\/\/www.youtube.com\/channel\/UCdd1LuYl2T3uLrnreIEbx2g","https:\/\/www.pinterest.fr\/bduval0428\/"],"logo":{"@type":"ImageObject","@id":"https:\/\/www.monsiegeamoi.com\/blog\/#logo","inLanguage":"fr-FR","url":"https:\/\/www.monsiegeamoi.com\/blog\/wp-content\/uploads\/2020\/01\/logo-msam-carre-1.png","contentUrl":"https:\/\/www.monsiegeamoi.com\/blog\/wp-content\/uploads\/2020\/01\/logo-msam-carre-1.png","width":350,"height":350,"caption":"mon si\u00e8ge \u00e0 moi"},"image":{"@id":"https:\/\/www.monsiegeamoi.com\/blog\/#logo"}},{"@type":"WebSite","@id":"https:\/\/www.monsiegeamoi.com\/blog\/#website","url":"https:\/\/www.monsiegeamoi.com\/blog\/","name":"Fauteuils et innovations","description":"D\u00e9couvrez l&#039;histoire et l&#039;actualit\u00e9 des fauteuils sur mesure","publisher":{"@id":"https:\/\/www.monsiegeamoi.com\/blog\/#organization"},"potentialAction":[{"@type":"SearchAction","target":{"@type":"EntryPoint","urlTemplate":"https:\/\/www.monsiegeamoi.com\/blog\/?s={search_term_string}"},"query-input":"required name=search_term_string"}],"inLanguage":"fr-FR"},{"@type":"ImageObject","@id":"https:\/\/www.monsiegeamoi.com\/blog\/it\/2020\/04\/02\/il-sedile-in-giardino\/#primaryimage","inLanguage":"fr-FR","url":"https:\/\/www.mercipourlechocolat.fr\/wp-content\/uploads\/2014\/07\/WBZH_renovationtablejardin01-2.jpg","contentUrl":"https:\/\/www.mercipourlechocolat.fr\/wp-content\/uploads\/2014\/07\/WBZH_renovationtablejardin01-2.jpg"},{"@type":"WebPage","@id":"https:\/\/www.monsiegeamoi.com\/blog\/it\/2020\/04\/02\/il-sedile-in-giardino\/#webpage","url":"https:\/\/www.monsiegeamoi.com\/blog\/it\/2020\/04\/02\/il-sedile-in-giardino\/","name":"Seduto in giardino - Blog des fauteuils sur mesure","isPartOf":{"@id":"https:\/\/www.monsiegeamoi.com\/blog\/#website"},"primaryImageOfPage":{"@id":"https:\/\/www.monsiegeamoi.com\/blog\/it\/2020\/04\/02\/il-sedile-in-giardino\/#primaryimage"},"datePublished":"2020-04-02T17:50:53+00:00","dateModified":"2021-05-28T06:19:59+00:00","breadcrumb":{"@id":"https:\/\/www.monsiegeamoi.com\/blog\/it\/2020\/04\/02\/il-sedile-in-giardino\/#breadcrumb"},"inLanguage":"fr-FR","potentialAction":[{"@type":"ReadAction","target":["https:\/\/www.monsiegeamoi.com\/blog\/it\/2020\/04\/02\/il-sedile-in-giardino\/"]}]},{"@type":"BreadcrumbList","@id":"https:\/\/www.monsiegeamoi.com\/blog\/it\/2020\/04\/02\/il-sedile-in-giardino\/#breadcrumb","itemListElement":[{"@type":"ListItem","position":1,"name":"Accueil","item":"https:\/\/www.monsiegeamoi.com\/blog\/"},{"@type":"ListItem","position":2,"name":"Seduto in giardino"}]},{"@type":"Article","@id":"https:\/\/www.monsiegeamoi.com\/blog\/it\/2020\/04\/02\/il-sedile-in-giardino\/#article","isPartOf":{"@id":"https:\/\/www.monsiegeamoi.com\/blog\/it\/2020\/04\/02\/il-sedile-in-giardino\/#webpage"},"author":{"@id":"https:\/\/www.monsiegeamoi.com\/blog\/#\/schema\/person\/6c2e4ef71c12dc348f70f48155da5c66"},"headline":"Seduto in giardino","datePublished":"2020-04-02T17:50:53+00:00","dateModified":"2021-05-28T06:19:59+00:00","mainEntityOfPage":{"@id":"https:\/\/www.monsiegeamoi.com\/blog\/it\/2020\/04\/02\/il-sedile-in-giardino\/#webpage"},"wordCount":740,"commentCount":0,"publisher":{"@id":"https:\/\/www.monsiegeamoi.com\/blog\/#organization"},"image":{"@id":"https:\/\/www.monsiegeamoi.com\/blog\/it\/2020\/04\/02\/il-sedile-in-giardino\/#primaryimage"},"thumbnailUrl":"https:\/\/www.mercipourlechocolat.fr\/wp-content\/uploads\/2014\/07\/WBZH_renovationtablejardin01-2.jpg","articleSection":["Sul blog"],"inLanguage":"fr-FR","potentialAction":[{"@type":"CommentAction","name":"Comment","target":["https:\/\/www.monsiegeamoi.com\/blog\/it\/2020\/04\/02\/il-sedile-in-giardino\/#respond"]}]},{"@type":"Person","@id":"https:\/\/www.monsiegeamoi.com\/blog\/#\/schema\/person\/6c2e4ef71c12dc348f70f48155da5c66","name":"Bruno DUVAL","image":{"@type":"ImageObject","@id":"https:\/\/www.monsiegeamoi.com\/blog\/#personlogo","inLanguage":"fr-FR","url":"https:\/\/secure.gravatar.com\/avatar\/d72ff8c522ba9b71838f031c69c2f326?s=96&d=mm&r=g","contentUrl":"https:\/\/secure.gravatar.com\/avatar\/d72ff8c522ba9b71838f031c69c2f326?s=96&d=mm&r=g","caption":"Bruno DUVAL"},"url":"https:\/\/www.monsiegeamoi.com\/blog\/author\/bruno-duval44gmail-com\/"}]}},"_links":{"self":[{"href":"https:\/\/www.monsiegeamoi.com\/blog\/wp-json\/wp\/v2\/posts\/626"}],"collection":[{"href":"https:\/\/www.monsiegeamoi.com\/blog\/wp-json\/wp\/v2\/posts"}],"about":[{"href":"https:\/\/www.monsiegeamoi.com\/blog\/wp-json\/wp\/v2\/types\/post"}],"author":[{"embeddable":true,"href":"https:\/\/www.monsiegeamoi.com\/blog\/wp-json\/wp\/v2\/users\/1"}],"replies":[{"embeddable":true,"href":"https:\/\/www.monsiegeamoi.com\/blog\/wp-json\/wp\/v2\/comments?post=626"}],"version-history":[{"count":1,"href":"https:\/\/www.monsiegeamoi.com\/blog\/wp-json\/wp\/v2\/posts\/626\/revisions"}],"predecessor-version":[{"id":715,"href":"https:\/\/www.monsiegeamoi.com\/blog\/wp-json\/wp\/v2\/posts\/626\/revisions\/715"}],"wp:attachment":[{"href":"https:\/\/www.monsiegeamoi.com\/blog\/wp-json\/wp\/v2\/media?parent=626"}],"wp:term":[{"taxonomy":"category","embeddable":true,"href":"https:\/\/www.monsiegeamoi.com\/blog\/wp-json\/wp\/v2\/categories?post=626"},{"taxonomy":"post_tag","embeddable":true,"href":"https:\/\/www.monsiegeamoi.com\/blog\/wp-json\/wp\/v2\/tags?post=626"}],"curies":[{"name":"wp","href":"https:\/\/api.w.org\/{rel}","templated":true}]}}