{"id":619,"date":"2020-02-25T08:15:35","date_gmt":"2020-02-25T08:15:35","guid":{"rendered":"https:\/\/www.monsiegeamoi.com\/blog\/?p=307"},"modified":"2021-03-29T15:52:52","modified_gmt":"2021-03-29T15:52:52","slug":"gli-assedi-e-il-culto","status":"publish","type":"post","link":"https:\/\/www.monsiegeamoi.com\/blog\/it\/2020\/02\/25\/gli-assedi-e-il-culto\/","title":{"rendered":"Sedie e luoghi di culto"},"content":{"rendered":"\n<p>\u00c8 solo tardi nella religione cristiana che i posti a sedere appaiono per il conforto dei fedeli. Un&rsquo;altra importan<br>te evoluzione: lo stile elaborato delle bancarelle o la sede del sacerdote dal XVI al XIX secolo \u00e8 stato sostituito nel XX secolo da uno stile funzionale e ordinato. <\/p>\n\n\n\n<h2>La panchina dei fedeli<\/h2>\n\n\n\n<figure class=\"wp-block-image size-large is-resized\"><img decoding=\"async\" src=\"https:\/\/www.monsiegeamoi.com\/blog\/wp-content\/uploads\/2020\/02\/banc-avec-dossier.jpg\" alt=\"Panchina della Chiesa. La sua altezza unica e la mancanza di cuscino lo rendono un posto a sedere veloce e scomodo.\" class=\"wp-image-308\" width=\"320\" srcset=\"https:\/\/www.monsiegeamoi.com\/blog\/wp-content\/uploads\/2020\/02\/banc-avec-dossier.jpg 800w, https:\/\/www.monsiegeamoi.com\/blog\/wp-content\/uploads\/2020\/02\/banc-avec-dossier-300x231.jpg 300w, https:\/\/www.monsiegeamoi.com\/blog\/wp-content\/uploads\/2020\/02\/banc-avec-dossier-768x590.jpg 768w, https:\/\/www.monsiegeamoi.com\/blog\/wp-content\/uploads\/2020\/02\/banc-avec-dossier-400x308.jpg 400w\" sizes=\"(max-width: 800px) 100vw, 800px\" \/><\/figure>\n\n\n\n<p>Lo sapevi? <\/p>\n\n\n\n<ul><li> Nel Medioevo i fedeli parteciparono alla Messa in piedi o in ginocchio.  Non \u00e8 stato fino al XVI secolo, e masse pi\u00f9 lunghe e pi\u00f9 lunghe, che i posti a sedere sono apparsi per i fedeli.  Inoltre, nella religione musulmana il tempo di preghiera rimane breve (5-20 minuti) e si continua a pregare in piedi o in ginocchio. Questa differenza pu\u00f2 essere visto presso la Moschea-Cathedral a Cordova, Spagna. <\/li><li>Nelle chiese la disposizione fissa dei banchi che conosciamo oggi risale solo al XIX secolo. In precedenza le panchine sono state affittate. <\/li><li>La panca della chiesa \u00e8 priva di cuscini. \u00c8 anche troppo basso per le persone di dimensioni superiori alla media ed \u00e8 quindi rapidamente scomodo (mancanza di circolazione nella zona ischiatica). L&rsquo;alternanza di sedersi e stare in piedi durante la massa compensa questo disagio, pur mantenendo i fedeli svegli.<\/li><li>Il banco pu\u00f2 anche essere privo di uno schienale per risparmiare spazio. <\/li><\/ul>\n\n\n\n<h2>Stalle per il clero<\/h2>\n\n\n\n<figure class=\"wp-block-image size-large is-resized\"><img decoding=\"async\" src=\"https:\/\/www.monsiegeamoi.com\/blog\/wp-content\/uploads\/2020\/02\/fauteuil_accoudoir_long_relever.jpg\" alt=\"Stallo con bracciolo lungo. Ensemble di posti a sedere sul lato del coro chiamato Stalles e riservato al clero\" class=\"wp-image-312\" width=\"320\" srcset=\"https:\/\/www.monsiegeamoi.com\/blog\/wp-content\/uploads\/2020\/02\/fauteuil_accoudoir_long_relever.jpg 800w, https:\/\/www.monsiegeamoi.com\/blog\/wp-content\/uploads\/2020\/02\/fauteuil_accoudoir_long_relever-300x208.jpg 300w, https:\/\/www.monsiegeamoi.com\/blog\/wp-content\/uploads\/2020\/02\/fauteuil_accoudoir_long_relever-768x533.jpg 768w, https:\/\/www.monsiegeamoi.com\/blog\/wp-content\/uploads\/2020\/02\/fauteuil_accoudoir_long_relever-400x278.jpg 400w\" sizes=\"(max-width: 800px) 100vw, 800px\" \/><\/figure>\n\n\n\n<p>Si tratta di panchine con braccioli o serie di sedili posizionati su entrambi i lati del coro. Sono riservati ai membri del clero. <br>Sopra \u00e8 una foto di una bancarella con braccioli molto lunghi per essere in grado di alzarsi pi\u00f9 fac<br>ilmente. Una volta molto elaborate, le bancarelle stanno facendo posto a versioni pi\u00f9 snelle e moderne (nella foto sopra di bancarelle in legno intagliato e sotto senza fronzoli)<br>. L&rsquo;altezza della cartella, tuttavia, \u00e8 mantenuta come un segno distintivo per illustrare un rango pi\u00f9 alto nella gerarchia ecclesiastica, come illustrato nella foto qui sotto.<\/p>\n\n\n\n<figure class=\"wp-block-image size-large is-resized\"><img decoding=\"async\" src=\"https:\/\/www.monsiegeamoi.com\/blog\/wp-content\/uploads\/2020\/02\/fauteuil_eglise_2.jpg\" alt=\"Stalle con una cartella pi\u00f9 alta al centro per un dignitario di rango superiore\" class=\"wp-image-310\" width=\"320\" srcset=\"https:\/\/www.monsiegeamoi.com\/blog\/wp-content\/uploads\/2020\/02\/fauteuil_eglise_2.jpg 800w, https:\/\/www.monsiegeamoi.com\/blog\/wp-content\/uploads\/2020\/02\/fauteuil_eglise_2-300x205.jpg 300w, https:\/\/www.monsiegeamoi.com\/blog\/wp-content\/uploads\/2020\/02\/fauteuil_eglise_2-768x524.jpg 768w, https:\/\/www.monsiegeamoi.com\/blog\/wp-content\/uploads\/2020\/02\/fauteuil_eglise_2-400x273.jpg 400w\" sizes=\"(max-width: 800px) 100vw, 800px\" \/><\/figure>\n\n\n\n<p>Di seguito \u00e8 riportata una sedia di stallo riccamente ornata vista dall&rsquo;alto.  <\/p>\n\n\n\n<figure class=\"wp-block-image size-large is-resized\"><img decoding=\"async\" src=\"https:\/\/www.monsiegeamoi.com\/blog\/wp-content\/uploads\/2020\/02\/fauteuil-_travailles-1.jpg\" alt=\"Stallo in legno intagliato\" class=\"wp-image-314\" width=\"320\" srcset=\"https:\/\/www.monsiegeamoi.com\/blog\/wp-content\/uploads\/2020\/02\/fauteuil-_travailles-1.jpg 800w, https:\/\/www.monsiegeamoi.com\/blog\/wp-content\/uploads\/2020\/02\/fauteuil-_travailles-1-241x300.jpg 241w, https:\/\/www.monsiegeamoi.com\/blog\/wp-content\/uploads\/2020\/02\/fauteuil-_travailles-1-768x956.jpg 768w, https:\/\/www.monsiegeamoi.com\/blog\/wp-content\/uploads\/2020\/02\/fauteuil-_travailles-1-400x498.jpg 400w\" sizes=\"(max-width: 800px) 100vw, 800px\" \/><\/figure>\n\n\n\n<h2>La sedia per il sacerdote e lo sgabello per la co-celebrazione<\/h2>\n\n\n\n<figure class=\"wp-block-image size-large is-resized\"><img decoding=\"async\" src=\"https:\/\/www.monsiegeamoi.com\/blog\/wp-content\/uploads\/2020\/02\/tabouret-et-fauteuil-1024x693.jpg\" alt=\"La sedia per il sacerdote e lo sgabello per il cantante. Lo stile \u00e8 molto ordinato, testimoniano il XX secolo e le scuole architettoniche del bauhaus o corbusier.\" class=\"wp-image-311\" width=\"320\" srcset=\"https:\/\/www.monsiegeamoi.com\/blog\/wp-content\/uploads\/2020\/02\/tabouret-et-fauteuil-1024x693.jpg 1024w, https:\/\/www.monsiegeamoi.com\/blog\/wp-content\/uploads\/2020\/02\/tabouret-et-fauteuil-300x203.jpg 300w, https:\/\/www.monsiegeamoi.com\/blog\/wp-content\/uploads\/2020\/02\/tabouret-et-fauteuil-768x520.jpg 768w, https:\/\/www.monsiegeamoi.com\/blog\/wp-content\/uploads\/2020\/02\/tabouret-et-fauteuil-1536x1039.jpg 1536w, https:\/\/www.monsiegeamoi.com\/blog\/wp-content\/uploads\/2020\/02\/tabouret-et-fauteuil-2048x1386.jpg 2048w, https:\/\/www.monsiegeamoi.com\/blog\/wp-content\/uploads\/2020\/02\/tabouret-et-fauteuil-900x609.jpg 900w, https:\/\/www.monsiegeamoi.com\/blog\/wp-content\/uploads\/2020\/02\/tabouret-et-fauteuil-400x271.jpg 400w\" sizes=\"(max-width: 1024px) 100vw, 1024px\" \/><\/figure>\n\n\n\n<p>Il file \u00e8 sinonimo di comfort ma anche di importanza. Nella foto qui sotto \u00e8 facile distinguere la sedia che pu\u00f2 essere occupata solo dal sacerdote celebrativo e da quella del co-celebrante. <br>I cuscini migliorano il comfort. <br>Lo stile \u00e8 volutamente purificato per evitare qualsiasi aspetto del trono.<\/p>\n","protected":false},"excerpt":{"rendered":"<p>\u00c8 solo tardi nella religione cristiana che i posti a sedere appaiono per il conforto dei fedeli. Un&rsquo;altra importante evoluzione: lo stile elaborato delle bancarelle o la sede del sacerdote dal XVI al XIX secolo \u00e8 stato sostituito nel XX secolo da uno stile funzionale e ordinato. La panchina dei fedeli Lo sapevi? Nel Medioevo &hellip; <\/p>\n","protected":false},"author":1,"featured_media":622,"comment_status":"open","ping_status":"open","sticky":true,"template":"","format":"standard","meta":[],"categories":[42],"tags":[],"yoast_head":"<!-- This site is optimized with the Yoast SEO plugin v18.0 - https:\/\/yoast.com\/wordpress\/plugins\/seo\/ -->\n<title>Sedie e luoghi di culto - Blog des fauteuils sur mesure<\/title>\n<meta name=\"robots\" content=\"index, follow, max-snippet:-1, max-image-preview:large, max-video-preview:-1\" \/>\n<link rel=\"canonical\" href=\"https:\/\/www.monsiegeamoi.com\/blog\/it\/2020\/02\/25\/gli-assedi-e-il-culto\/\" \/>\n<meta property=\"og:locale\" content=\"fr_FR\" \/>\n<meta property=\"og:type\" content=\"article\" \/>\n<meta property=\"og:title\" content=\"Sedie e luoghi di culto - Blog des fauteuils sur mesure\" \/>\n<meta property=\"og:description\" content=\"\u00c8 solo tardi nella religione cristiana che i posti a sedere appaiono per il conforto dei fedeli. Un&rsquo;altra importante evoluzione: lo stile elaborato delle bancarelle o la sede del sacerdote dal XVI al XIX secolo \u00e8 stato sostituito nel XX secolo da uno stile funzionale e ordinato. La panchina dei fedeli Lo sapevi? Nel Medioevo &hellip;\" \/>\n<meta property=\"og:url\" content=\"https:\/\/www.monsiegeamoi.com\/blog\/it\/2020\/02\/25\/gli-assedi-e-il-culto\/\" \/>\n<meta property=\"og:site_name\" content=\"Blog des fauteuils sur mesure\" \/>\n<meta property=\"article:publisher\" content=\"https:\/\/www.facebook.com\/msam.fr\/\" \/>\n<meta property=\"article:published_time\" content=\"2020-02-25T08:15:35+00:00\" \/>\n<meta property=\"article:modified_time\" content=\"2021-03-29T15:52:52+00:00\" \/>\n<meta property=\"og:image\" content=\"https:\/\/www.monsiegeamoi.com\/blog\/wp-content\/uploads\/2020\/02\/tabouret-et-fauteuil-1536x1039-2.jpg\" \/>\n\t<meta property=\"og:image:width\" content=\"1536\" \/>\n\t<meta property=\"og:image:height\" content=\"1039\" \/>\n\t<meta property=\"og:image:type\" content=\"image\/jpeg\" \/>\n<meta name=\"twitter:card\" content=\"summary_large_image\" \/>\n<meta name=\"twitter:label1\" content=\"\u00c9crit par\" \/>\n\t<meta name=\"twitter:data1\" content=\"Bruno DUVAL\" \/>\n\t<meta name=\"twitter:label2\" content=\"Dur\u00e9e de lecture estim\u00e9e\" \/>\n\t<meta name=\"twitter:data2\" content=\"3 minutes\" \/>\n<script type=\"application\/ld+json\" class=\"yoast-schema-graph\">{\"@context\":\"https:\/\/schema.org\",\"@graph\":[{\"@type\":\"Organization\",\"@id\":\"https:\/\/www.monsiegeamoi.com\/blog\/#organization\",\"name\":\"mon si\u00e8ge \u00e0 moi\",\"url\":\"https:\/\/www.monsiegeamoi.com\/blog\/\",\"sameAs\":[\"https:\/\/www.facebook.com\/msam.fr\/\",\"https:\/\/www.instagram.com\/mon_siege_a_moi\/\",\"https:\/\/www.linkedin.com\/company\/35628798\/admin\/\",\"https:\/\/www.youtube.com\/channel\/UCdd1LuYl2T3uLrnreIEbx2g\",\"https:\/\/www.pinterest.fr\/bduval0428\/\"],\"logo\":{\"@type\":\"ImageObject\",\"@id\":\"https:\/\/www.monsiegeamoi.com\/blog\/#logo\",\"inLanguage\":\"fr-FR\",\"url\":\"https:\/\/www.monsiegeamoi.com\/blog\/wp-content\/uploads\/2020\/01\/logo-msam-carre-1.png\",\"contentUrl\":\"https:\/\/www.monsiegeamoi.com\/blog\/wp-content\/uploads\/2020\/01\/logo-msam-carre-1.png\",\"width\":350,\"height\":350,\"caption\":\"mon si\u00e8ge \u00e0 moi\"},\"image\":{\"@id\":\"https:\/\/www.monsiegeamoi.com\/blog\/#logo\"}},{\"@type\":\"WebSite\",\"@id\":\"https:\/\/www.monsiegeamoi.com\/blog\/#website\",\"url\":\"https:\/\/www.monsiegeamoi.com\/blog\/\",\"name\":\"Fauteuils et innovations\",\"description\":\"D\u00e9couvrez l&#039;histoire et l&#039;actualit\u00e9 des fauteuils sur mesure\",\"publisher\":{\"@id\":\"https:\/\/www.monsiegeamoi.com\/blog\/#organization\"},\"potentialAction\":[{\"@type\":\"SearchAction\",\"target\":{\"@type\":\"EntryPoint\",\"urlTemplate\":\"https:\/\/www.monsiegeamoi.com\/blog\/?s={search_term_string}\"},\"query-input\":\"required name=search_term_string\"}],\"inLanguage\":\"fr-FR\"},{\"@type\":\"ImageObject\",\"@id\":\"https:\/\/www.monsiegeamoi.com\/blog\/it\/2020\/02\/25\/gli-assedi-e-il-culto\/#primaryimage\",\"inLanguage\":\"fr-FR\",\"url\":\"https:\/\/www.monsiegeamoi.com\/blog\/wp-content\/uploads\/2020\/02\/tabouret-et-fauteuil-1536x1039-2.jpg\",\"contentUrl\":\"https:\/\/www.monsiegeamoi.com\/blog\/wp-content\/uploads\/2020\/02\/tabouret-et-fauteuil-1536x1039-2.jpg\",\"width\":1536,\"height\":1039,\"caption\":\"Sedie e luoghi di culto\"},{\"@type\":\"WebPage\",\"@id\":\"https:\/\/www.monsiegeamoi.com\/blog\/it\/2020\/02\/25\/gli-assedi-e-il-culto\/#webpage\",\"url\":\"https:\/\/www.monsiegeamoi.com\/blog\/it\/2020\/02\/25\/gli-assedi-e-il-culto\/\",\"name\":\"Sedie e luoghi di culto - Blog des fauteuils sur mesure\",\"isPartOf\":{\"@id\":\"https:\/\/www.monsiegeamoi.com\/blog\/#website\"},\"primaryImageOfPage\":{\"@id\":\"https:\/\/www.monsiegeamoi.com\/blog\/it\/2020\/02\/25\/gli-assedi-e-il-culto\/#primaryimage\"},\"datePublished\":\"2020-02-25T08:15:35+00:00\",\"dateModified\":\"2021-03-29T15:52:52+00:00\",\"breadcrumb\":{\"@id\":\"https:\/\/www.monsiegeamoi.com\/blog\/it\/2020\/02\/25\/gli-assedi-e-il-culto\/#breadcrumb\"},\"inLanguage\":\"fr-FR\",\"potentialAction\":[{\"@type\":\"ReadAction\",\"target\":[\"https:\/\/www.monsiegeamoi.com\/blog\/it\/2020\/02\/25\/gli-assedi-e-il-culto\/\"]}]},{\"@type\":\"BreadcrumbList\",\"@id\":\"https:\/\/www.monsiegeamoi.com\/blog\/it\/2020\/02\/25\/gli-assedi-e-il-culto\/#breadcrumb\",\"itemListElement\":[{\"@type\":\"ListItem\",\"position\":1,\"name\":\"Accueil\",\"item\":\"https:\/\/www.monsiegeamoi.com\/blog\/\"},{\"@type\":\"ListItem\",\"position\":2,\"name\":\"Sedie e luoghi di culto\"}]},{\"@type\":\"Article\",\"@id\":\"https:\/\/www.monsiegeamoi.com\/blog\/it\/2020\/02\/25\/gli-assedi-e-il-culto\/#article\",\"isPartOf\":{\"@id\":\"https:\/\/www.monsiegeamoi.com\/blog\/it\/2020\/02\/25\/gli-assedi-e-il-culto\/#webpage\"},\"author\":{\"@id\":\"https:\/\/www.monsiegeamoi.com\/blog\/#\/schema\/person\/6c2e4ef71c12dc348f70f48155da5c66\"},\"headline\":\"Sedie e luoghi di culto\",\"datePublished\":\"2020-02-25T08:15:35+00:00\",\"dateModified\":\"2021-03-29T15:52:52+00:00\",\"mainEntityOfPage\":{\"@id\":\"https:\/\/www.monsiegeamoi.com\/blog\/it\/2020\/02\/25\/gli-assedi-e-il-culto\/#webpage\"},\"wordCount\":367,\"commentCount\":0,\"publisher\":{\"@id\":\"https:\/\/www.monsiegeamoi.com\/blog\/#organization\"},\"image\":{\"@id\":\"https:\/\/www.monsiegeamoi.com\/blog\/it\/2020\/02\/25\/gli-assedi-e-il-culto\/#primaryimage\"},\"thumbnailUrl\":\"https:\/\/www.monsiegeamoi.com\/blog\/wp-content\/uploads\/2020\/02\/tabouret-et-fauteuil-1536x1039-2.jpg\",\"articleSection\":[\"Sul blog\"],\"inLanguage\":\"fr-FR\",\"potentialAction\":[{\"@type\":\"CommentAction\",\"name\":\"Comment\",\"target\":[\"https:\/\/www.monsiegeamoi.com\/blog\/it\/2020\/02\/25\/gli-assedi-e-il-culto\/#respond\"]}]},{\"@type\":\"Person\",\"@id\":\"https:\/\/www.monsiegeamoi.com\/blog\/#\/schema\/person\/6c2e4ef71c12dc348f70f48155da5c66\",\"name\":\"Bruno DUVAL\",\"image\":{\"@type\":\"ImageObject\",\"@id\":\"https:\/\/www.monsiegeamoi.com\/blog\/#personlogo\",\"inLanguage\":\"fr-FR\",\"url\":\"https:\/\/secure.gravatar.com\/avatar\/d72ff8c522ba9b71838f031c69c2f326?s=96&d=mm&r=g\",\"contentUrl\":\"https:\/\/secure.gravatar.com\/avatar\/d72ff8c522ba9b71838f031c69c2f326?s=96&d=mm&r=g\",\"caption\":\"Bruno DUVAL\"},\"url\":\"https:\/\/www.monsiegeamoi.com\/blog\/author\/bruno-duval44gmail-com\/\"}]}<\/script>\n<!-- \/ Yoast SEO plugin. -->","yoast_head_json":{"title":"Sedie e luoghi di culto - Blog des fauteuils sur mesure","robots":{"index":"index","follow":"follow","max-snippet":"max-snippet:-1","max-image-preview":"max-image-preview:large","max-video-preview":"max-video-preview:-1"},"canonical":"https:\/\/www.monsiegeamoi.com\/blog\/it\/2020\/02\/25\/gli-assedi-e-il-culto\/","og_locale":"fr_FR","og_type":"article","og_title":"Sedie e luoghi di culto - Blog des fauteuils sur mesure","og_description":"\u00c8 solo tardi nella religione cristiana che i posti a sedere appaiono per il conforto dei fedeli. Un&rsquo;altra importante evoluzione: lo stile elaborato delle bancarelle o la sede del sacerdote dal XVI al XIX secolo \u00e8 stato sostituito nel XX secolo da uno stile funzionale e ordinato. La panchina dei fedeli Lo sapevi? Nel Medioevo &hellip;","og_url":"https:\/\/www.monsiegeamoi.com\/blog\/it\/2020\/02\/25\/gli-assedi-e-il-culto\/","og_site_name":"Blog des fauteuils sur mesure","article_publisher":"https:\/\/www.facebook.com\/msam.fr\/","article_published_time":"2020-02-25T08:15:35+00:00","article_modified_time":"2021-03-29T15:52:52+00:00","og_image":[{"width":1536,"height":1039,"url":"https:\/\/www.monsiegeamoi.com\/blog\/wp-content\/uploads\/2020\/02\/tabouret-et-fauteuil-1536x1039-2.jpg","type":"image\/jpeg"}],"twitter_card":"summary_large_image","twitter_misc":{"\u00c9crit par":"Bruno DUVAL","Dur\u00e9e de lecture estim\u00e9e":"3 minutes"},"schema":{"@context":"https:\/\/schema.org","@graph":[{"@type":"Organization","@id":"https:\/\/www.monsiegeamoi.com\/blog\/#organization","name":"mon si\u00e8ge \u00e0 moi","url":"https:\/\/www.monsiegeamoi.com\/blog\/","sameAs":["https:\/\/www.facebook.com\/msam.fr\/","https:\/\/www.instagram.com\/mon_siege_a_moi\/","https:\/\/www.linkedin.com\/company\/35628798\/admin\/","https:\/\/www.youtube.com\/channel\/UCdd1LuYl2T3uLrnreIEbx2g","https:\/\/www.pinterest.fr\/bduval0428\/"],"logo":{"@type":"ImageObject","@id":"https:\/\/www.monsiegeamoi.com\/blog\/#logo","inLanguage":"fr-FR","url":"https:\/\/www.monsiegeamoi.com\/blog\/wp-content\/uploads\/2020\/01\/logo-msam-carre-1.png","contentUrl":"https:\/\/www.monsiegeamoi.com\/blog\/wp-content\/uploads\/2020\/01\/logo-msam-carre-1.png","width":350,"height":350,"caption":"mon si\u00e8ge \u00e0 moi"},"image":{"@id":"https:\/\/www.monsiegeamoi.com\/blog\/#logo"}},{"@type":"WebSite","@id":"https:\/\/www.monsiegeamoi.com\/blog\/#website","url":"https:\/\/www.monsiegeamoi.com\/blog\/","name":"Fauteuils et innovations","description":"D\u00e9couvrez l&#039;histoire et l&#039;actualit\u00e9 des fauteuils sur mesure","publisher":{"@id":"https:\/\/www.monsiegeamoi.com\/blog\/#organization"},"potentialAction":[{"@type":"SearchAction","target":{"@type":"EntryPoint","urlTemplate":"https:\/\/www.monsiegeamoi.com\/blog\/?s={search_term_string}"},"query-input":"required name=search_term_string"}],"inLanguage":"fr-FR"},{"@type":"ImageObject","@id":"https:\/\/www.monsiegeamoi.com\/blog\/it\/2020\/02\/25\/gli-assedi-e-il-culto\/#primaryimage","inLanguage":"fr-FR","url":"https:\/\/www.monsiegeamoi.com\/blog\/wp-content\/uploads\/2020\/02\/tabouret-et-fauteuil-1536x1039-2.jpg","contentUrl":"https:\/\/www.monsiegeamoi.com\/blog\/wp-content\/uploads\/2020\/02\/tabouret-et-fauteuil-1536x1039-2.jpg","width":1536,"height":1039,"caption":"Sedie e luoghi di culto"},{"@type":"WebPage","@id":"https:\/\/www.monsiegeamoi.com\/blog\/it\/2020\/02\/25\/gli-assedi-e-il-culto\/#webpage","url":"https:\/\/www.monsiegeamoi.com\/blog\/it\/2020\/02\/25\/gli-assedi-e-il-culto\/","name":"Sedie e luoghi di culto - Blog des fauteuils sur mesure","isPartOf":{"@id":"https:\/\/www.monsiegeamoi.com\/blog\/#website"},"primaryImageOfPage":{"@id":"https:\/\/www.monsiegeamoi.com\/blog\/it\/2020\/02\/25\/gli-assedi-e-il-culto\/#primaryimage"},"datePublished":"2020-02-25T08:15:35+00:00","dateModified":"2021-03-29T15:52:52+00:00","breadcrumb":{"@id":"https:\/\/www.monsiegeamoi.com\/blog\/it\/2020\/02\/25\/gli-assedi-e-il-culto\/#breadcrumb"},"inLanguage":"fr-FR","potentialAction":[{"@type":"ReadAction","target":["https:\/\/www.monsiegeamoi.com\/blog\/it\/2020\/02\/25\/gli-assedi-e-il-culto\/"]}]},{"@type":"BreadcrumbList","@id":"https:\/\/www.monsiegeamoi.com\/blog\/it\/2020\/02\/25\/gli-assedi-e-il-culto\/#breadcrumb","itemListElement":[{"@type":"ListItem","position":1,"name":"Accueil","item":"https:\/\/www.monsiegeamoi.com\/blog\/"},{"@type":"ListItem","position":2,"name":"Sedie e luoghi di culto"}]},{"@type":"Article","@id":"https:\/\/www.monsiegeamoi.com\/blog\/it\/2020\/02\/25\/gli-assedi-e-il-culto\/#article","isPartOf":{"@id":"https:\/\/www.monsiegeamoi.com\/blog\/it\/2020\/02\/25\/gli-assedi-e-il-culto\/#webpage"},"author":{"@id":"https:\/\/www.monsiegeamoi.com\/blog\/#\/schema\/person\/6c2e4ef71c12dc348f70f48155da5c66"},"headline":"Sedie e luoghi di culto","datePublished":"2020-02-25T08:15:35+00:00","dateModified":"2021-03-29T15:52:52+00:00","mainEntityOfPage":{"@id":"https:\/\/www.monsiegeamoi.com\/blog\/it\/2020\/02\/25\/gli-assedi-e-il-culto\/#webpage"},"wordCount":367,"commentCount":0,"publisher":{"@id":"https:\/\/www.monsiegeamoi.com\/blog\/#organization"},"image":{"@id":"https:\/\/www.monsiegeamoi.com\/blog\/it\/2020\/02\/25\/gli-assedi-e-il-culto\/#primaryimage"},"thumbnailUrl":"https:\/\/www.monsiegeamoi.com\/blog\/wp-content\/uploads\/2020\/02\/tabouret-et-fauteuil-1536x1039-2.jpg","articleSection":["Sul blog"],"inLanguage":"fr-FR","potentialAction":[{"@type":"CommentAction","name":"Comment","target":["https:\/\/www.monsiegeamoi.com\/blog\/it\/2020\/02\/25\/gli-assedi-e-il-culto\/#respond"]}]},{"@type":"Person","@id":"https:\/\/www.monsiegeamoi.com\/blog\/#\/schema\/person\/6c2e4ef71c12dc348f70f48155da5c66","name":"Bruno DUVAL","image":{"@type":"ImageObject","@id":"https:\/\/www.monsiegeamoi.com\/blog\/#personlogo","inLanguage":"fr-FR","url":"https:\/\/secure.gravatar.com\/avatar\/d72ff8c522ba9b71838f031c69c2f326?s=96&d=mm&r=g","contentUrl":"https:\/\/secure.gravatar.com\/avatar\/d72ff8c522ba9b71838f031c69c2f326?s=96&d=mm&r=g","caption":"Bruno DUVAL"},"url":"https:\/\/www.monsiegeamoi.com\/blog\/author\/bruno-duval44gmail-com\/"}]}},"_links":{"self":[{"href":"https:\/\/www.monsiegeamoi.com\/blog\/wp-json\/wp\/v2\/posts\/619"}],"collection":[{"href":"https:\/\/www.monsiegeamoi.com\/blog\/wp-json\/wp\/v2\/posts"}],"about":[{"href":"https:\/\/www.monsiegeamoi.com\/blog\/wp-json\/wp\/v2\/types\/post"}],"author":[{"embeddable":true,"href":"https:\/\/www.monsiegeamoi.com\/blog\/wp-json\/wp\/v2\/users\/1"}],"replies":[{"embeddable":true,"href":"https:\/\/www.monsiegeamoi.com\/blog\/wp-json\/wp\/v2\/comments?post=619"}],"version-history":[{"count":1,"href":"https:\/\/www.monsiegeamoi.com\/blog\/wp-json\/wp\/v2\/posts\/619\/revisions"}],"predecessor-version":[{"id":623,"href":"https:\/\/www.monsiegeamoi.com\/blog\/wp-json\/wp\/v2\/posts\/619\/revisions\/623"}],"wp:featuredmedia":[{"embeddable":true,"href":"https:\/\/www.monsiegeamoi.com\/blog\/wp-json\/wp\/v2\/media\/622"}],"wp:attachment":[{"href":"https:\/\/www.monsiegeamoi.com\/blog\/wp-json\/wp\/v2\/media?parent=619"}],"wp:term":[{"taxonomy":"category","embeddable":true,"href":"https:\/\/www.monsiegeamoi.com\/blog\/wp-json\/wp\/v2\/categories?post=619"},{"taxonomy":"post_tag","embeddable":true,"href":"https:\/\/www.monsiegeamoi.com\/blog\/wp-json\/wp\/v2\/tags?post=619"}],"curies":[{"name":"wp","href":"https:\/\/api.w.org\/{rel}","templated":true}]}}