{"id":618,"date":"2020-02-25T08:15:35","date_gmt":"2020-02-25T08:15:35","guid":{"rendered":"https:\/\/www.monsiegeamoi.com\/blog\/?p=307"},"modified":"2021-03-29T15:53:06","modified_gmt":"2021-03-29T15:53:06","slug":"the-sieges-and-the-cult","status":"publish","type":"post","link":"https:\/\/www.monsiegeamoi.com\/blog\/en\/2020\/02\/25\/the-sieges-and-the-cult\/","title":{"rendered":"Chairs and places of worship"},"content":{"rendered":"\n<p>It is only late in the Christian religion that the seating appears for the comfort of the faithful. Another important <br>evolution: the elaborate style of the stalls or the priest&rsquo;s seat from the 16th to the 19th century was replaced in the 20th century by a functional and uncluttered style. <\/p>\n\n\n\n<h2>The bench of the faithful<\/h2>\n\n\n\n<figure class=\"wp-block-image size-large is-resized\"><img decoding=\"async\" src=\"https:\/\/www.monsiegeamoi.com\/blog\/wp-content\/uploads\/2020\/02\/banc-avec-dossier.jpg\" alt=\"Church bench. Its unique height and lack of cushion makes it a fast-uncomfortable seating.\" class=\"wp-image-308\" width=\"320\" srcset=\"https:\/\/www.monsiegeamoi.com\/blog\/wp-content\/uploads\/2020\/02\/banc-avec-dossier.jpg 800w, https:\/\/www.monsiegeamoi.com\/blog\/wp-content\/uploads\/2020\/02\/banc-avec-dossier-300x231.jpg 300w, https:\/\/www.monsiegeamoi.com\/blog\/wp-content\/uploads\/2020\/02\/banc-avec-dossier-768x590.jpg 768w, https:\/\/www.monsiegeamoi.com\/blog\/wp-content\/uploads\/2020\/02\/banc-avec-dossier-400x308.jpg 400w\" sizes=\"(max-width: 800px) 100vw, 800px\" \/><\/figure>\n\n\n\n<p>Did you know that? <\/p>\n\n\n\n<ul><li> In the Middle Ages the faithful attended Mass on their feet or on their knees.  It was not until the 16th century, and longer and longer masses, that seating appeared for the faithful.  Moreover, in the Muslim religion the prayer time remains short (5 to 20 minutes) and one continues to pray standing or on one knees. This difference can be seen at the Mosque-Cathedral in Cordoba, Spain. <\/li><li>In the churches the fixed arrangement of the pews that we know today dates only from the 19th century. Previously the benches were rented. <\/li><li>The church bench is devoid of cushions. It is also too low for people of above-average size and is therefore quickly uncomfortable (lack of circulation at the ischiatic zone). The alternation of sitting and standing during mass compensates for this discomfort, while keeping the faithful awake.<\/li><li>The bench may also be devoid of a backrest for space saving. <\/li><\/ul>\n\n\n\n<h2>Stalls for the clergy<\/h2>\n\n\n\n<figure class=\"wp-block-image size-large is-resized\"><img decoding=\"async\" src=\"https:\/\/www.monsiegeamoi.com\/blog\/wp-content\/uploads\/2020\/02\/fauteuil_accoudoir_long_relever.jpg\" alt=\"Stall with long armrest. Seating ensemble on the side of the choir called Stalles and reserved for the clergy\" class=\"wp-image-312\" width=\"320\" srcset=\"https:\/\/www.monsiegeamoi.com\/blog\/wp-content\/uploads\/2020\/02\/fauteuil_accoudoir_long_relever.jpg 800w, https:\/\/www.monsiegeamoi.com\/blog\/wp-content\/uploads\/2020\/02\/fauteuil_accoudoir_long_relever-300x208.jpg 300w, https:\/\/www.monsiegeamoi.com\/blog\/wp-content\/uploads\/2020\/02\/fauteuil_accoudoir_long_relever-768x533.jpg 768w, https:\/\/www.monsiegeamoi.com\/blog\/wp-content\/uploads\/2020\/02\/fauteuil_accoudoir_long_relever-400x278.jpg 400w\" sizes=\"(max-width: 800px) 100vw, 800px\" \/><\/figure>\n\n\n\n<p>These are benches with armrests or seat series placed on both sides of the choir. They are reserved for members of the clergy. <br>Above is a picture of a stall with very long armrests to be able to get up more easily. <br>Once very elaborate, stalls are now making way for more streamlined and modern versions (pictured above of carved wooden stalls and below no frills). The h<br>eight of the folder, however, is kept as a distinctive sign to illustrate a higher rank in the ecclesiastical hierarchy as illustrated in the photo below.<\/p>\n\n\n\n<figure class=\"wp-block-image size-large is-resized\"><img decoding=\"async\" src=\"https:\/\/www.monsiegeamoi.com\/blog\/wp-content\/uploads\/2020\/02\/fauteuil_eglise_2.jpg\" alt=\"Stalle with a higher folder in the middle for a higher-ranking dignitary\" class=\"wp-image-310\" width=\"320\" srcset=\"https:\/\/www.monsiegeamoi.com\/blog\/wp-content\/uploads\/2020\/02\/fauteuil_eglise_2.jpg 800w, https:\/\/www.monsiegeamoi.com\/blog\/wp-content\/uploads\/2020\/02\/fauteuil_eglise_2-300x205.jpg 300w, https:\/\/www.monsiegeamoi.com\/blog\/wp-content\/uploads\/2020\/02\/fauteuil_eglise_2-768x524.jpg 768w, https:\/\/www.monsiegeamoi.com\/blog\/wp-content\/uploads\/2020\/02\/fauteuil_eglise_2-400x273.jpg 400w\" sizes=\"(max-width: 800px) 100vw, 800px\" \/><\/figure>\n\n\n\n<p>Below is a richly ornate stall chair seen from above.  <\/p>\n\n\n\n<figure class=\"wp-block-image size-large is-resized\"><img decoding=\"async\" src=\"https:\/\/www.monsiegeamoi.com\/blog\/wp-content\/uploads\/2020\/02\/fauteuil-_travailles-1.jpg\" alt=\"Carved wooden stall\" class=\"wp-image-314\" width=\"320\" srcset=\"https:\/\/www.monsiegeamoi.com\/blog\/wp-content\/uploads\/2020\/02\/fauteuil-_travailles-1.jpg 800w, https:\/\/www.monsiegeamoi.com\/blog\/wp-content\/uploads\/2020\/02\/fauteuil-_travailles-1-241x300.jpg 241w, https:\/\/www.monsiegeamoi.com\/blog\/wp-content\/uploads\/2020\/02\/fauteuil-_travailles-1-768x956.jpg 768w, https:\/\/www.monsiegeamoi.com\/blog\/wp-content\/uploads\/2020\/02\/fauteuil-_travailles-1-400x498.jpg 400w\" sizes=\"(max-width: 800px) 100vw, 800px\" \/><\/figure>\n\n\n\n<h2>The chair for the priest and the stool for the co-celebration<\/h2>\n\n\n\n<figure class=\"wp-block-image size-large is-resized\"><img decoding=\"async\" src=\"https:\/\/www.monsiegeamoi.com\/blog\/wp-content\/uploads\/2020\/02\/tabouret-et-fauteuil-1024x693.jpg\" alt=\"The chair for the priest and the stool for the singer. The style is very uncluttered, witness to the 20th century and the architectural schools of the bauhaus or the Corbusier.\" class=\"wp-image-311\" width=\"320\" srcset=\"https:\/\/www.monsiegeamoi.com\/blog\/wp-content\/uploads\/2020\/02\/tabouret-et-fauteuil-1024x693.jpg 1024w, https:\/\/www.monsiegeamoi.com\/blog\/wp-content\/uploads\/2020\/02\/tabouret-et-fauteuil-300x203.jpg 300w, https:\/\/www.monsiegeamoi.com\/blog\/wp-content\/uploads\/2020\/02\/tabouret-et-fauteuil-768x520.jpg 768w, https:\/\/www.monsiegeamoi.com\/blog\/wp-content\/uploads\/2020\/02\/tabouret-et-fauteuil-1536x1039.jpg 1536w, https:\/\/www.monsiegeamoi.com\/blog\/wp-content\/uploads\/2020\/02\/tabouret-et-fauteuil-2048x1386.jpg 2048w, https:\/\/www.monsiegeamoi.com\/blog\/wp-content\/uploads\/2020\/02\/tabouret-et-fauteuil-900x609.jpg 900w, https:\/\/www.monsiegeamoi.com\/blog\/wp-content\/uploads\/2020\/02\/tabouret-et-fauteuil-400x271.jpg 400w\" sizes=\"(max-width: 1024px) 100vw, 1024px\" \/><\/figure>\n\n\n\n<p>The file is synonymous with comfort but also importance. In the photo below it is easy to distinguish the chair seat which can only be occupied by the celebratory priest and that of the co-celebrant. <br>Pillows improve comfort. <br>The style is deliberately purified to avoid any appearance of throne.<\/p>\n","protected":false},"excerpt":{"rendered":"<p>It is only late in the Christian religion that the seating appears for the comfort of the faithful. Another important evolution: the elaborate style of the stalls or the priest&rsquo;s seat from the 16th to the 19th century was replaced in the 20th century by a functional and uncluttered style. The bench of the faithful &hellip; <\/p>\n","protected":false},"author":1,"featured_media":620,"comment_status":"open","ping_status":"open","sticky":true,"template":"","format":"standard","meta":[],"categories":[8],"tags":[],"yoast_head":"<!-- This site is optimized with the Yoast SEO plugin v18.0 - https:\/\/yoast.com\/wordpress\/plugins\/seo\/ -->\n<title>Chairs and places of worship - Blog des fauteuils sur mesure<\/title>\n<meta name=\"robots\" content=\"index, follow, max-snippet:-1, max-image-preview:large, max-video-preview:-1\" \/>\n<link rel=\"canonical\" href=\"https:\/\/www.monsiegeamoi.com\/blog\/en\/2020\/02\/25\/the-sieges-and-the-cult\/\" \/>\n<meta property=\"og:locale\" content=\"fr_FR\" \/>\n<meta property=\"og:type\" content=\"article\" \/>\n<meta property=\"og:title\" content=\"Chairs and places of worship - Blog des fauteuils sur mesure\" \/>\n<meta property=\"og:description\" content=\"It is only late in the Christian religion that the seating appears for the comfort of the faithful. Another important evolution: the elaborate style of the stalls or the priest&rsquo;s seat from the 16th to the 19th century was replaced in the 20th century by a functional and uncluttered style. The bench of the faithful &hellip;\" \/>\n<meta property=\"og:url\" content=\"https:\/\/www.monsiegeamoi.com\/blog\/en\/2020\/02\/25\/the-sieges-and-the-cult\/\" \/>\n<meta property=\"og:site_name\" content=\"Blog des fauteuils sur mesure\" \/>\n<meta property=\"article:publisher\" content=\"https:\/\/www.facebook.com\/msam.fr\/\" \/>\n<meta property=\"article:published_time\" content=\"2020-02-25T08:15:35+00:00\" \/>\n<meta property=\"article:modified_time\" content=\"2021-03-29T15:53:06+00:00\" \/>\n<meta property=\"og:image\" content=\"https:\/\/www.monsiegeamoi.com\/blog\/wp-content\/uploads\/2020\/02\/tabouret-et-fauteuil-1536x1039-1.jpg\" \/>\n\t<meta property=\"og:image:width\" content=\"1536\" \/>\n\t<meta property=\"og:image:height\" content=\"1039\" \/>\n\t<meta property=\"og:image:type\" content=\"image\/jpeg\" \/>\n<meta name=\"twitter:card\" content=\"summary_large_image\" \/>\n<meta name=\"twitter:label1\" content=\"\u00c9crit par\" \/>\n\t<meta name=\"twitter:data1\" content=\"Bruno DUVAL\" \/>\n\t<meta name=\"twitter:label2\" content=\"Dur\u00e9e de lecture estim\u00e9e\" \/>\n\t<meta name=\"twitter:data2\" content=\"3 minutes\" \/>\n<script type=\"application\/ld+json\" class=\"yoast-schema-graph\">{\"@context\":\"https:\/\/schema.org\",\"@graph\":[{\"@type\":\"Organization\",\"@id\":\"https:\/\/www.monsiegeamoi.com\/blog\/#organization\",\"name\":\"mon si\u00e8ge \u00e0 moi\",\"url\":\"https:\/\/www.monsiegeamoi.com\/blog\/\",\"sameAs\":[\"https:\/\/www.facebook.com\/msam.fr\/\",\"https:\/\/www.instagram.com\/mon_siege_a_moi\/\",\"https:\/\/www.linkedin.com\/company\/35628798\/admin\/\",\"https:\/\/www.youtube.com\/channel\/UCdd1LuYl2T3uLrnreIEbx2g\",\"https:\/\/www.pinterest.fr\/bduval0428\/\"],\"logo\":{\"@type\":\"ImageObject\",\"@id\":\"https:\/\/www.monsiegeamoi.com\/blog\/#logo\",\"inLanguage\":\"fr-FR\",\"url\":\"https:\/\/www.monsiegeamoi.com\/blog\/wp-content\/uploads\/2020\/01\/logo-msam-carre-1.png\",\"contentUrl\":\"https:\/\/www.monsiegeamoi.com\/blog\/wp-content\/uploads\/2020\/01\/logo-msam-carre-1.png\",\"width\":350,\"height\":350,\"caption\":\"mon si\u00e8ge \u00e0 moi\"},\"image\":{\"@id\":\"https:\/\/www.monsiegeamoi.com\/blog\/#logo\"}},{\"@type\":\"WebSite\",\"@id\":\"https:\/\/www.monsiegeamoi.com\/blog\/#website\",\"url\":\"https:\/\/www.monsiegeamoi.com\/blog\/\",\"name\":\"Fauteuils et innovations\",\"description\":\"D\u00e9couvrez l&#039;histoire et l&#039;actualit\u00e9 des fauteuils sur mesure\",\"publisher\":{\"@id\":\"https:\/\/www.monsiegeamoi.com\/blog\/#organization\"},\"potentialAction\":[{\"@type\":\"SearchAction\",\"target\":{\"@type\":\"EntryPoint\",\"urlTemplate\":\"https:\/\/www.monsiegeamoi.com\/blog\/?s={search_term_string}\"},\"query-input\":\"required name=search_term_string\"}],\"inLanguage\":\"fr-FR\"},{\"@type\":\"ImageObject\",\"@id\":\"https:\/\/www.monsiegeamoi.com\/blog\/en\/2020\/02\/25\/the-sieges-and-the-cult\/#primaryimage\",\"inLanguage\":\"fr-FR\",\"url\":\"https:\/\/www.monsiegeamoi.com\/blog\/wp-content\/uploads\/2020\/02\/tabouret-et-fauteuil-1536x1039-1.jpg\",\"contentUrl\":\"https:\/\/www.monsiegeamoi.com\/blog\/wp-content\/uploads\/2020\/02\/tabouret-et-fauteuil-1536x1039-1.jpg\",\"width\":1536,\"height\":1039,\"caption\":\"Chairs and places of worship\"},{\"@type\":\"WebPage\",\"@id\":\"https:\/\/www.monsiegeamoi.com\/blog\/en\/2020\/02\/25\/the-sieges-and-the-cult\/#webpage\",\"url\":\"https:\/\/www.monsiegeamoi.com\/blog\/en\/2020\/02\/25\/the-sieges-and-the-cult\/\",\"name\":\"Chairs and places of worship - Blog des fauteuils sur mesure\",\"isPartOf\":{\"@id\":\"https:\/\/www.monsiegeamoi.com\/blog\/#website\"},\"primaryImageOfPage\":{\"@id\":\"https:\/\/www.monsiegeamoi.com\/blog\/en\/2020\/02\/25\/the-sieges-and-the-cult\/#primaryimage\"},\"datePublished\":\"2020-02-25T08:15:35+00:00\",\"dateModified\":\"2021-03-29T15:53:06+00:00\",\"breadcrumb\":{\"@id\":\"https:\/\/www.monsiegeamoi.com\/blog\/en\/2020\/02\/25\/the-sieges-and-the-cult\/#breadcrumb\"},\"inLanguage\":\"fr-FR\",\"potentialAction\":[{\"@type\":\"ReadAction\",\"target\":[\"https:\/\/www.monsiegeamoi.com\/blog\/en\/2020\/02\/25\/the-sieges-and-the-cult\/\"]}]},{\"@type\":\"BreadcrumbList\",\"@id\":\"https:\/\/www.monsiegeamoi.com\/blog\/en\/2020\/02\/25\/the-sieges-and-the-cult\/#breadcrumb\",\"itemListElement\":[{\"@type\":\"ListItem\",\"position\":1,\"name\":\"Accueil\",\"item\":\"https:\/\/www.monsiegeamoi.com\/blog\/\"},{\"@type\":\"ListItem\",\"position\":2,\"name\":\"Chairs and places of worship\"}]},{\"@type\":\"Article\",\"@id\":\"https:\/\/www.monsiegeamoi.com\/blog\/en\/2020\/02\/25\/the-sieges-and-the-cult\/#article\",\"isPartOf\":{\"@id\":\"https:\/\/www.monsiegeamoi.com\/blog\/en\/2020\/02\/25\/the-sieges-and-the-cult\/#webpage\"},\"author\":{\"@id\":\"https:\/\/www.monsiegeamoi.com\/blog\/#\/schema\/person\/6c2e4ef71c12dc348f70f48155da5c66\"},\"headline\":\"Chairs and places of worship\",\"datePublished\":\"2020-02-25T08:15:35+00:00\",\"dateModified\":\"2021-03-29T15:53:06+00:00\",\"mainEntityOfPage\":{\"@id\":\"https:\/\/www.monsiegeamoi.com\/blog\/en\/2020\/02\/25\/the-sieges-and-the-cult\/#webpage\"},\"wordCount\":379,\"commentCount\":0,\"publisher\":{\"@id\":\"https:\/\/www.monsiegeamoi.com\/blog\/#organization\"},\"image\":{\"@id\":\"https:\/\/www.monsiegeamoi.com\/blog\/en\/2020\/02\/25\/the-sieges-and-the-cult\/#primaryimage\"},\"thumbnailUrl\":\"https:\/\/www.monsiegeamoi.com\/blog\/wp-content\/uploads\/2020\/02\/tabouret-et-fauteuil-1536x1039-1.jpg\",\"articleSection\":[\"About the blog\"],\"inLanguage\":\"fr-FR\",\"potentialAction\":[{\"@type\":\"CommentAction\",\"name\":\"Comment\",\"target\":[\"https:\/\/www.monsiegeamoi.com\/blog\/en\/2020\/02\/25\/the-sieges-and-the-cult\/#respond\"]}]},{\"@type\":\"Person\",\"@id\":\"https:\/\/www.monsiegeamoi.com\/blog\/#\/schema\/person\/6c2e4ef71c12dc348f70f48155da5c66\",\"name\":\"Bruno DUVAL\",\"image\":{\"@type\":\"ImageObject\",\"@id\":\"https:\/\/www.monsiegeamoi.com\/blog\/#personlogo\",\"inLanguage\":\"fr-FR\",\"url\":\"https:\/\/secure.gravatar.com\/avatar\/d72ff8c522ba9b71838f031c69c2f326?s=96&d=mm&r=g\",\"contentUrl\":\"https:\/\/secure.gravatar.com\/avatar\/d72ff8c522ba9b71838f031c69c2f326?s=96&d=mm&r=g\",\"caption\":\"Bruno DUVAL\"},\"url\":\"https:\/\/www.monsiegeamoi.com\/blog\/author\/bruno-duval44gmail-com\/\"}]}<\/script>\n<!-- \/ Yoast SEO plugin. -->","yoast_head_json":{"title":"Chairs and places of worship - Blog des fauteuils sur mesure","robots":{"index":"index","follow":"follow","max-snippet":"max-snippet:-1","max-image-preview":"max-image-preview:large","max-video-preview":"max-video-preview:-1"},"canonical":"https:\/\/www.monsiegeamoi.com\/blog\/en\/2020\/02\/25\/the-sieges-and-the-cult\/","og_locale":"fr_FR","og_type":"article","og_title":"Chairs and places of worship - Blog des fauteuils sur mesure","og_description":"It is only late in the Christian religion that the seating appears for the comfort of the faithful. Another important evolution: the elaborate style of the stalls or the priest&rsquo;s seat from the 16th to the 19th century was replaced in the 20th century by a functional and uncluttered style. The bench of the faithful &hellip;","og_url":"https:\/\/www.monsiegeamoi.com\/blog\/en\/2020\/02\/25\/the-sieges-and-the-cult\/","og_site_name":"Blog des fauteuils sur mesure","article_publisher":"https:\/\/www.facebook.com\/msam.fr\/","article_published_time":"2020-02-25T08:15:35+00:00","article_modified_time":"2021-03-29T15:53:06+00:00","og_image":[{"width":1536,"height":1039,"url":"https:\/\/www.monsiegeamoi.com\/blog\/wp-content\/uploads\/2020\/02\/tabouret-et-fauteuil-1536x1039-1.jpg","type":"image\/jpeg"}],"twitter_card":"summary_large_image","twitter_misc":{"\u00c9crit par":"Bruno DUVAL","Dur\u00e9e de lecture estim\u00e9e":"3 minutes"},"schema":{"@context":"https:\/\/schema.org","@graph":[{"@type":"Organization","@id":"https:\/\/www.monsiegeamoi.com\/blog\/#organization","name":"mon si\u00e8ge \u00e0 moi","url":"https:\/\/www.monsiegeamoi.com\/blog\/","sameAs":["https:\/\/www.facebook.com\/msam.fr\/","https:\/\/www.instagram.com\/mon_siege_a_moi\/","https:\/\/www.linkedin.com\/company\/35628798\/admin\/","https:\/\/www.youtube.com\/channel\/UCdd1LuYl2T3uLrnreIEbx2g","https:\/\/www.pinterest.fr\/bduval0428\/"],"logo":{"@type":"ImageObject","@id":"https:\/\/www.monsiegeamoi.com\/blog\/#logo","inLanguage":"fr-FR","url":"https:\/\/www.monsiegeamoi.com\/blog\/wp-content\/uploads\/2020\/01\/logo-msam-carre-1.png","contentUrl":"https:\/\/www.monsiegeamoi.com\/blog\/wp-content\/uploads\/2020\/01\/logo-msam-carre-1.png","width":350,"height":350,"caption":"mon si\u00e8ge \u00e0 moi"},"image":{"@id":"https:\/\/www.monsiegeamoi.com\/blog\/#logo"}},{"@type":"WebSite","@id":"https:\/\/www.monsiegeamoi.com\/blog\/#website","url":"https:\/\/www.monsiegeamoi.com\/blog\/","name":"Fauteuils et innovations","description":"D\u00e9couvrez l&#039;histoire et l&#039;actualit\u00e9 des fauteuils sur mesure","publisher":{"@id":"https:\/\/www.monsiegeamoi.com\/blog\/#organization"},"potentialAction":[{"@type":"SearchAction","target":{"@type":"EntryPoint","urlTemplate":"https:\/\/www.monsiegeamoi.com\/blog\/?s={search_term_string}"},"query-input":"required name=search_term_string"}],"inLanguage":"fr-FR"},{"@type":"ImageObject","@id":"https:\/\/www.monsiegeamoi.com\/blog\/en\/2020\/02\/25\/the-sieges-and-the-cult\/#primaryimage","inLanguage":"fr-FR","url":"https:\/\/www.monsiegeamoi.com\/blog\/wp-content\/uploads\/2020\/02\/tabouret-et-fauteuil-1536x1039-1.jpg","contentUrl":"https:\/\/www.monsiegeamoi.com\/blog\/wp-content\/uploads\/2020\/02\/tabouret-et-fauteuil-1536x1039-1.jpg","width":1536,"height":1039,"caption":"Chairs and places of worship"},{"@type":"WebPage","@id":"https:\/\/www.monsiegeamoi.com\/blog\/en\/2020\/02\/25\/the-sieges-and-the-cult\/#webpage","url":"https:\/\/www.monsiegeamoi.com\/blog\/en\/2020\/02\/25\/the-sieges-and-the-cult\/","name":"Chairs and places of worship - Blog des fauteuils sur mesure","isPartOf":{"@id":"https:\/\/www.monsiegeamoi.com\/blog\/#website"},"primaryImageOfPage":{"@id":"https:\/\/www.monsiegeamoi.com\/blog\/en\/2020\/02\/25\/the-sieges-and-the-cult\/#primaryimage"},"datePublished":"2020-02-25T08:15:35+00:00","dateModified":"2021-03-29T15:53:06+00:00","breadcrumb":{"@id":"https:\/\/www.monsiegeamoi.com\/blog\/en\/2020\/02\/25\/the-sieges-and-the-cult\/#breadcrumb"},"inLanguage":"fr-FR","potentialAction":[{"@type":"ReadAction","target":["https:\/\/www.monsiegeamoi.com\/blog\/en\/2020\/02\/25\/the-sieges-and-the-cult\/"]}]},{"@type":"BreadcrumbList","@id":"https:\/\/www.monsiegeamoi.com\/blog\/en\/2020\/02\/25\/the-sieges-and-the-cult\/#breadcrumb","itemListElement":[{"@type":"ListItem","position":1,"name":"Accueil","item":"https:\/\/www.monsiegeamoi.com\/blog\/"},{"@type":"ListItem","position":2,"name":"Chairs and places of worship"}]},{"@type":"Article","@id":"https:\/\/www.monsiegeamoi.com\/blog\/en\/2020\/02\/25\/the-sieges-and-the-cult\/#article","isPartOf":{"@id":"https:\/\/www.monsiegeamoi.com\/blog\/en\/2020\/02\/25\/the-sieges-and-the-cult\/#webpage"},"author":{"@id":"https:\/\/www.monsiegeamoi.com\/blog\/#\/schema\/person\/6c2e4ef71c12dc348f70f48155da5c66"},"headline":"Chairs and places of worship","datePublished":"2020-02-25T08:15:35+00:00","dateModified":"2021-03-29T15:53:06+00:00","mainEntityOfPage":{"@id":"https:\/\/www.monsiegeamoi.com\/blog\/en\/2020\/02\/25\/the-sieges-and-the-cult\/#webpage"},"wordCount":379,"commentCount":0,"publisher":{"@id":"https:\/\/www.monsiegeamoi.com\/blog\/#organization"},"image":{"@id":"https:\/\/www.monsiegeamoi.com\/blog\/en\/2020\/02\/25\/the-sieges-and-the-cult\/#primaryimage"},"thumbnailUrl":"https:\/\/www.monsiegeamoi.com\/blog\/wp-content\/uploads\/2020\/02\/tabouret-et-fauteuil-1536x1039-1.jpg","articleSection":["About the blog"],"inLanguage":"fr-FR","potentialAction":[{"@type":"CommentAction","name":"Comment","target":["https:\/\/www.monsiegeamoi.com\/blog\/en\/2020\/02\/25\/the-sieges-and-the-cult\/#respond"]}]},{"@type":"Person","@id":"https:\/\/www.monsiegeamoi.com\/blog\/#\/schema\/person\/6c2e4ef71c12dc348f70f48155da5c66","name":"Bruno DUVAL","image":{"@type":"ImageObject","@id":"https:\/\/www.monsiegeamoi.com\/blog\/#personlogo","inLanguage":"fr-FR","url":"https:\/\/secure.gravatar.com\/avatar\/d72ff8c522ba9b71838f031c69c2f326?s=96&d=mm&r=g","contentUrl":"https:\/\/secure.gravatar.com\/avatar\/d72ff8c522ba9b71838f031c69c2f326?s=96&d=mm&r=g","caption":"Bruno DUVAL"},"url":"https:\/\/www.monsiegeamoi.com\/blog\/author\/bruno-duval44gmail-com\/"}]}},"_links":{"self":[{"href":"https:\/\/www.monsiegeamoi.com\/blog\/wp-json\/wp\/v2\/posts\/618"}],"collection":[{"href":"https:\/\/www.monsiegeamoi.com\/blog\/wp-json\/wp\/v2\/posts"}],"about":[{"href":"https:\/\/www.monsiegeamoi.com\/blog\/wp-json\/wp\/v2\/types\/post"}],"author":[{"embeddable":true,"href":"https:\/\/www.monsiegeamoi.com\/blog\/wp-json\/wp\/v2\/users\/1"}],"replies":[{"embeddable":true,"href":"https:\/\/www.monsiegeamoi.com\/blog\/wp-json\/wp\/v2\/comments?post=618"}],"version-history":[{"count":1,"href":"https:\/\/www.monsiegeamoi.com\/blog\/wp-json\/wp\/v2\/posts\/618\/revisions"}],"predecessor-version":[{"id":621,"href":"https:\/\/www.monsiegeamoi.com\/blog\/wp-json\/wp\/v2\/posts\/618\/revisions\/621"}],"wp:featuredmedia":[{"embeddable":true,"href":"https:\/\/www.monsiegeamoi.com\/blog\/wp-json\/wp\/v2\/media\/620"}],"wp:attachment":[{"href":"https:\/\/www.monsiegeamoi.com\/blog\/wp-json\/wp\/v2\/media?parent=618"}],"wp:term":[{"taxonomy":"category","embeddable":true,"href":"https:\/\/www.monsiegeamoi.com\/blog\/wp-json\/wp\/v2\/categories?post=618"},{"taxonomy":"post_tag","embeddable":true,"href":"https:\/\/www.monsiegeamoi.com\/blog\/wp-json\/wp\/v2\/tags?post=618"}],"curies":[{"name":"wp","href":"https:\/\/api.w.org\/{rel}","templated":true}]}}