{"id":607,"date":"2020-07-15T14:29:34","date_gmt":"2020-07-15T14:29:34","guid":{"rendered":"https:\/\/www.monsiegeamoi.com\/blog\/?p=418"},"modified":"2021-03-29T15:47:21","modified_gmt":"2021-03-29T15:47:21","slug":"my-rocking-chair-a-me","status":"publish","type":"post","link":"https:\/\/www.monsiegeamoi.com\/blog\/en\/2020\/07\/15\/my-rocking-chair-a-me\/","title":{"rendered":"My first rocking chair"},"content":{"rendered":"\n<h2>The origins<\/h2>\n\n\n\n<p>At night sitting on the couch I like to take a book or watch a movie. The seat, deep and soft, is an invitation to stroll. <br>Unfortunately my back doesn&rsquo;t like this big sofa; it is all rounded, forgetting its natural shape, so elegant in S. And at night my martyred back remembers me; it pinches the nerves, passing through the spine, which in turn contract muscles and pinch other nerves.<br>The calm usually returns only after 2 to 3 days. <\/p>\n\n\n\n<h2>The quest<\/h2>\n\n\n\n<p>So one day I started looking for a chair that was both comfortable and respectful of my back. <br>It was not to be too deep for the back to be pressed against the record, nor too short. <br>I wanted a seat tilted back enough for my weight to be split between seat and back. But not too inclined to be able to watch a movie&#8230; or sometimes more inclined to rest. <\/p>\n\n\n\n<p>I found only one-size-fits-all chairs, as if the same seating could be suitable for a person of 1.50 meters or 2 meters. <\/p>\n\n\n\n<h2>The concept<\/h2>\n\n\n\n<p>Having not found chair on my back I finally decided to draw one. <br>And as I wanted others to enjoy it I built it to be able to easily change its dimensions.  And to be able to enjoy it everywhere I wanted to remove it. <br>In the end I opted for a model consisting of 4 panels cut out on a digital order. In the program I slipped parameters that allow me to simply change its dimensions and inclination. <br>The panels have slots that allow it to be assembled and disassembled without a tool. <br>So my seat was born. <\/p>\n\n\n\n<h2>A chair designed for my back<\/h2>\n\n\n\n<p>Once my first custom chair was designed, cut and tested, I followed up on a \u00ab\u00a0rocking c<a href=\"https:\/\/www.monsiegeamoi.com\/fr\/11-fauteuil-a-bascule-sur-mesure\">hair\u00a0\u00bb version<\/a>. This allows me to instantly change the tilt of the seat according to the activity. <br>The rocking movement also allows to contract, relax the muscles of the spine; this pinch-relaxation movement would explain the beneficial effect of the rocking chair to prevent back pain. At least that&rsquo;s what Kennedy&rsquo;s doctor thought when she prescribed him a rocking chair. Elected president is said to have installed them in Air Force One and the residence of the American presidents at Camp David.  <br><\/p>\n\n\n\n<figure class=\"wp-block-image size-large\"><img decoding=\"async\" loading=\"lazy\" width=\"1000\" height=\"682\" src=\"https:\/\/www.monsiegeamoi.com\/blog\/wp-content\/uploads\/2020\/07\/mon-rocking-chair.jpg\" alt=\"\" class=\"wp-image-422\" srcset=\"https:\/\/www.monsiegeamoi.com\/blog\/wp-content\/uploads\/2020\/07\/mon-rocking-chair.jpg 1000w, https:\/\/www.monsiegeamoi.com\/blog\/wp-content\/uploads\/2020\/07\/mon-rocking-chair-300x205.jpg 300w, https:\/\/www.monsiegeamoi.com\/blog\/wp-content\/uploads\/2020\/07\/mon-rocking-chair-768x524.jpg 768w, https:\/\/www.monsiegeamoi.com\/blog\/wp-content\/uploads\/2020\/07\/mon-rocking-chair-900x614.jpg 900w, https:\/\/www.monsiegeamoi.com\/blog\/wp-content\/uploads\/2020\/07\/mon-rocking-chair-400x273.jpg 400w\" sizes=\"(max-width: 1000px) 100vw, 1000px\" \/><figcaption>My rocking seat in Valchromat Orange with its anthracite cushions<\/figcaption><\/figure>\n\n\n\n<p> <br> <\/p>\n","protected":false},"excerpt":{"rendered":"<p>Having not found a suitable chair for the back I ended up developing a custom rocking chair. <\/p>\n","protected":false},"author":1,"featured_media":612,"comment_status":"open","ping_status":"open","sticky":true,"template":"","format":"standard","meta":[],"categories":[8,62],"tags":[],"yoast_head":"<!-- This site is optimized with the Yoast SEO plugin v18.0 - https:\/\/yoast.com\/wordpress\/plugins\/seo\/ -->\n<title>My first rocking chair - Blog des fauteuils sur mesure<\/title>\n<meta name=\"robots\" content=\"index, follow, max-snippet:-1, max-image-preview:large, max-video-preview:-1\" \/>\n<link rel=\"canonical\" href=\"https:\/\/www.monsiegeamoi.com\/blog\/en\/2020\/07\/15\/my-rocking-chair-a-me\/\" \/>\n<meta property=\"og:locale\" content=\"fr_FR\" \/>\n<meta property=\"og:type\" content=\"article\" \/>\n<meta property=\"og:title\" content=\"My first rocking chair - Blog des fauteuils sur mesure\" \/>\n<meta property=\"og:description\" content=\"Having not found a suitable chair for the back I ended up developing a custom rocking chair.\" \/>\n<meta property=\"og:url\" content=\"https:\/\/www.monsiegeamoi.com\/blog\/en\/2020\/07\/15\/my-rocking-chair-a-me\/\" \/>\n<meta property=\"og:site_name\" content=\"Blog des fauteuils sur mesure\" \/>\n<meta property=\"article:publisher\" content=\"https:\/\/www.facebook.com\/msam.fr\/\" \/>\n<meta property=\"article:published_time\" content=\"2020-07-15T14:29:34+00:00\" \/>\n<meta property=\"article:modified_time\" content=\"2021-03-29T15:47:21+00:00\" \/>\n<meta property=\"og:image\" content=\"https:\/\/www.monsiegeamoi.com\/blog\/wp-content\/uploads\/2020\/07\/mon-rocking-chair-1.jpg\" \/>\n\t<meta property=\"og:image:width\" content=\"1000\" \/>\n\t<meta property=\"og:image:height\" content=\"682\" \/>\n\t<meta property=\"og:image:type\" content=\"image\/jpeg\" \/>\n<meta name=\"twitter:card\" content=\"summary_large_image\" \/>\n<meta name=\"twitter:label1\" content=\"\u00c9crit par\" \/>\n\t<meta name=\"twitter:data1\" content=\"Bruno DUVAL\" \/>\n\t<meta name=\"twitter:label2\" content=\"Dur\u00e9e de lecture estim\u00e9e\" \/>\n\t<meta name=\"twitter:data2\" content=\"2 minutes\" \/>\n<script type=\"application\/ld+json\" class=\"yoast-schema-graph\">{\"@context\":\"https:\/\/schema.org\",\"@graph\":[{\"@type\":\"Organization\",\"@id\":\"https:\/\/www.monsiegeamoi.com\/blog\/#organization\",\"name\":\"mon si\u00e8ge \u00e0 moi\",\"url\":\"https:\/\/www.monsiegeamoi.com\/blog\/\",\"sameAs\":[\"https:\/\/www.facebook.com\/msam.fr\/\",\"https:\/\/www.instagram.com\/mon_siege_a_moi\/\",\"https:\/\/www.linkedin.com\/company\/35628798\/admin\/\",\"https:\/\/www.youtube.com\/channel\/UCdd1LuYl2T3uLrnreIEbx2g\",\"https:\/\/www.pinterest.fr\/bduval0428\/\"],\"logo\":{\"@type\":\"ImageObject\",\"@id\":\"https:\/\/www.monsiegeamoi.com\/blog\/#logo\",\"inLanguage\":\"fr-FR\",\"url\":\"https:\/\/www.monsiegeamoi.com\/blog\/wp-content\/uploads\/2020\/01\/logo-msam-carre-1.png\",\"contentUrl\":\"https:\/\/www.monsiegeamoi.com\/blog\/wp-content\/uploads\/2020\/01\/logo-msam-carre-1.png\",\"width\":350,\"height\":350,\"caption\":\"mon si\u00e8ge \u00e0 moi\"},\"image\":{\"@id\":\"https:\/\/www.monsiegeamoi.com\/blog\/#logo\"}},{\"@type\":\"WebSite\",\"@id\":\"https:\/\/www.monsiegeamoi.com\/blog\/#website\",\"url\":\"https:\/\/www.monsiegeamoi.com\/blog\/\",\"name\":\"Fauteuils et innovations\",\"description\":\"D\u00e9couvrez l&#039;histoire et l&#039;actualit\u00e9 des fauteuils sur mesure\",\"publisher\":{\"@id\":\"https:\/\/www.monsiegeamoi.com\/blog\/#organization\"},\"potentialAction\":[{\"@type\":\"SearchAction\",\"target\":{\"@type\":\"EntryPoint\",\"urlTemplate\":\"https:\/\/www.monsiegeamoi.com\/blog\/?s={search_term_string}\"},\"query-input\":\"required name=search_term_string\"}],\"inLanguage\":\"fr-FR\"},{\"@type\":\"ImageObject\",\"@id\":\"https:\/\/www.monsiegeamoi.com\/blog\/en\/2020\/07\/15\/my-rocking-chair-a-me\/#primaryimage\",\"inLanguage\":\"fr-FR\",\"url\":\"https:\/\/www.monsiegeamoi.com\/blog\/wp-content\/uploads\/2020\/07\/mon-rocking-chair-1.jpg\",\"contentUrl\":\"https:\/\/www.monsiegeamoi.com\/blog\/wp-content\/uploads\/2020\/07\/mon-rocking-chair-1.jpg\",\"width\":1000,\"height\":682,\"caption\":\"My first rocking chair\"},{\"@type\":\"WebPage\",\"@id\":\"https:\/\/www.monsiegeamoi.com\/blog\/en\/2020\/07\/15\/my-rocking-chair-a-me\/#webpage\",\"url\":\"https:\/\/www.monsiegeamoi.com\/blog\/en\/2020\/07\/15\/my-rocking-chair-a-me\/\",\"name\":\"My first rocking chair - Blog des fauteuils sur mesure\",\"isPartOf\":{\"@id\":\"https:\/\/www.monsiegeamoi.com\/blog\/#website\"},\"primaryImageOfPage\":{\"@id\":\"https:\/\/www.monsiegeamoi.com\/blog\/en\/2020\/07\/15\/my-rocking-chair-a-me\/#primaryimage\"},\"datePublished\":\"2020-07-15T14:29:34+00:00\",\"dateModified\":\"2021-03-29T15:47:21+00:00\",\"breadcrumb\":{\"@id\":\"https:\/\/www.monsiegeamoi.com\/blog\/en\/2020\/07\/15\/my-rocking-chair-a-me\/#breadcrumb\"},\"inLanguage\":\"fr-FR\",\"potentialAction\":[{\"@type\":\"ReadAction\",\"target\":[\"https:\/\/www.monsiegeamoi.com\/blog\/en\/2020\/07\/15\/my-rocking-chair-a-me\/\"]}]},{\"@type\":\"BreadcrumbList\",\"@id\":\"https:\/\/www.monsiegeamoi.com\/blog\/en\/2020\/07\/15\/my-rocking-chair-a-me\/#breadcrumb\",\"itemListElement\":[{\"@type\":\"ListItem\",\"position\":1,\"name\":\"Accueil\",\"item\":\"https:\/\/www.monsiegeamoi.com\/blog\/\"},{\"@type\":\"ListItem\",\"position\":2,\"name\":\"My first rocking chair\"}]},{\"@type\":\"Article\",\"@id\":\"https:\/\/www.monsiegeamoi.com\/blog\/en\/2020\/07\/15\/my-rocking-chair-a-me\/#article\",\"isPartOf\":{\"@id\":\"https:\/\/www.monsiegeamoi.com\/blog\/en\/2020\/07\/15\/my-rocking-chair-a-me\/#webpage\"},\"author\":{\"@id\":\"https:\/\/www.monsiegeamoi.com\/blog\/#\/schema\/person\/6c2e4ef71c12dc348f70f48155da5c66\"},\"headline\":\"My first rocking chair\",\"datePublished\":\"2020-07-15T14:29:34+00:00\",\"dateModified\":\"2021-03-29T15:47:21+00:00\",\"mainEntityOfPage\":{\"@id\":\"https:\/\/www.monsiegeamoi.com\/blog\/en\/2020\/07\/15\/my-rocking-chair-a-me\/#webpage\"},\"wordCount\":392,\"commentCount\":0,\"publisher\":{\"@id\":\"https:\/\/www.monsiegeamoi.com\/blog\/#organization\"},\"image\":{\"@id\":\"https:\/\/www.monsiegeamoi.com\/blog\/en\/2020\/07\/15\/my-rocking-chair-a-me\/#primaryimage\"},\"thumbnailUrl\":\"https:\/\/www.monsiegeamoi.com\/blog\/wp-content\/uploads\/2020\/07\/mon-rocking-chair-1.jpg\",\"articleSection\":[\"About the blog\",\"Comfort of the armchairs\"],\"inLanguage\":\"fr-FR\",\"potentialAction\":[{\"@type\":\"CommentAction\",\"name\":\"Comment\",\"target\":[\"https:\/\/www.monsiegeamoi.com\/blog\/en\/2020\/07\/15\/my-rocking-chair-a-me\/#respond\"]}]},{\"@type\":\"Person\",\"@id\":\"https:\/\/www.monsiegeamoi.com\/blog\/#\/schema\/person\/6c2e4ef71c12dc348f70f48155da5c66\",\"name\":\"Bruno DUVAL\",\"image\":{\"@type\":\"ImageObject\",\"@id\":\"https:\/\/www.monsiegeamoi.com\/blog\/#personlogo\",\"inLanguage\":\"fr-FR\",\"url\":\"https:\/\/secure.gravatar.com\/avatar\/d72ff8c522ba9b71838f031c69c2f326?s=96&d=mm&r=g\",\"contentUrl\":\"https:\/\/secure.gravatar.com\/avatar\/d72ff8c522ba9b71838f031c69c2f326?s=96&d=mm&r=g\",\"caption\":\"Bruno DUVAL\"},\"url\":\"https:\/\/www.monsiegeamoi.com\/blog\/author\/bruno-duval44gmail-com\/\"}]}<\/script>\n<!-- \/ Yoast SEO plugin. -->","yoast_head_json":{"title":"My first rocking chair - Blog des fauteuils sur mesure","robots":{"index":"index","follow":"follow","max-snippet":"max-snippet:-1","max-image-preview":"max-image-preview:large","max-video-preview":"max-video-preview:-1"},"canonical":"https:\/\/www.monsiegeamoi.com\/blog\/en\/2020\/07\/15\/my-rocking-chair-a-me\/","og_locale":"fr_FR","og_type":"article","og_title":"My first rocking chair - Blog des fauteuils sur mesure","og_description":"Having not found a suitable chair for the back I ended up developing a custom rocking chair.","og_url":"https:\/\/www.monsiegeamoi.com\/blog\/en\/2020\/07\/15\/my-rocking-chair-a-me\/","og_site_name":"Blog des fauteuils sur mesure","article_publisher":"https:\/\/www.facebook.com\/msam.fr\/","article_published_time":"2020-07-15T14:29:34+00:00","article_modified_time":"2021-03-29T15:47:21+00:00","og_image":[{"width":1000,"height":682,"url":"https:\/\/www.monsiegeamoi.com\/blog\/wp-content\/uploads\/2020\/07\/mon-rocking-chair-1.jpg","type":"image\/jpeg"}],"twitter_card":"summary_large_image","twitter_misc":{"\u00c9crit par":"Bruno DUVAL","Dur\u00e9e de lecture estim\u00e9e":"2 minutes"},"schema":{"@context":"https:\/\/schema.org","@graph":[{"@type":"Organization","@id":"https:\/\/www.monsiegeamoi.com\/blog\/#organization","name":"mon si\u00e8ge \u00e0 moi","url":"https:\/\/www.monsiegeamoi.com\/blog\/","sameAs":["https:\/\/www.facebook.com\/msam.fr\/","https:\/\/www.instagram.com\/mon_siege_a_moi\/","https:\/\/www.linkedin.com\/company\/35628798\/admin\/","https:\/\/www.youtube.com\/channel\/UCdd1LuYl2T3uLrnreIEbx2g","https:\/\/www.pinterest.fr\/bduval0428\/"],"logo":{"@type":"ImageObject","@id":"https:\/\/www.monsiegeamoi.com\/blog\/#logo","inLanguage":"fr-FR","url":"https:\/\/www.monsiegeamoi.com\/blog\/wp-content\/uploads\/2020\/01\/logo-msam-carre-1.png","contentUrl":"https:\/\/www.monsiegeamoi.com\/blog\/wp-content\/uploads\/2020\/01\/logo-msam-carre-1.png","width":350,"height":350,"caption":"mon si\u00e8ge \u00e0 moi"},"image":{"@id":"https:\/\/www.monsiegeamoi.com\/blog\/#logo"}},{"@type":"WebSite","@id":"https:\/\/www.monsiegeamoi.com\/blog\/#website","url":"https:\/\/www.monsiegeamoi.com\/blog\/","name":"Fauteuils et innovations","description":"D\u00e9couvrez l&#039;histoire et l&#039;actualit\u00e9 des fauteuils sur mesure","publisher":{"@id":"https:\/\/www.monsiegeamoi.com\/blog\/#organization"},"potentialAction":[{"@type":"SearchAction","target":{"@type":"EntryPoint","urlTemplate":"https:\/\/www.monsiegeamoi.com\/blog\/?s={search_term_string}"},"query-input":"required name=search_term_string"}],"inLanguage":"fr-FR"},{"@type":"ImageObject","@id":"https:\/\/www.monsiegeamoi.com\/blog\/en\/2020\/07\/15\/my-rocking-chair-a-me\/#primaryimage","inLanguage":"fr-FR","url":"https:\/\/www.monsiegeamoi.com\/blog\/wp-content\/uploads\/2020\/07\/mon-rocking-chair-1.jpg","contentUrl":"https:\/\/www.monsiegeamoi.com\/blog\/wp-content\/uploads\/2020\/07\/mon-rocking-chair-1.jpg","width":1000,"height":682,"caption":"My first rocking chair"},{"@type":"WebPage","@id":"https:\/\/www.monsiegeamoi.com\/blog\/en\/2020\/07\/15\/my-rocking-chair-a-me\/#webpage","url":"https:\/\/www.monsiegeamoi.com\/blog\/en\/2020\/07\/15\/my-rocking-chair-a-me\/","name":"My first rocking chair - Blog des fauteuils sur mesure","isPartOf":{"@id":"https:\/\/www.monsiegeamoi.com\/blog\/#website"},"primaryImageOfPage":{"@id":"https:\/\/www.monsiegeamoi.com\/blog\/en\/2020\/07\/15\/my-rocking-chair-a-me\/#primaryimage"},"datePublished":"2020-07-15T14:29:34+00:00","dateModified":"2021-03-29T15:47:21+00:00","breadcrumb":{"@id":"https:\/\/www.monsiegeamoi.com\/blog\/en\/2020\/07\/15\/my-rocking-chair-a-me\/#breadcrumb"},"inLanguage":"fr-FR","potentialAction":[{"@type":"ReadAction","target":["https:\/\/www.monsiegeamoi.com\/blog\/en\/2020\/07\/15\/my-rocking-chair-a-me\/"]}]},{"@type":"BreadcrumbList","@id":"https:\/\/www.monsiegeamoi.com\/blog\/en\/2020\/07\/15\/my-rocking-chair-a-me\/#breadcrumb","itemListElement":[{"@type":"ListItem","position":1,"name":"Accueil","item":"https:\/\/www.monsiegeamoi.com\/blog\/"},{"@type":"ListItem","position":2,"name":"My first rocking chair"}]},{"@type":"Article","@id":"https:\/\/www.monsiegeamoi.com\/blog\/en\/2020\/07\/15\/my-rocking-chair-a-me\/#article","isPartOf":{"@id":"https:\/\/www.monsiegeamoi.com\/blog\/en\/2020\/07\/15\/my-rocking-chair-a-me\/#webpage"},"author":{"@id":"https:\/\/www.monsiegeamoi.com\/blog\/#\/schema\/person\/6c2e4ef71c12dc348f70f48155da5c66"},"headline":"My first rocking chair","datePublished":"2020-07-15T14:29:34+00:00","dateModified":"2021-03-29T15:47:21+00:00","mainEntityOfPage":{"@id":"https:\/\/www.monsiegeamoi.com\/blog\/en\/2020\/07\/15\/my-rocking-chair-a-me\/#webpage"},"wordCount":392,"commentCount":0,"publisher":{"@id":"https:\/\/www.monsiegeamoi.com\/blog\/#organization"},"image":{"@id":"https:\/\/www.monsiegeamoi.com\/blog\/en\/2020\/07\/15\/my-rocking-chair-a-me\/#primaryimage"},"thumbnailUrl":"https:\/\/www.monsiegeamoi.com\/blog\/wp-content\/uploads\/2020\/07\/mon-rocking-chair-1.jpg","articleSection":["About the blog","Comfort of the armchairs"],"inLanguage":"fr-FR","potentialAction":[{"@type":"CommentAction","name":"Comment","target":["https:\/\/www.monsiegeamoi.com\/blog\/en\/2020\/07\/15\/my-rocking-chair-a-me\/#respond"]}]},{"@type":"Person","@id":"https:\/\/www.monsiegeamoi.com\/blog\/#\/schema\/person\/6c2e4ef71c12dc348f70f48155da5c66","name":"Bruno DUVAL","image":{"@type":"ImageObject","@id":"https:\/\/www.monsiegeamoi.com\/blog\/#personlogo","inLanguage":"fr-FR","url":"https:\/\/secure.gravatar.com\/avatar\/d72ff8c522ba9b71838f031c69c2f326?s=96&d=mm&r=g","contentUrl":"https:\/\/secure.gravatar.com\/avatar\/d72ff8c522ba9b71838f031c69c2f326?s=96&d=mm&r=g","caption":"Bruno DUVAL"},"url":"https:\/\/www.monsiegeamoi.com\/blog\/author\/bruno-duval44gmail-com\/"}]}},"_links":{"self":[{"href":"https:\/\/www.monsiegeamoi.com\/blog\/wp-json\/wp\/v2\/posts\/607"}],"collection":[{"href":"https:\/\/www.monsiegeamoi.com\/blog\/wp-json\/wp\/v2\/posts"}],"about":[{"href":"https:\/\/www.monsiegeamoi.com\/blog\/wp-json\/wp\/v2\/types\/post"}],"author":[{"embeddable":true,"href":"https:\/\/www.monsiegeamoi.com\/blog\/wp-json\/wp\/v2\/users\/1"}],"replies":[{"embeddable":true,"href":"https:\/\/www.monsiegeamoi.com\/blog\/wp-json\/wp\/v2\/comments?post=607"}],"version-history":[{"count":1,"href":"https:\/\/www.monsiegeamoi.com\/blog\/wp-json\/wp\/v2\/posts\/607\/revisions"}],"predecessor-version":[{"id":614,"href":"https:\/\/www.monsiegeamoi.com\/blog\/wp-json\/wp\/v2\/posts\/607\/revisions\/614"}],"wp:featuredmedia":[{"embeddable":true,"href":"https:\/\/www.monsiegeamoi.com\/blog\/wp-json\/wp\/v2\/media\/612"}],"wp:attachment":[{"href":"https:\/\/www.monsiegeamoi.com\/blog\/wp-json\/wp\/v2\/media?parent=607"}],"wp:term":[{"taxonomy":"category","embeddable":true,"href":"https:\/\/www.monsiegeamoi.com\/blog\/wp-json\/wp\/v2\/categories?post=607"},{"taxonomy":"post_tag","embeddable":true,"href":"https:\/\/www.monsiegeamoi.com\/blog\/wp-json\/wp\/v2\/tags?post=607"}],"curies":[{"name":"wp","href":"https:\/\/api.w.org\/{rel}","templated":true}]}}