{"id":587,"date":"2020-08-01T18:46:00","date_gmt":"2020-08-01T18:46:00","guid":{"rendered":"https:\/\/www.monsiegeamoi.com\/blog\/?p=478"},"modified":"2021-03-29T15:23:01","modified_gmt":"2021-03-29T15:23:01","slug":"le-dimensioni-dune-seduto-in-funzione-di-delle-dimensioni","status":"publish","type":"post","link":"https:\/\/www.monsiegeamoi.com\/blog\/it\/2020\/08\/01\/le-dimensioni-dune-seduto-in-funzione-di-delle-dimensioni\/","title":{"rendered":"Le dimensioni di un sedile in base alla taglia"},"content":{"rendered":"\n<p>Vuoi offrire o creare una sedia personalizzata. Ma poich\u00e9 \u00e8 una sorpresa \u00e8 difficile prendere le misure della persona. In questo caso \u00e8 possibile utilizzare la tabella sottostante. <br>Tuttavia, se ne hai l&rsquo;opportunit\u00e0, ti diremo di seguito in questo articolo come misurare l&rsquo;altezza e la profondit\u00e0 del sedile, nonch\u00e9 l&rsquo;altezza dello schienale. <\/p>\n\n\n\n<h2>Tabella delle dimensioni medie di un sedile su misura <\/h2>\n\n\n\n<p>I seguenti dati corrispondono a una misurazione media presa su un sedile orizzontale senza cuscino. Sono dati in cm<br><strong>. AS \u00e8 l&rsquo;altezza del sedil<br>. PS \u00e8 la profondit\u00e0 del sedile<br>. SM \u00e8 l&rsquo;altezza di uno schienale medio su cui le scapole supportano <br>. SA l&rsquo;altezza di uno schienale che incorpora un poggiacapo.<\/strong><\/p>\n\n\n\n<figure class=\"wp-block-table is-style-stripes\"><table><tbody><tr><td>Dimensione<\/td><td>AS<\/td><td>PS<\/td><td>SM<\/td><td>HDAT<\/td><\/tr><tr><td>145<\/td><td>34,9<\/td><td>36,6<\/td><td>39,2<\/td><td>72,5<\/td><\/tr><tr><td>146<\/td><td>35,3<\/td><td>36,9<\/td><td>39,6<\/td><td>73,0<\/td><\/tr><tr><td>147 a<\/td><td>35,7<\/td><td>37,2<\/td><td>40,0<\/td><td>73,5<\/td><\/tr><tr><td>148 a<\/td><td>36,2<\/td><td>37,4<\/td><td>40,4<\/td><td>74,0<\/td><\/tr><tr><td>149<\/td><td>36,6<\/td><td>37,7<\/td><td>40,7 a<\/td><td>74,5 a<\/td><\/tr><tr><td>150<\/td><td>37,0<\/td><td>38,0<\/td><td>41,1<\/td><td>75,0<\/td><\/tr><tr><td>151<\/td><td>37,4<\/td><td>38,3<\/td><td>41,5 a<\/td><td>75,5<\/td><\/tr><tr><td>152<\/td><td>37,8<\/td><td>38,6<\/td><td>41,9<\/td><td>76,0<\/td><\/tr><tr><td>153<\/td><td>38,3<\/td><td>38,8<\/td><td>42,3<\/td><td>76,5<\/td><\/tr><tr><td>154 a<\/td><td>38,7<\/td><td>39,1<\/td><td>42,7<\/td><td>77,0<\/td><\/tr><tr><td>155 a<\/td><td>39,1<\/td><td>39,4<\/td><td>43,1<\/td><td>77,5<\/td><\/tr><tr><td>156<\/td><td>39,5<\/td><td>39,7<\/td><td>43,5<\/td><td>78,0<\/td><\/tr><tr><td>157<\/td><td>39,9<\/td><td>40,0<\/td><td>43,8<\/td><td>78,5<\/td><\/tr><tr><td>158 a<\/td><td>40,4<\/td><td>40,2<\/td><td>44,2<\/td><td>79,0<\/td><\/tr><tr><td>159 a<\/td><td>40,8 a<\/td><td>40,5<\/td><td>44,6<\/td><td>79,5<\/td><\/tr><tr><td>160<\/td><td>41,2<\/td><td>40,8 a<\/td><td>45,0<\/td><td>80,0<\/td><\/tr><tr><td>161<\/td><td>41,6<\/td><td>41,1<\/td><td>45,4<\/td><td>80,5 a<\/td><\/tr><tr><td>162<\/td><td>42,0<\/td><td>41,4<\/td><td>45,8<\/td><td>81,0<\/td><\/tr><tr><td>163<\/td><td>42,5<\/td><td>41,6<\/td><td>46,2<\/td><td>81,5<\/td><\/tr><tr><td>164<\/td><td>42,9<\/td><td>41,9<\/td><td>46,6<\/td><td>82,0<\/td><\/tr><tr><td>165<\/td><td>43,3<\/td><td>42,2<\/td><td>46,9<\/td><td>82,5 a<\/td><\/tr><tr><td>166<\/td><td>43,7<\/td><td>42,5<\/td><td>47,3<\/td><td>83,0<\/td><\/tr><tr><td>167<\/td><td>44,1<\/td><td>42,8<\/td><td>47,7<\/td><td>83,5<\/td><\/tr><tr><td>168<\/td><td>44,6<\/td><td>43,0<\/td><td>48,1<\/td><td>84,0<\/td><\/tr><tr><td>169 a<\/td><td>45,0<\/td><td>43,3<\/td><td>48,5 a<\/td><td>84,5<\/td><\/tr><tr><td>170<\/td><td>45,4<\/td><td>43,6<\/td><td>48,9<\/td><td>85,0<\/td><\/tr><tr><td>171 a<\/td><td>45,8<\/td><td>43,9<\/td><td>49,3<\/td><td>85,5<\/td><\/tr><tr><td>172<\/td><td>46,2<\/td><td>44,2<\/td><td>49,7<\/td><td>86,0<\/td><\/tr><tr><td>173 a<\/td><td>46,7<\/td><td>44,4<\/td><td>50,0<\/td><td>86,5<\/td><\/tr><tr><td>174<\/td><td>47,1<\/td><td>44,7<\/td><td>50,4<\/td><td>87,0<\/td><\/tr><tr><td>175<\/td><td>47,5<\/td><td>45,0<\/td><td>50,8<\/td><td>87,5<\/td><\/tr><tr><td>176<\/td><td>47,9<\/td><td>45,3<\/td><td>51,2<\/td><td>88,0<\/td><\/tr><tr><td>177<\/td><td>48,3<\/td><td>45,6<\/td><td>51,6<\/td><td>88,5 a<\/td><\/tr><tr><td>178<\/td><td>48,8<\/td><td>45,8<\/td><td>52,0<\/td><td>89,0<\/td><\/tr><tr><td>179<\/td><td>49,2<\/td><td>46,1<\/td><td>52,4<\/td><td>89,5<\/td><\/tr><tr><td>180<\/td><td>49,6<\/td><td>46,4<\/td><td>52,8<\/td><td>90,0<\/td><\/tr><tr><td>181<\/td><td>50,0<\/td><td>46,7<\/td><td>53,1<\/td><td>90,5 a<\/td><\/tr><tr><td>182<\/td><td>50,4<\/td><td>47,0<\/td><td>53,5<\/td><td>91,0<\/td><\/tr><tr><td>183<\/td><td>50,9<\/td><td>47,2<\/td><td>53,9<\/td><td>91,5<\/td><\/tr><tr><td>184<\/td><td>51,3<\/td><td>47,5<\/td><td>54,3<\/td><td>92,0<\/td><\/tr><tr><td>185<\/td><td>51,7<\/td><td>47,8<\/td><td>54,7<\/td><td>92,5<\/td><\/tr><tr><td>186<\/td><td>52,1<\/td><td>48,1<\/td><td>55,1<\/td><td>93,0<\/td><\/tr><tr><td>187<\/td><td>52,5<\/td><td>48,4<\/td><td>55,5<\/td><td>93,5<\/td><\/tr><tr><td>188<\/td><td>53,0<\/td><td>48,6<\/td><td>55,9<\/td><td>94,0<\/td><\/tr><tr><td>189<\/td><td>53,4<\/td><td>48,9<\/td><td>56,2<\/td><td>94,5<\/td><\/tr><tr><td>190<\/td><td>53,8<\/td><td>49,2<\/td><td>56,6<\/td><td>95,0<\/td><\/tr><tr><td>191<\/td><td>54,2<\/td><td>49,5<\/td><td>57,0<\/td><td>95,5<\/td><\/tr><tr><td>192<\/td><td>54,6<\/td><td>49,8<\/td><td>57,4<\/td><td>96,0<\/td><\/tr><tr><td>193<\/td><td>55,1<\/td><td>50,0<\/td><td>57,8<\/td><td>96,5 a<\/td><\/tr><tr><td>194<\/td><td>55,5<\/td><td>50,3<\/td><td>58,2<\/td><td>97,0<\/td><\/tr><tr><td>195<\/td><td>55,9<\/td><td>50,6<\/td><td>58,6<\/td><td>97,5<\/td><\/tr><tr><td>196<\/td><td>56,3<\/td><td>50,9<\/td><td>59,0<\/td><td>98,0<\/td><\/tr><tr><td>197<\/td><td>56,7<\/td><td>51,2<\/td><td>59,3<\/td><td>98,5<\/td><\/tr><tr><td>198<\/td><td>57,2<\/td><td>51,4<\/td><td>59,7<\/td><td>99,0<\/td><\/tr><tr><td>199<\/td><td>57,6<\/td><td>51,7<\/td><td>60,1<\/td><td>99,5<\/td><\/tr><tr><td>200<\/td><td>58,0<\/td><td>52,0<\/td><td>60,5 a<\/td><td>100,0<\/td><\/tr><tr><td>201<\/td><td>58,4<\/td><td>52,3<\/td><td>60,9<\/td><td>100,5<\/td><\/tr><tr><td>202<\/td><td>58,8<\/td><td>52,6<\/td><td>61,3<\/td><td>101,0<\/td><\/tr><tr><td>203<\/td><td>59,3<\/td><td>52,8<\/td><td>61,7<\/td><td>101,5<\/td><\/tr><tr><td>204<\/td><td>59,7<\/td><td>53,1<\/td><td>62,1<\/td><td>102,0<\/td><\/tr><tr><td>205<\/td><td>60,1<\/td><td>53,4<\/td><td>62,4<\/td><td>102,5<\/td><\/tr><tr><td>206<\/td><td>60,5 a<\/td><td>53,7<\/td><td>62,8<\/td><td>103,0<\/td><\/tr><tr><td>207<\/td><td>60,9<\/td><td>54,0<\/td><td>63,2<\/td><td>103,5<\/td><\/tr><tr><td>208<\/td><td>61,4<\/td><td>54,2<\/td><td>63,6<\/td><td>104,0<\/td><\/tr><tr><td>209<\/td><td>61,8<\/td><td>54,5<\/td><td>64,0<\/td><td>104,5<\/td><\/tr><tr><td>210<\/td><td>62,2<\/td><td>54,8 a<\/td><td>64,4<\/td><td>105,0<\/td><\/tr><\/tbody><\/table><figcaption>Dimensioni dei sedili per dimensioni, da 145 a 210 cm<\/figcaption><\/figure>\n\n\n\n<p>Attenzione: queste sono medie. <br>In effetti, i dati raccolti su 358 persone (TU D<a href=\"https:\/\/www.dined.nl\/en\/ellipse\/tool\">elft 2020) mostr<\/a>ano effettivamente differenze significative da persona a persona. <br>Ad esempio per una persona di 180 euro\/- 1 cm uno dei 358 individui misurati ha bisogno di un sedile di 45 cm di altezza, ma un altro individuo delle stesse dimensioni ha bisogno di un sedile di 53 cm di altezza. <br><br>Le discrepanze sono significative anche in termini di profondit\u00e0 del sedile<br>In effetti su questo grafico abbiamo le dimensioni in ascisse e la slayer di posti a sedere in ordine (campione di 358 persone del Delft TU). Se la profondit\u00e0 del sedile fosse proporzionale alla dimensione, i punti disegnerebbero un rettilineo perfetto: ma la nuvola di punti disegna un&rsquo;ellisse (per i professionisti statistici l&rsquo;indice di correlazione \u00e8 solo 0,678). <\/p>\n\n\n\n<figure class=\"wp-block-image size-large\"><img decoding=\"async\" loading=\"lazy\" width=\"1024\" height=\"964\" src=\"https:\/\/www.monsiegeamoi.com\/blog\/wp-content\/uploads\/2021\/03\/image-1-1024x964.png\" alt=\"Grafico delle dimensioni in absciss e della cacciatrice di posti a sedere in ordine. Esempio di 358 persone di Delft TU.\" class=\"wp-image-482\" srcset=\"https:\/\/www.monsiegeamoi.com\/blog\/wp-content\/uploads\/2021\/03\/image-1-1024x964.png 1024w, https:\/\/www.monsiegeamoi.com\/blog\/wp-content\/uploads\/2021\/03\/image-1-300x283.png 300w, https:\/\/www.monsiegeamoi.com\/blog\/wp-content\/uploads\/2021\/03\/image-1-768x723.png 768w, https:\/\/www.monsiegeamoi.com\/blog\/wp-content\/uploads\/2021\/03\/image-1-900x848.png 900w, https:\/\/www.monsiegeamoi.com\/blog\/wp-content\/uploads\/2021\/03\/image-1-400x377.png 400w, https:\/\/www.monsiegeamoi.com\/blog\/wp-content\/uploads\/2021\/03\/image-1.png 1529w\" sizes=\"(max-width: 1024px) 100vw, 1024px\" \/><\/figure>\n\n\n\n<h2>Come misurare la profondit\u00e0 di un sedile <\/h2>\n\n\n\n<p>Siediti la persona su una superficie orizzontale abbastanza profonda e chiedi loro di stare in piedi. Prendi un blocco (in blu sul disegno sottostante) e appoggialo contro la parte bassa della schiena. <\/p>\n\n\n\n<p>1. Misurare la distanza tra questo blocco e la cavit\u00e0 nella parte posteriore del ginocchio<br>.2. Rimuovere circa 4 cm per misurare la profondit\u00e0 del sedile della sedia.<\/p>\n\n\n\n<p>In effetti, \u00e8 importante che la sede non sia troppo lunga. Altrimenti viene a sostegno contro la poplit\u00e0 cava e rallenta il ritorno venoso. Oppure la persona scivola in avanti pi\u00f9 facilmente e adotta una cattiva postura per la schiena. <\/p>\n\n\n\n<figure class=\"wp-block-image size-large\"><img decoding=\"async\" loading=\"lazy\" width=\"350\" height=\"350\" src=\"https:\/\/www.monsiegeamoi.com\/blog\/wp-content\/uploads\/2021\/03\/profondeur.jpg\" alt=\"Come misurare la profondit\u00e0 di un sedile\" class=\"wp-image-484\" srcset=\"https:\/\/www.monsiegeamoi.com\/blog\/wp-content\/uploads\/2021\/03\/profondeur.jpg 350w, https:\/\/www.monsiegeamoi.com\/blog\/wp-content\/uploads\/2021\/03\/profondeur-300x300.jpg 300w, https:\/\/www.monsiegeamoi.com\/blog\/wp-content\/uploads\/2021\/03\/profondeur-150x150.jpg 150w\" sizes=\"(max-width: 350px) 100vw, 350px\" \/><figcaption>Come misurare la profondit\u00e0 di un sedile<\/figcaption><\/figure>\n\n\n\n<h2> <\/h2>\n\n\n\n<h2>Come misurare l&rsquo;altezza di un sedile<\/h2>\n\n\n\n<p>Sedersi la persona su una superficie piana con i piedi leggermente in aria. <\/p>\n\n\n\n<p>1. Scarpe la persona con pantofole o scarpe solitamente indossate sulla sedia.<br>2. Aggiungere chili o blocchi sotto i piedi fino a quando la parte anteriore della coscia \u00e8 a contatto con la superficie piana. \u00c8 difficile passare la mano tra la coscia e il sedile. <br>3. Non resta che misurare la distanza dalla parte inferiore del tallone al sedile<\/p>\n\n\n\n<figure class=\"wp-block-image size-large\"><img decoding=\"async\" loading=\"lazy\" width=\"350\" height=\"350\" src=\"https:\/\/www.monsiegeamoi.com\/blog\/wp-content\/uploads\/2021\/03\/hauteur.jpg\" alt=\"\" class=\"wp-image-485\" srcset=\"https:\/\/www.monsiegeamoi.com\/blog\/wp-content\/uploads\/2021\/03\/hauteur.jpg 350w, https:\/\/www.monsiegeamoi.com\/blog\/wp-content\/uploads\/2021\/03\/hauteur-300x300.jpg 300w, https:\/\/www.monsiegeamoi.com\/blog\/wp-content\/uploads\/2021\/03\/hauteur-150x150.jpg 150w\" sizes=\"(max-width: 350px) 100vw, 350px\" \/><figcaption>Come misurare l&rsquo;altezza di un sedile<\/figcaption><\/figure>\n\n\n\n<h2>Misurazione dell&rsquo;altezza dello schienato<\/h2>\n\n\n\n<p>La persona seduta misura la distanza tra il sedile e le scapole per una schiena media o la distanza tra il sedile e la parte posteriore del cranio per uno schienale del poggiacapo. <\/p>\n\n\n\n<figure class=\"wp-block-image size-large\"><img decoding=\"async\" loading=\"lazy\" width=\"200\" height=\"200\" src=\"https:\/\/www.monsiegeamoi.com\/blog\/wp-content\/uploads\/2021\/03\/hauteur-dossier-biblio-standup.jpg\" alt=\"\" class=\"wp-image-486\" srcset=\"https:\/\/www.monsiegeamoi.com\/blog\/wp-content\/uploads\/2021\/03\/hauteur-dossier-biblio-standup.jpg 200w, https:\/\/www.monsiegeamoi.com\/blog\/wp-content\/uploads\/2021\/03\/hauteur-dossier-biblio-standup-150x150.jpg 150w\" sizes=\"(max-width: 200px) 100vw, 200px\" \/><figcaption>Come misurare un record medio<\/figcaption><\/figure>\n\n\n\n<figure class=\"wp-block-image size-large\"><img decoding=\"async\" loading=\"lazy\" width=\"200\" height=\"200\" src=\"https:\/\/www.monsiegeamoi.com\/blog\/wp-content\/uploads\/2021\/03\/hauteur-dossier-majuscule.jpg\" alt=\"\" class=\"wp-image-487\" srcset=\"https:\/\/www.monsiegeamoi.com\/blog\/wp-content\/uploads\/2021\/03\/hauteur-dossier-majuscule.jpg 200w, https:\/\/www.monsiegeamoi.com\/blog\/wp-content\/uploads\/2021\/03\/hauteur-dossier-majuscule-150x150.jpg 150w\" sizes=\"(max-width: 200px) 100vw, 200px\" \/><figcaption>Come misurare l&rsquo;altezza di una cartella con poggiacapo<\/figcaption><\/figure>\n","protected":false},"excerpt":{"rendered":"<p>Vuoi offrire o produrre una sedia personalizzata per qualcuno tra 155 e 200 cm? Ecco alcune dimensioni utili.<\/p>\n","protected":false},"author":1,"featured_media":590,"comment_status":"open","ping_status":"open","sticky":false,"template":"","format":"standard","meta":[],"categories":[64],"tags":[],"yoast_head":"<!-- This site is optimized with the Yoast SEO plugin v18.0 - https:\/\/yoast.com\/wordpress\/plugins\/seo\/ -->\n<title>Le dimensioni di un sedile in base alla taglia - Blog des fauteuils sur mesure<\/title>\n<meta name=\"robots\" content=\"index, follow, max-snippet:-1, max-image-preview:large, max-video-preview:-1\" \/>\n<link rel=\"canonical\" href=\"https:\/\/www.monsiegeamoi.com\/blog\/it\/2020\/08\/01\/le-dimensioni-dune-seduto-in-funzione-di-delle-dimensioni\/\" \/>\n<meta property=\"og:locale\" content=\"fr_FR\" \/>\n<meta property=\"og:type\" content=\"article\" \/>\n<meta property=\"og:title\" content=\"Le dimensioni di un sedile in base alla taglia - Blog des fauteuils sur mesure\" \/>\n<meta property=\"og:description\" content=\"Vuoi offrire o produrre una sedia personalizzata per qualcuno tra 155 e 200 cm? Ecco alcune dimensioni utili.\" \/>\n<meta property=\"og:url\" content=\"https:\/\/www.monsiegeamoi.com\/blog\/it\/2020\/08\/01\/le-dimensioni-dune-seduto-in-funzione-di-delle-dimensioni\/\" \/>\n<meta property=\"og:site_name\" content=\"Blog des fauteuils sur mesure\" \/>\n<meta property=\"article:publisher\" content=\"https:\/\/www.facebook.com\/msam.fr\/\" \/>\n<meta property=\"article:published_time\" content=\"2020-08-01T18:46:00+00:00\" \/>\n<meta property=\"article:modified_time\" content=\"2021-03-29T15:23:01+00:00\" \/>\n<meta property=\"og:image\" content=\"https:\/\/www.monsiegeamoi.com\/blog\/wp-content\/uploads\/2020\/08\/profondeur-1.jpg\" \/>\n\t<meta property=\"og:image:width\" content=\"350\" \/>\n\t<meta property=\"og:image:height\" content=\"350\" \/>\n\t<meta property=\"og:image:type\" content=\"image\/jpeg\" \/>\n<meta name=\"twitter:card\" content=\"summary_large_image\" \/>\n<meta name=\"twitter:label1\" content=\"\u00c9crit par\" \/>\n\t<meta name=\"twitter:data1\" content=\"Bruno DUVAL\" \/>\n\t<meta name=\"twitter:label2\" content=\"Dur\u00e9e de lecture estim\u00e9e\" \/>\n\t<meta name=\"twitter:data2\" content=\"5 minutes\" \/>\n<script type=\"application\/ld+json\" class=\"yoast-schema-graph\">{\"@context\":\"https:\/\/schema.org\",\"@graph\":[{\"@type\":\"Organization\",\"@id\":\"https:\/\/www.monsiegeamoi.com\/blog\/#organization\",\"name\":\"mon si\u00e8ge \u00e0 moi\",\"url\":\"https:\/\/www.monsiegeamoi.com\/blog\/\",\"sameAs\":[\"https:\/\/www.facebook.com\/msam.fr\/\",\"https:\/\/www.instagram.com\/mon_siege_a_moi\/\",\"https:\/\/www.linkedin.com\/company\/35628798\/admin\/\",\"https:\/\/www.youtube.com\/channel\/UCdd1LuYl2T3uLrnreIEbx2g\",\"https:\/\/www.pinterest.fr\/bduval0428\/\"],\"logo\":{\"@type\":\"ImageObject\",\"@id\":\"https:\/\/www.monsiegeamoi.com\/blog\/#logo\",\"inLanguage\":\"fr-FR\",\"url\":\"https:\/\/www.monsiegeamoi.com\/blog\/wp-content\/uploads\/2020\/01\/logo-msam-carre-1.png\",\"contentUrl\":\"https:\/\/www.monsiegeamoi.com\/blog\/wp-content\/uploads\/2020\/01\/logo-msam-carre-1.png\",\"width\":350,\"height\":350,\"caption\":\"mon si\u00e8ge \u00e0 moi\"},\"image\":{\"@id\":\"https:\/\/www.monsiegeamoi.com\/blog\/#logo\"}},{\"@type\":\"WebSite\",\"@id\":\"https:\/\/www.monsiegeamoi.com\/blog\/#website\",\"url\":\"https:\/\/www.monsiegeamoi.com\/blog\/\",\"name\":\"Fauteuils et innovations\",\"description\":\"D\u00e9couvrez l&#039;histoire et l&#039;actualit\u00e9 des fauteuils sur mesure\",\"publisher\":{\"@id\":\"https:\/\/www.monsiegeamoi.com\/blog\/#organization\"},\"potentialAction\":[{\"@type\":\"SearchAction\",\"target\":{\"@type\":\"EntryPoint\",\"urlTemplate\":\"https:\/\/www.monsiegeamoi.com\/blog\/?s={search_term_string}\"},\"query-input\":\"required name=search_term_string\"}],\"inLanguage\":\"fr-FR\"},{\"@type\":\"ImageObject\",\"@id\":\"https:\/\/www.monsiegeamoi.com\/blog\/it\/2020\/08\/01\/le-dimensioni-dune-seduto-in-funzione-di-delle-dimensioni\/#primaryimage\",\"inLanguage\":\"fr-FR\",\"url\":\"https:\/\/www.monsiegeamoi.com\/blog\/wp-content\/uploads\/2020\/08\/profondeur-1.jpg\",\"contentUrl\":\"https:\/\/www.monsiegeamoi.com\/blog\/wp-content\/uploads\/2020\/08\/profondeur-1.jpg\",\"width\":350,\"height\":350,\"caption\":\"dimensioni medie di un sedile su misura in base alla statura\"},{\"@type\":\"WebPage\",\"@id\":\"https:\/\/www.monsiegeamoi.com\/blog\/it\/2020\/08\/01\/le-dimensioni-dune-seduto-in-funzione-di-delle-dimensioni\/#webpage\",\"url\":\"https:\/\/www.monsiegeamoi.com\/blog\/it\/2020\/08\/01\/le-dimensioni-dune-seduto-in-funzione-di-delle-dimensioni\/\",\"name\":\"Le dimensioni di un sedile in base alla taglia - Blog des fauteuils sur mesure\",\"isPartOf\":{\"@id\":\"https:\/\/www.monsiegeamoi.com\/blog\/#website\"},\"primaryImageOfPage\":{\"@id\":\"https:\/\/www.monsiegeamoi.com\/blog\/it\/2020\/08\/01\/le-dimensioni-dune-seduto-in-funzione-di-delle-dimensioni\/#primaryimage\"},\"datePublished\":\"2020-08-01T18:46:00+00:00\",\"dateModified\":\"2021-03-29T15:23:01+00:00\",\"breadcrumb\":{\"@id\":\"https:\/\/www.monsiegeamoi.com\/blog\/it\/2020\/08\/01\/le-dimensioni-dune-seduto-in-funzione-di-delle-dimensioni\/#breadcrumb\"},\"inLanguage\":\"fr-FR\",\"potentialAction\":[{\"@type\":\"ReadAction\",\"target\":[\"https:\/\/www.monsiegeamoi.com\/blog\/it\/2020\/08\/01\/le-dimensioni-dune-seduto-in-funzione-di-delle-dimensioni\/\"]}]},{\"@type\":\"BreadcrumbList\",\"@id\":\"https:\/\/www.monsiegeamoi.com\/blog\/it\/2020\/08\/01\/le-dimensioni-dune-seduto-in-funzione-di-delle-dimensioni\/#breadcrumb\",\"itemListElement\":[{\"@type\":\"ListItem\",\"position\":1,\"name\":\"Accueil\",\"item\":\"https:\/\/www.monsiegeamoi.com\/blog\/\"},{\"@type\":\"ListItem\",\"position\":2,\"name\":\"Le dimensioni di un sedile in base alla taglia\"}]},{\"@type\":\"Article\",\"@id\":\"https:\/\/www.monsiegeamoi.com\/blog\/it\/2020\/08\/01\/le-dimensioni-dune-seduto-in-funzione-di-delle-dimensioni\/#article\",\"isPartOf\":{\"@id\":\"https:\/\/www.monsiegeamoi.com\/blog\/it\/2020\/08\/01\/le-dimensioni-dune-seduto-in-funzione-di-delle-dimensioni\/#webpage\"},\"author\":{\"@id\":\"https:\/\/www.monsiegeamoi.com\/blog\/#\/schema\/person\/6c2e4ef71c12dc348f70f48155da5c66\"},\"headline\":\"Le dimensioni di un sedile in base alla taglia\",\"datePublished\":\"2020-08-01T18:46:00+00:00\",\"dateModified\":\"2021-03-29T15:23:01+00:00\",\"mainEntityOfPage\":{\"@id\":\"https:\/\/www.monsiegeamoi.com\/blog\/it\/2020\/08\/01\/le-dimensioni-dune-seduto-in-funzione-di-delle-dimensioni\/#webpage\"},\"wordCount\":511,\"commentCount\":0,\"publisher\":{\"@id\":\"https:\/\/www.monsiegeamoi.com\/blog\/#organization\"},\"image\":{\"@id\":\"https:\/\/www.monsiegeamoi.com\/blog\/it\/2020\/08\/01\/le-dimensioni-dune-seduto-in-funzione-di-delle-dimensioni\/#primaryimage\"},\"thumbnailUrl\":\"https:\/\/www.monsiegeamoi.com\/blog\/wp-content\/uploads\/2020\/08\/profondeur-1.jpg\",\"articleSection\":[\"Comfort di seduta\"],\"inLanguage\":\"fr-FR\",\"potentialAction\":[{\"@type\":\"CommentAction\",\"name\":\"Comment\",\"target\":[\"https:\/\/www.monsiegeamoi.com\/blog\/it\/2020\/08\/01\/le-dimensioni-dune-seduto-in-funzione-di-delle-dimensioni\/#respond\"]}]},{\"@type\":\"Person\",\"@id\":\"https:\/\/www.monsiegeamoi.com\/blog\/#\/schema\/person\/6c2e4ef71c12dc348f70f48155da5c66\",\"name\":\"Bruno DUVAL\",\"image\":{\"@type\":\"ImageObject\",\"@id\":\"https:\/\/www.monsiegeamoi.com\/blog\/#personlogo\",\"inLanguage\":\"fr-FR\",\"url\":\"https:\/\/secure.gravatar.com\/avatar\/d72ff8c522ba9b71838f031c69c2f326?s=96&d=mm&r=g\",\"contentUrl\":\"https:\/\/secure.gravatar.com\/avatar\/d72ff8c522ba9b71838f031c69c2f326?s=96&d=mm&r=g\",\"caption\":\"Bruno DUVAL\"},\"url\":\"https:\/\/www.monsiegeamoi.com\/blog\/author\/bruno-duval44gmail-com\/\"}]}<\/script>\n<!-- \/ Yoast SEO plugin. -->","yoast_head_json":{"title":"Le dimensioni di un sedile in base alla taglia - Blog des fauteuils sur mesure","robots":{"index":"index","follow":"follow","max-snippet":"max-snippet:-1","max-image-preview":"max-image-preview:large","max-video-preview":"max-video-preview:-1"},"canonical":"https:\/\/www.monsiegeamoi.com\/blog\/it\/2020\/08\/01\/le-dimensioni-dune-seduto-in-funzione-di-delle-dimensioni\/","og_locale":"fr_FR","og_type":"article","og_title":"Le dimensioni di un sedile in base alla taglia - Blog des fauteuils sur mesure","og_description":"Vuoi offrire o produrre una sedia personalizzata per qualcuno tra 155 e 200 cm? Ecco alcune dimensioni utili.","og_url":"https:\/\/www.monsiegeamoi.com\/blog\/it\/2020\/08\/01\/le-dimensioni-dune-seduto-in-funzione-di-delle-dimensioni\/","og_site_name":"Blog des fauteuils sur mesure","article_publisher":"https:\/\/www.facebook.com\/msam.fr\/","article_published_time":"2020-08-01T18:46:00+00:00","article_modified_time":"2021-03-29T15:23:01+00:00","og_image":[{"width":350,"height":350,"url":"https:\/\/www.monsiegeamoi.com\/blog\/wp-content\/uploads\/2020\/08\/profondeur-1.jpg","type":"image\/jpeg"}],"twitter_card":"summary_large_image","twitter_misc":{"\u00c9crit par":"Bruno DUVAL","Dur\u00e9e de lecture estim\u00e9e":"5 minutes"},"schema":{"@context":"https:\/\/schema.org","@graph":[{"@type":"Organization","@id":"https:\/\/www.monsiegeamoi.com\/blog\/#organization","name":"mon si\u00e8ge \u00e0 moi","url":"https:\/\/www.monsiegeamoi.com\/blog\/","sameAs":["https:\/\/www.facebook.com\/msam.fr\/","https:\/\/www.instagram.com\/mon_siege_a_moi\/","https:\/\/www.linkedin.com\/company\/35628798\/admin\/","https:\/\/www.youtube.com\/channel\/UCdd1LuYl2T3uLrnreIEbx2g","https:\/\/www.pinterest.fr\/bduval0428\/"],"logo":{"@type":"ImageObject","@id":"https:\/\/www.monsiegeamoi.com\/blog\/#logo","inLanguage":"fr-FR","url":"https:\/\/www.monsiegeamoi.com\/blog\/wp-content\/uploads\/2020\/01\/logo-msam-carre-1.png","contentUrl":"https:\/\/www.monsiegeamoi.com\/blog\/wp-content\/uploads\/2020\/01\/logo-msam-carre-1.png","width":350,"height":350,"caption":"mon si\u00e8ge \u00e0 moi"},"image":{"@id":"https:\/\/www.monsiegeamoi.com\/blog\/#logo"}},{"@type":"WebSite","@id":"https:\/\/www.monsiegeamoi.com\/blog\/#website","url":"https:\/\/www.monsiegeamoi.com\/blog\/","name":"Fauteuils et innovations","description":"D\u00e9couvrez l&#039;histoire et l&#039;actualit\u00e9 des fauteuils sur mesure","publisher":{"@id":"https:\/\/www.monsiegeamoi.com\/blog\/#organization"},"potentialAction":[{"@type":"SearchAction","target":{"@type":"EntryPoint","urlTemplate":"https:\/\/www.monsiegeamoi.com\/blog\/?s={search_term_string}"},"query-input":"required name=search_term_string"}],"inLanguage":"fr-FR"},{"@type":"ImageObject","@id":"https:\/\/www.monsiegeamoi.com\/blog\/it\/2020\/08\/01\/le-dimensioni-dune-seduto-in-funzione-di-delle-dimensioni\/#primaryimage","inLanguage":"fr-FR","url":"https:\/\/www.monsiegeamoi.com\/blog\/wp-content\/uploads\/2020\/08\/profondeur-1.jpg","contentUrl":"https:\/\/www.monsiegeamoi.com\/blog\/wp-content\/uploads\/2020\/08\/profondeur-1.jpg","width":350,"height":350,"caption":"dimensioni medie di un sedile su misura in base alla statura"},{"@type":"WebPage","@id":"https:\/\/www.monsiegeamoi.com\/blog\/it\/2020\/08\/01\/le-dimensioni-dune-seduto-in-funzione-di-delle-dimensioni\/#webpage","url":"https:\/\/www.monsiegeamoi.com\/blog\/it\/2020\/08\/01\/le-dimensioni-dune-seduto-in-funzione-di-delle-dimensioni\/","name":"Le dimensioni di un sedile in base alla taglia - Blog des fauteuils sur mesure","isPartOf":{"@id":"https:\/\/www.monsiegeamoi.com\/blog\/#website"},"primaryImageOfPage":{"@id":"https:\/\/www.monsiegeamoi.com\/blog\/it\/2020\/08\/01\/le-dimensioni-dune-seduto-in-funzione-di-delle-dimensioni\/#primaryimage"},"datePublished":"2020-08-01T18:46:00+00:00","dateModified":"2021-03-29T15:23:01+00:00","breadcrumb":{"@id":"https:\/\/www.monsiegeamoi.com\/blog\/it\/2020\/08\/01\/le-dimensioni-dune-seduto-in-funzione-di-delle-dimensioni\/#breadcrumb"},"inLanguage":"fr-FR","potentialAction":[{"@type":"ReadAction","target":["https:\/\/www.monsiegeamoi.com\/blog\/it\/2020\/08\/01\/le-dimensioni-dune-seduto-in-funzione-di-delle-dimensioni\/"]}]},{"@type":"BreadcrumbList","@id":"https:\/\/www.monsiegeamoi.com\/blog\/it\/2020\/08\/01\/le-dimensioni-dune-seduto-in-funzione-di-delle-dimensioni\/#breadcrumb","itemListElement":[{"@type":"ListItem","position":1,"name":"Accueil","item":"https:\/\/www.monsiegeamoi.com\/blog\/"},{"@type":"ListItem","position":2,"name":"Le dimensioni di un sedile in base alla taglia"}]},{"@type":"Article","@id":"https:\/\/www.monsiegeamoi.com\/blog\/it\/2020\/08\/01\/le-dimensioni-dune-seduto-in-funzione-di-delle-dimensioni\/#article","isPartOf":{"@id":"https:\/\/www.monsiegeamoi.com\/blog\/it\/2020\/08\/01\/le-dimensioni-dune-seduto-in-funzione-di-delle-dimensioni\/#webpage"},"author":{"@id":"https:\/\/www.monsiegeamoi.com\/blog\/#\/schema\/person\/6c2e4ef71c12dc348f70f48155da5c66"},"headline":"Le dimensioni di un sedile in base alla taglia","datePublished":"2020-08-01T18:46:00+00:00","dateModified":"2021-03-29T15:23:01+00:00","mainEntityOfPage":{"@id":"https:\/\/www.monsiegeamoi.com\/blog\/it\/2020\/08\/01\/le-dimensioni-dune-seduto-in-funzione-di-delle-dimensioni\/#webpage"},"wordCount":511,"commentCount":0,"publisher":{"@id":"https:\/\/www.monsiegeamoi.com\/blog\/#organization"},"image":{"@id":"https:\/\/www.monsiegeamoi.com\/blog\/it\/2020\/08\/01\/le-dimensioni-dune-seduto-in-funzione-di-delle-dimensioni\/#primaryimage"},"thumbnailUrl":"https:\/\/www.monsiegeamoi.com\/blog\/wp-content\/uploads\/2020\/08\/profondeur-1.jpg","articleSection":["Comfort di seduta"],"inLanguage":"fr-FR","potentialAction":[{"@type":"CommentAction","name":"Comment","target":["https:\/\/www.monsiegeamoi.com\/blog\/it\/2020\/08\/01\/le-dimensioni-dune-seduto-in-funzione-di-delle-dimensioni\/#respond"]}]},{"@type":"Person","@id":"https:\/\/www.monsiegeamoi.com\/blog\/#\/schema\/person\/6c2e4ef71c12dc348f70f48155da5c66","name":"Bruno DUVAL","image":{"@type":"ImageObject","@id":"https:\/\/www.monsiegeamoi.com\/blog\/#personlogo","inLanguage":"fr-FR","url":"https:\/\/secure.gravatar.com\/avatar\/d72ff8c522ba9b71838f031c69c2f326?s=96&d=mm&r=g","contentUrl":"https:\/\/secure.gravatar.com\/avatar\/d72ff8c522ba9b71838f031c69c2f326?s=96&d=mm&r=g","caption":"Bruno DUVAL"},"url":"https:\/\/www.monsiegeamoi.com\/blog\/author\/bruno-duval44gmail-com\/"}]}},"_links":{"self":[{"href":"https:\/\/www.monsiegeamoi.com\/blog\/wp-json\/wp\/v2\/posts\/587"}],"collection":[{"href":"https:\/\/www.monsiegeamoi.com\/blog\/wp-json\/wp\/v2\/posts"}],"about":[{"href":"https:\/\/www.monsiegeamoi.com\/blog\/wp-json\/wp\/v2\/types\/post"}],"author":[{"embeddable":true,"href":"https:\/\/www.monsiegeamoi.com\/blog\/wp-json\/wp\/v2\/users\/1"}],"replies":[{"embeddable":true,"href":"https:\/\/www.monsiegeamoi.com\/blog\/wp-json\/wp\/v2\/comments?post=587"}],"version-history":[{"count":2,"href":"https:\/\/www.monsiegeamoi.com\/blog\/wp-json\/wp\/v2\/posts\/587\/revisions"}],"predecessor-version":[{"id":596,"href":"https:\/\/www.monsiegeamoi.com\/blog\/wp-json\/wp\/v2\/posts\/587\/revisions\/596"}],"wp:featuredmedia":[{"embeddable":true,"href":"https:\/\/www.monsiegeamoi.com\/blog\/wp-json\/wp\/v2\/media\/590"}],"wp:attachment":[{"href":"https:\/\/www.monsiegeamoi.com\/blog\/wp-json\/wp\/v2\/media?parent=587"}],"wp:term":[{"taxonomy":"category","embeddable":true,"href":"https:\/\/www.monsiegeamoi.com\/blog\/wp-json\/wp\/v2\/categories?post=587"},{"taxonomy":"post_tag","embeddable":true,"href":"https:\/\/www.monsiegeamoi.com\/blog\/wp-json\/wp\/v2\/tags?post=587"}],"curies":[{"name":"wp","href":"https:\/\/api.w.org\/{rel}","templated":true}]}}