{"id":50,"date":"2020-01-30T16:02:21","date_gmt":"2020-01-30T16:02:21","guid":{"rendered":"http:\/\/www.monsiegeamoi.com\/blog\/?p=50"},"modified":"2021-03-16T08:19:25","modified_gmt":"2021-03-16T08:19:25","slug":"fauteuil-releveur","status":"publish","type":"post","link":"https:\/\/www.monsiegeamoi.com\/blog\/fr\/2020\/01\/30\/fauteuil-releveur\/","title":{"rendered":"Des fauteuils con\u00e7us pour s&rsquo;asseoir et se relever sans effort"},"content":{"rendered":"\n<p>Un fauteuil bien con\u00e7u est id\u00e9alement un fauteuil o\u00f9 l&rsquo;on peut s&rsquo;asseoir en douceur et d\u2019o\u00f9 l&rsquo;on peut se relever avec un minimum d&rsquo;effort. <\/p>\n\n\n\n<h2>D\u00e9composition du mouvement<\/h2>\n\n\n\n<figure class=\"wp-block-image size-large\"><img decoding=\"async\" loading=\"lazy\" width=\"300\" height=\"300\" src=\"https:\/\/www.monsiegeamoi.com\/blog\/wp-content\/uploads\/2020\/01\/comment-se-relever-du-fauteuil-2-300x300-1.jpg\" alt=\"Pour se relever d\u2019un fauteuil on commence donc par reculer les pieds sous l\u2019assise\" class=\"wp-image-491\" srcset=\"https:\/\/www.monsiegeamoi.com\/blog\/wp-content\/uploads\/2020\/01\/comment-se-relever-du-fauteuil-2-300x300-1.jpg 300w, https:\/\/www.monsiegeamoi.com\/blog\/wp-content\/uploads\/2020\/01\/comment-se-relever-du-fauteuil-2-300x300-1-150x150.jpg 150w\" sizes=\"(max-width: 300px) 100vw, 300px\" \/><figcaption>Pour se relever d\u2019un fauteuil on commence donc par reculer les pieds sous l\u2019assise<\/figcaption><\/figure>\n\n\n\n<p>Notre centre de gravit\u00e9 se trouve au niveau de notre nombril. Pour \u00eatre en \u00e9quilibre ce centre de gravit\u00e9 doit \u00eatre \u00e0 la verticale du polygone de sustentation que dessine le p\u00e9rim\u00e8tre de nos pieds en appui sur le sol.<br>Pour se relever d&rsquo;un fauteuil on commence donc par reculer les pieds sous l&rsquo;assise de fa\u00e7on \u00e0 ce qu&rsquo;ils se trouvent \u00e0 la verticale de notre nombril. On peut alors pousser avec les cuisses pour soulever notre corps.<\/p>\n\n\n\n<figure class=\"wp-block-image size-large is-resized\"><img decoding=\"async\" loading=\"lazy\" src=\"https:\/\/www.monsiegeamoi.com\/blog\/wp-content\/uploads\/2020\/01\/comment-se-relever-du-fauteuil-5-3.jpg\" alt=\"Fauteuil avec accoudoirs longs pour se relever facilement\" class=\"wp-image-210\" width=\"263\" height=\"201\" srcset=\"https:\/\/www.monsiegeamoi.com\/blog\/wp-content\/uploads\/2020\/01\/comment-se-relever-du-fauteuil-5-3.jpg 500w, https:\/\/www.monsiegeamoi.com\/blog\/wp-content\/uploads\/2020\/01\/comment-se-relever-du-fauteuil-5-3-300x230.jpg 300w, https:\/\/www.monsiegeamoi.com\/blog\/wp-content\/uploads\/2020\/01\/comment-se-relever-du-fauteuil-5-3-400x306.jpg 400w\" sizes=\"(max-width: 263px) 100vw, 263px\" \/><figcaption>Nous allons pouvoir prendre appui sur les accoudoirs du fauteuil pour nous relever.<\/figcaption><\/figure>\n\n\n\n<p>Nous disposons aussi des bras pour nous aider. Nous allons pouvoir prendre appui sur les accoudoirs du fauteuil pour nous relever.<\/p>\n\n\n\n<h2>Effort \u00e0 produire<\/h2>\n\n\n\n<p>Il est fonction du poids \u00e0 soulever et de la distance \u00e0 parcourir. Cette distance est \u00e9gale \u00e0 la diff\u00e9rence de hauteur entre le nombril en position assise et en position debout. <br>En outre plus les jambes sont pli\u00e9es plus il faut pousser fort. <br>Il est donc important si l&rsquo;on veut se relever facilement d&rsquo;avoir une assise plus haute et plus inclin\u00e9e vers l&rsquo;avant. <br>Mais si l&rsquo;assise est trop haute et\/o\u00f9 trop pench\u00e9e vers l&rsquo;avant on risque d\u00a0\u00bben glisser et de tomber. <\/p>\n\n\n\n<h2>Comment construire un fauteuil classique pour se relever sans effort<\/h2>\n\n\n\n<p>Par rapport au mouvement et aux efforts n\u00e9cessaire pour se relever d&rsquo;un fauteuil : <br>&#8211; le dessous de l&rsquo;assise doit \u00eatre d\u00e9gag\u00e9 de fa\u00e7on \u00e0 pouvoir reculer les pieds<br>&#8211; les accoudoirs doivent offrir une zone de pr\u00e9hension assez haute et assez avanc\u00e9e ( mais pas trop)<br>&#8211; l&rsquo;assise doit \u00eatre aussi haute que possible sans que les pieds ne soient d\u00e9-coll\u00e9s du sol<br>&#8211; l&rsquo;inclinaison du si\u00e8ge doit \u00eatre proche de 0\u00b0<br>Un fauteuil fabriqu\u00e9 sur mesure permet de r\u00e9pondre de fa\u00e7on optimal \u00e0 ce cahier des charges.<\/p>\n\n\n\n<figure class=\"wp-block-image size-large is-resized\"><img decoding=\"async\" loading=\"lazy\" src=\"https:\/\/www.monsiegeamoi.com\/blog\/wp-content\/uploads\/2021\/03\/fauteuil-avec-accoudoir-long-et-assise-inclinee-a-6.jpg\" alt=\"Fauteuil jaune avec des accoudoirs longs et une assise \u00e0 faible inclinaison.\" class=\"wp-image-493\" width=\"290\" height=\"290\" srcset=\"https:\/\/www.monsiegeamoi.com\/blog\/wp-content\/uploads\/2021\/03\/fauteuil-avec-accoudoir-long-et-assise-inclinee-a-6.jpg 768w, https:\/\/www.monsiegeamoi.com\/blog\/wp-content\/uploads\/2021\/03\/fauteuil-avec-accoudoir-long-et-assise-inclinee-a-6-300x300.jpg 300w, https:\/\/www.monsiegeamoi.com\/blog\/wp-content\/uploads\/2021\/03\/fauteuil-avec-accoudoir-long-et-assise-inclinee-a-6-150x150.jpg 150w, https:\/\/www.monsiegeamoi.com\/blog\/wp-content\/uploads\/2021\/03\/fauteuil-avec-accoudoir-long-et-assise-inclinee-a-6-400x400.jpg 400w\" sizes=\"(max-width: 290px) 100vw, 290px\" \/><figcaption>Fauteuil avec des accoudoirs longs et une assise \u00e0 faible inclinaison.<\/figcaption><\/figure>\n\n\n\n<h2>Le fauteuil releveur \u00e9lectrique<\/h2>\n\n\n\n<p>Le principe consiste \u00e0 utiliser un moteur pour relever l&rsquo;assise afin qu&rsquo;elle soul\u00e8ve l&rsquo;utilisateur. La difficult\u00e9 consiste \u00e0 maintenir l&rsquo;assise en contact avec l&rsquo;utilisateur pendant la mont\u00e9e car dans le cas contraire il risquerait de glisser et de tomber. <br>Il faut pour cela que l&rsquo;assise pivote autour d&rsquo;un axe situ\u00e9 au niveau du genou. <br>Attention \u00e0 ce que les dimensions du fauteuil soit bien adapt\u00e9es \u00e0 l&rsquo;utilisateur. Dans le cas contraire il est pr\u00e9f\u00e9rable, pour des raisons de s\u00e9curit\u00e9 et de pr\u00e9servation de l&rsquo;autonomie, de faire fabriquer un fauteuil \u00e0 ses mesures.<br> <\/p>\n\n\n\n<figure class=\"wp-block-image size-large is-resized\"><img decoding=\"async\" loading=\"lazy\" src=\"https:\/\/www.monsiegeamoi.com\/blog\/wp-content\/uploads\/2021\/03\/fauteuil-releveur-electrique.jpg\" alt=\"Fauteuil releveur \u00e9lectrique\" class=\"wp-image-494\" width=\"296\" height=\"296\" srcset=\"https:\/\/www.monsiegeamoi.com\/blog\/wp-content\/uploads\/2021\/03\/fauteuil-releveur-electrique.jpg 768w, https:\/\/www.monsiegeamoi.com\/blog\/wp-content\/uploads\/2021\/03\/fauteuil-releveur-electrique-300x300.jpg 300w, https:\/\/www.monsiegeamoi.com\/blog\/wp-content\/uploads\/2021\/03\/fauteuil-releveur-electrique-150x150.jpg 150w, https:\/\/www.monsiegeamoi.com\/blog\/wp-content\/uploads\/2021\/03\/fauteuil-releveur-electrique-400x400.jpg 400w\" sizes=\"(max-width: 296px) 100vw, 296px\" \/><figcaption>Fauteuil releveur \u00e9lectrique<\/figcaption><\/figure>\n\n\n\n<p><br><\/p>\n","protected":false},"excerpt":{"rendered":"<p>Un fauteuil bien con\u00e7u est id\u00e9alement un fauteuil o\u00f9 l&rsquo;on peut s&rsquo;asseoir en douceur et d\u2019o\u00f9 l&rsquo;on peut se relever avec un minimum d&rsquo;effort.  Un fauteuil sur mesure r\u00e9pond \u00e0 cette attente fonctionnelle de fa\u00e7on optimum.<\/p>\n","protected":false},"author":1,"featured_media":210,"comment_status":"open","ping_status":"open","sticky":true,"template":"","format":"standard","meta":[],"categories":[50],"tags":[],"yoast_head":"<!-- This site is optimized with the Yoast SEO plugin v18.0 - https:\/\/yoast.com\/wordpress\/plugins\/seo\/ -->\n<title>Des fauteuils con\u00e7us pour s&#039;asseoir et se relever sans effort - Blog des fauteuils sur mesure<\/title>\n<meta name=\"robots\" content=\"index, follow, max-snippet:-1, max-image-preview:large, max-video-preview:-1\" \/>\n<link rel=\"canonical\" href=\"https:\/\/www.monsiegeamoi.com\/blog\/fr\/2020\/01\/30\/fauteuil-releveur\/\" \/>\n<meta property=\"og:locale\" content=\"fr_FR\" \/>\n<meta property=\"og:type\" content=\"article\" \/>\n<meta property=\"og:title\" content=\"Des fauteuils con\u00e7us pour s&#039;asseoir et se relever sans effort - Blog des fauteuils sur mesure\" \/>\n<meta property=\"og:description\" content=\"Un fauteuil bien con\u00e7u est id\u00e9alement un fauteuil o\u00f9 l&#039;on peut s&#039;asseoir en douceur et d\u2019o\u00f9 l&#039;on peut se relever avec un minimum d&#039;effort. Un fauteuil sur mesure r\u00e9pond \u00e0 cette attente fonctionnelle de fa\u00e7on optimum.\" \/>\n<meta property=\"og:url\" content=\"https:\/\/www.monsiegeamoi.com\/blog\/fr\/2020\/01\/30\/fauteuil-releveur\/\" \/>\n<meta property=\"og:site_name\" content=\"Blog des fauteuils sur mesure\" \/>\n<meta property=\"article:publisher\" content=\"https:\/\/www.facebook.com\/msam.fr\/\" \/>\n<meta property=\"article:published_time\" content=\"2020-01-30T16:02:21+00:00\" \/>\n<meta property=\"article:modified_time\" content=\"2021-03-16T08:19:25+00:00\" \/>\n<meta property=\"og:image\" content=\"https:\/\/www.monsiegeamoi.com\/blog\/wp-content\/uploads\/2020\/01\/comment-se-relever-du-fauteuil-5-3.jpg\" \/>\n\t<meta property=\"og:image:width\" content=\"500\" \/>\n\t<meta property=\"og:image:height\" content=\"383\" \/>\n\t<meta property=\"og:image:type\" content=\"image\/jpeg\" \/>\n<meta name=\"twitter:card\" content=\"summary_large_image\" \/>\n<meta name=\"twitter:label1\" content=\"\u00c9crit par\" \/>\n\t<meta name=\"twitter:data1\" content=\"Bruno DUVAL\" \/>\n\t<meta name=\"twitter:label2\" content=\"Dur\u00e9e de lecture estim\u00e9e\" \/>\n\t<meta name=\"twitter:data2\" content=\"3 minutes\" \/>\n<script type=\"application\/ld+json\" class=\"yoast-schema-graph\">{\"@context\":\"https:\/\/schema.org\",\"@graph\":[{\"@type\":\"Organization\",\"@id\":\"https:\/\/www.monsiegeamoi.com\/blog\/#organization\",\"name\":\"mon si\u00e8ge \u00e0 moi\",\"url\":\"https:\/\/www.monsiegeamoi.com\/blog\/\",\"sameAs\":[\"https:\/\/www.facebook.com\/msam.fr\/\",\"https:\/\/www.instagram.com\/mon_siege_a_moi\/\",\"https:\/\/www.linkedin.com\/company\/35628798\/admin\/\",\"https:\/\/www.youtube.com\/channel\/UCdd1LuYl2T3uLrnreIEbx2g\",\"https:\/\/www.pinterest.fr\/bduval0428\/\"],\"logo\":{\"@type\":\"ImageObject\",\"@id\":\"https:\/\/www.monsiegeamoi.com\/blog\/#logo\",\"inLanguage\":\"fr-FR\",\"url\":\"https:\/\/www.monsiegeamoi.com\/blog\/wp-content\/uploads\/2020\/01\/logo-msam-carre-1.png\",\"contentUrl\":\"https:\/\/www.monsiegeamoi.com\/blog\/wp-content\/uploads\/2020\/01\/logo-msam-carre-1.png\",\"width\":350,\"height\":350,\"caption\":\"mon si\u00e8ge \u00e0 moi\"},\"image\":{\"@id\":\"https:\/\/www.monsiegeamoi.com\/blog\/#logo\"}},{\"@type\":\"WebSite\",\"@id\":\"https:\/\/www.monsiegeamoi.com\/blog\/#website\",\"url\":\"https:\/\/www.monsiegeamoi.com\/blog\/\",\"name\":\"Fauteuils et innovations\",\"description\":\"D\u00e9couvrez l&#039;histoire et l&#039;actualit\u00e9 des fauteuils sur mesure\",\"publisher\":{\"@id\":\"https:\/\/www.monsiegeamoi.com\/blog\/#organization\"},\"potentialAction\":[{\"@type\":\"SearchAction\",\"target\":{\"@type\":\"EntryPoint\",\"urlTemplate\":\"https:\/\/www.monsiegeamoi.com\/blog\/?s={search_term_string}\"},\"query-input\":\"required name=search_term_string\"}],\"inLanguage\":\"fr-FR\"},{\"@type\":\"ImageObject\",\"@id\":\"https:\/\/www.monsiegeamoi.com\/blog\/fr\/2020\/01\/30\/fauteuil-releveur\/#primaryimage\",\"inLanguage\":\"fr-FR\",\"url\":\"https:\/\/www.monsiegeamoi.com\/blog\/wp-content\/uploads\/2020\/01\/comment-se-relever-du-fauteuil-5-3.jpg\",\"contentUrl\":\"https:\/\/www.monsiegeamoi.com\/blog\/wp-content\/uploads\/2020\/01\/comment-se-relever-du-fauteuil-5-3.jpg\",\"width\":500,\"height\":383,\"caption\":\"Comment se relevr d'un fauteuil\"},{\"@type\":\"WebPage\",\"@id\":\"https:\/\/www.monsiegeamoi.com\/blog\/fr\/2020\/01\/30\/fauteuil-releveur\/#webpage\",\"url\":\"https:\/\/www.monsiegeamoi.com\/blog\/fr\/2020\/01\/30\/fauteuil-releveur\/\",\"name\":\"Des fauteuils con\u00e7us pour s'asseoir et se relever sans effort - Blog des fauteuils sur mesure\",\"isPartOf\":{\"@id\":\"https:\/\/www.monsiegeamoi.com\/blog\/#website\"},\"primaryImageOfPage\":{\"@id\":\"https:\/\/www.monsiegeamoi.com\/blog\/fr\/2020\/01\/30\/fauteuil-releveur\/#primaryimage\"},\"datePublished\":\"2020-01-30T16:02:21+00:00\",\"dateModified\":\"2021-03-16T08:19:25+00:00\",\"breadcrumb\":{\"@id\":\"https:\/\/www.monsiegeamoi.com\/blog\/fr\/2020\/01\/30\/fauteuil-releveur\/#breadcrumb\"},\"inLanguage\":\"fr-FR\",\"potentialAction\":[{\"@type\":\"ReadAction\",\"target\":[\"https:\/\/www.monsiegeamoi.com\/blog\/fr\/2020\/01\/30\/fauteuil-releveur\/\"]}]},{\"@type\":\"BreadcrumbList\",\"@id\":\"https:\/\/www.monsiegeamoi.com\/blog\/fr\/2020\/01\/30\/fauteuil-releveur\/#breadcrumb\",\"itemListElement\":[{\"@type\":\"ListItem\",\"position\":1,\"name\":\"Accueil\",\"item\":\"https:\/\/www.monsiegeamoi.com\/blog\/\"},{\"@type\":\"ListItem\",\"position\":2,\"name\":\"Des fauteuils con\u00e7us pour s&rsquo;asseoir et se relever sans effort\"}]},{\"@type\":\"Article\",\"@id\":\"https:\/\/www.monsiegeamoi.com\/blog\/fr\/2020\/01\/30\/fauteuil-releveur\/#article\",\"isPartOf\":{\"@id\":\"https:\/\/www.monsiegeamoi.com\/blog\/fr\/2020\/01\/30\/fauteuil-releveur\/#webpage\"},\"author\":{\"@id\":\"https:\/\/www.monsiegeamoi.com\/blog\/#\/schema\/person\/6c2e4ef71c12dc348f70f48155da5c66\"},\"headline\":\"Des fauteuils con\u00e7us pour s&rsquo;asseoir et se relever sans effort\",\"datePublished\":\"2020-01-30T16:02:21+00:00\",\"dateModified\":\"2021-03-16T08:19:25+00:00\",\"mainEntityOfPage\":{\"@id\":\"https:\/\/www.monsiegeamoi.com\/blog\/fr\/2020\/01\/30\/fauteuil-releveur\/#webpage\"},\"wordCount\":469,\"commentCount\":0,\"publisher\":{\"@id\":\"https:\/\/www.monsiegeamoi.com\/blog\/#organization\"},\"image\":{\"@id\":\"https:\/\/www.monsiegeamoi.com\/blog\/fr\/2020\/01\/30\/fauteuil-releveur\/#primaryimage\"},\"thumbnailUrl\":\"https:\/\/www.monsiegeamoi.com\/blog\/wp-content\/uploads\/2020\/01\/comment-se-relever-du-fauteuil-5-3.jpg\",\"articleSection\":[\"Ergonomie des fauteuils\"],\"inLanguage\":\"fr-FR\",\"potentialAction\":[{\"@type\":\"CommentAction\",\"name\":\"Comment\",\"target\":[\"https:\/\/www.monsiegeamoi.com\/blog\/fr\/2020\/01\/30\/fauteuil-releveur\/#respond\"]}]},{\"@type\":\"Person\",\"@id\":\"https:\/\/www.monsiegeamoi.com\/blog\/#\/schema\/person\/6c2e4ef71c12dc348f70f48155da5c66\",\"name\":\"Bruno DUVAL\",\"image\":{\"@type\":\"ImageObject\",\"@id\":\"https:\/\/www.monsiegeamoi.com\/blog\/#personlogo\",\"inLanguage\":\"fr-FR\",\"url\":\"https:\/\/secure.gravatar.com\/avatar\/d72ff8c522ba9b71838f031c69c2f326?s=96&d=mm&r=g\",\"contentUrl\":\"https:\/\/secure.gravatar.com\/avatar\/d72ff8c522ba9b71838f031c69c2f326?s=96&d=mm&r=g\",\"caption\":\"Bruno DUVAL\"},\"url\":\"https:\/\/www.monsiegeamoi.com\/blog\/author\/bruno-duval44gmail-com\/\"}]}<\/script>\n<!-- \/ Yoast SEO plugin. -->","yoast_head_json":{"title":"Des fauteuils con\u00e7us pour s'asseoir et se relever sans effort - Blog des fauteuils sur mesure","robots":{"index":"index","follow":"follow","max-snippet":"max-snippet:-1","max-image-preview":"max-image-preview:large","max-video-preview":"max-video-preview:-1"},"canonical":"https:\/\/www.monsiegeamoi.com\/blog\/fr\/2020\/01\/30\/fauteuil-releveur\/","og_locale":"fr_FR","og_type":"article","og_title":"Des fauteuils con\u00e7us pour s'asseoir et se relever sans effort - Blog des fauteuils sur mesure","og_description":"Un fauteuil bien con\u00e7u est id\u00e9alement un fauteuil o\u00f9 l'on peut s'asseoir en douceur et d\u2019o\u00f9 l'on peut se relever avec un minimum d'effort. Un fauteuil sur mesure r\u00e9pond \u00e0 cette attente fonctionnelle de fa\u00e7on optimum.","og_url":"https:\/\/www.monsiegeamoi.com\/blog\/fr\/2020\/01\/30\/fauteuil-releveur\/","og_site_name":"Blog des fauteuils sur mesure","article_publisher":"https:\/\/www.facebook.com\/msam.fr\/","article_published_time":"2020-01-30T16:02:21+00:00","article_modified_time":"2021-03-16T08:19:25+00:00","og_image":[{"width":500,"height":383,"url":"https:\/\/www.monsiegeamoi.com\/blog\/wp-content\/uploads\/2020\/01\/comment-se-relever-du-fauteuil-5-3.jpg","type":"image\/jpeg"}],"twitter_card":"summary_large_image","twitter_misc":{"\u00c9crit par":"Bruno DUVAL","Dur\u00e9e de lecture estim\u00e9e":"3 minutes"},"schema":{"@context":"https:\/\/schema.org","@graph":[{"@type":"Organization","@id":"https:\/\/www.monsiegeamoi.com\/blog\/#organization","name":"mon si\u00e8ge \u00e0 moi","url":"https:\/\/www.monsiegeamoi.com\/blog\/","sameAs":["https:\/\/www.facebook.com\/msam.fr\/","https:\/\/www.instagram.com\/mon_siege_a_moi\/","https:\/\/www.linkedin.com\/company\/35628798\/admin\/","https:\/\/www.youtube.com\/channel\/UCdd1LuYl2T3uLrnreIEbx2g","https:\/\/www.pinterest.fr\/bduval0428\/"],"logo":{"@type":"ImageObject","@id":"https:\/\/www.monsiegeamoi.com\/blog\/#logo","inLanguage":"fr-FR","url":"https:\/\/www.monsiegeamoi.com\/blog\/wp-content\/uploads\/2020\/01\/logo-msam-carre-1.png","contentUrl":"https:\/\/www.monsiegeamoi.com\/blog\/wp-content\/uploads\/2020\/01\/logo-msam-carre-1.png","width":350,"height":350,"caption":"mon si\u00e8ge \u00e0 moi"},"image":{"@id":"https:\/\/www.monsiegeamoi.com\/blog\/#logo"}},{"@type":"WebSite","@id":"https:\/\/www.monsiegeamoi.com\/blog\/#website","url":"https:\/\/www.monsiegeamoi.com\/blog\/","name":"Fauteuils et innovations","description":"D\u00e9couvrez l&#039;histoire et l&#039;actualit\u00e9 des fauteuils sur mesure","publisher":{"@id":"https:\/\/www.monsiegeamoi.com\/blog\/#organization"},"potentialAction":[{"@type":"SearchAction","target":{"@type":"EntryPoint","urlTemplate":"https:\/\/www.monsiegeamoi.com\/blog\/?s={search_term_string}"},"query-input":"required name=search_term_string"}],"inLanguage":"fr-FR"},{"@type":"ImageObject","@id":"https:\/\/www.monsiegeamoi.com\/blog\/fr\/2020\/01\/30\/fauteuil-releveur\/#primaryimage","inLanguage":"fr-FR","url":"https:\/\/www.monsiegeamoi.com\/blog\/wp-content\/uploads\/2020\/01\/comment-se-relever-du-fauteuil-5-3.jpg","contentUrl":"https:\/\/www.monsiegeamoi.com\/blog\/wp-content\/uploads\/2020\/01\/comment-se-relever-du-fauteuil-5-3.jpg","width":500,"height":383,"caption":"Comment se relevr d'un fauteuil"},{"@type":"WebPage","@id":"https:\/\/www.monsiegeamoi.com\/blog\/fr\/2020\/01\/30\/fauteuil-releveur\/#webpage","url":"https:\/\/www.monsiegeamoi.com\/blog\/fr\/2020\/01\/30\/fauteuil-releveur\/","name":"Des fauteuils con\u00e7us pour s'asseoir et se relever sans effort - Blog des fauteuils sur mesure","isPartOf":{"@id":"https:\/\/www.monsiegeamoi.com\/blog\/#website"},"primaryImageOfPage":{"@id":"https:\/\/www.monsiegeamoi.com\/blog\/fr\/2020\/01\/30\/fauteuil-releveur\/#primaryimage"},"datePublished":"2020-01-30T16:02:21+00:00","dateModified":"2021-03-16T08:19:25+00:00","breadcrumb":{"@id":"https:\/\/www.monsiegeamoi.com\/blog\/fr\/2020\/01\/30\/fauteuil-releveur\/#breadcrumb"},"inLanguage":"fr-FR","potentialAction":[{"@type":"ReadAction","target":["https:\/\/www.monsiegeamoi.com\/blog\/fr\/2020\/01\/30\/fauteuil-releveur\/"]}]},{"@type":"BreadcrumbList","@id":"https:\/\/www.monsiegeamoi.com\/blog\/fr\/2020\/01\/30\/fauteuil-releveur\/#breadcrumb","itemListElement":[{"@type":"ListItem","position":1,"name":"Accueil","item":"https:\/\/www.monsiegeamoi.com\/blog\/"},{"@type":"ListItem","position":2,"name":"Des fauteuils con\u00e7us pour s&rsquo;asseoir et se relever sans effort"}]},{"@type":"Article","@id":"https:\/\/www.monsiegeamoi.com\/blog\/fr\/2020\/01\/30\/fauteuil-releveur\/#article","isPartOf":{"@id":"https:\/\/www.monsiegeamoi.com\/blog\/fr\/2020\/01\/30\/fauteuil-releveur\/#webpage"},"author":{"@id":"https:\/\/www.monsiegeamoi.com\/blog\/#\/schema\/person\/6c2e4ef71c12dc348f70f48155da5c66"},"headline":"Des fauteuils con\u00e7us pour s&rsquo;asseoir et se relever sans effort","datePublished":"2020-01-30T16:02:21+00:00","dateModified":"2021-03-16T08:19:25+00:00","mainEntityOfPage":{"@id":"https:\/\/www.monsiegeamoi.com\/blog\/fr\/2020\/01\/30\/fauteuil-releveur\/#webpage"},"wordCount":469,"commentCount":0,"publisher":{"@id":"https:\/\/www.monsiegeamoi.com\/blog\/#organization"},"image":{"@id":"https:\/\/www.monsiegeamoi.com\/blog\/fr\/2020\/01\/30\/fauteuil-releveur\/#primaryimage"},"thumbnailUrl":"https:\/\/www.monsiegeamoi.com\/blog\/wp-content\/uploads\/2020\/01\/comment-se-relever-du-fauteuil-5-3.jpg","articleSection":["Ergonomie des fauteuils"],"inLanguage":"fr-FR","potentialAction":[{"@type":"CommentAction","name":"Comment","target":["https:\/\/www.monsiegeamoi.com\/blog\/fr\/2020\/01\/30\/fauteuil-releveur\/#respond"]}]},{"@type":"Person","@id":"https:\/\/www.monsiegeamoi.com\/blog\/#\/schema\/person\/6c2e4ef71c12dc348f70f48155da5c66","name":"Bruno DUVAL","image":{"@type":"ImageObject","@id":"https:\/\/www.monsiegeamoi.com\/blog\/#personlogo","inLanguage":"fr-FR","url":"https:\/\/secure.gravatar.com\/avatar\/d72ff8c522ba9b71838f031c69c2f326?s=96&d=mm&r=g","contentUrl":"https:\/\/secure.gravatar.com\/avatar\/d72ff8c522ba9b71838f031c69c2f326?s=96&d=mm&r=g","caption":"Bruno DUVAL"},"url":"https:\/\/www.monsiegeamoi.com\/blog\/author\/bruno-duval44gmail-com\/"}]}},"_links":{"self":[{"href":"https:\/\/www.monsiegeamoi.com\/blog\/wp-json\/wp\/v2\/posts\/50"}],"collection":[{"href":"https:\/\/www.monsiegeamoi.com\/blog\/wp-json\/wp\/v2\/posts"}],"about":[{"href":"https:\/\/www.monsiegeamoi.com\/blog\/wp-json\/wp\/v2\/types\/post"}],"author":[{"embeddable":true,"href":"https:\/\/www.monsiegeamoi.com\/blog\/wp-json\/wp\/v2\/users\/1"}],"replies":[{"embeddable":true,"href":"https:\/\/www.monsiegeamoi.com\/blog\/wp-json\/wp\/v2\/comments?post=50"}],"version-history":[{"count":8,"href":"https:\/\/www.monsiegeamoi.com\/blog\/wp-json\/wp\/v2\/posts\/50\/revisions"}],"predecessor-version":[{"id":495,"href":"https:\/\/www.monsiegeamoi.com\/blog\/wp-json\/wp\/v2\/posts\/50\/revisions\/495"}],"wp:featuredmedia":[{"embeddable":true,"href":"https:\/\/www.monsiegeamoi.com\/blog\/wp-json\/wp\/v2\/media\/210"}],"wp:attachment":[{"href":"https:\/\/www.monsiegeamoi.com\/blog\/wp-json\/wp\/v2\/media?parent=50"}],"wp:term":[{"taxonomy":"category","embeddable":true,"href":"https:\/\/www.monsiegeamoi.com\/blog\/wp-json\/wp\/v2\/categories?post=50"},{"taxonomy":"post_tag","embeddable":true,"href":"https:\/\/www.monsiegeamoi.com\/blog\/wp-json\/wp\/v2\/tags?post=50"}],"curies":[{"name":"wp","href":"https:\/\/api.w.org\/{rel}","templated":true}]}}