{"id":418,"date":"2021-03-18T14:29:34","date_gmt":"2021-03-18T14:29:34","guid":{"rendered":"https:\/\/www.monsiegeamoi.com\/blog\/?p=418"},"modified":"2021-03-31T12:40:42","modified_gmt":"2021-03-31T12:40:42","slug":"mon-rocking-chair-a-moi","status":"publish","type":"post","link":"https:\/\/www.monsiegeamoi.com\/blog\/fr\/2021\/03\/18\/mon-rocking-chair-a-moi\/","title":{"rendered":"Un fauteuil \u00e0 bascule pour mon dos"},"content":{"rendered":"\n<h2>Les origines<\/h2>\n\n\n\n<p>Le soir assis dans le canap\u00e9 j&rsquo;aime prendre un livre ou regarder un film. L&rsquo;assise, profonde et molle, est une invitation \u00e0 la fl\u00e2nerie. <br>Malheureusement mon dos ne l&rsquo;aime pas ce grand canap\u00e9 ; il y est tout arrondi, oubliant sa forme naturelle, si \u00e9l\u00e9gante en S. Et la  nuit mon dos martyris\u00e9 se rappelle \u00e0 moi ; il pince les nerfs, de passage dans la colonne, qui a leur tour contractent des muscles et pincent d&rsquo;autres nerfs.<br>Le calme ne revient en g\u00e9n\u00e9ral qu&rsquo;apr\u00e8s 2 \u00e0 3 jours. <\/p>\n\n\n\n<h2>La qu\u00eate<\/h2>\n\n\n\n<p>Un jour je me suis donc mis \u00e0 la recherche d&rsquo;un fauteuil \u00e0 la fois confortable et respectueux de mon dos. <br>Il ne devait \u00eatre ni trop profond, pour que le dos soit en appui contre le dossier, ni trop court. <br>Je voulais une assise assez inclin\u00e9e vers l&rsquo;arri\u00e8re pour que mon poids soit r\u00e9parti entre si\u00e8ge et dossier. Mais pas trop inclin\u00e9e pour pouvoir regarder un film&#8230; ou parfois plus inclin\u00e9e pour me reposer. <\/p>\n\n\n\n<p>Je n&rsquo;ai trouv\u00e9 que des fauteuils taille unique, comme si une m\u00eame assise pouvait convenir \u00e0 une personne de 1,50 m\u00e8tre ou de 2 m\u00e8tres. <\/p>\n\n\n\n<h2>Mon si\u00e8ge \u00e0 moi<\/h2>\n\n\n\n<p>N&rsquo;ayant pas trouv\u00e9 fauteuil \u00e0 mon dos je me suis finalement r\u00e9solu \u00e0 en dessiner un. <br>Et comme je voulais que d&rsquo;autres puissent en profiter je l&rsquo;ai construit pour pouvoir en changer facilement les dimensions.  Et pour pouvoir en profiter partout je l&rsquo;ai voulu d\u00e9montable. <br>En final j&rsquo;ai opt\u00e9 pour un mod\u00e8le constitu\u00e9 de 4 panneaux d\u00e9coup\u00e9s sur une commande num\u00e9rique. Dans le programme j&rsquo;ai gliss\u00e9 des param\u00e8tres qui me permettent d&rsquo;en changer simplement les dimensions et l&rsquo;inclinaison. <br>Les panneaux ont des fentes qui permettent de l&rsquo;assembler et de le d\u00e9monter sans outil. <br>Ainsi est n\u00e9 mon si\u00e8ge \u00e0 moi. <\/p>\n\n\n\n<h2>Mon rocking chair<\/h2>\n\n\n\n<p>Une fois mon premier fauteuil sur-mesure dessin\u00e9, d\u00e9coup\u00e9 et test\u00e9, j&rsquo;ai enchain\u00e9 sur une version \u00ab\u00a0<a href=\"https:\/\/www.monsiegeamoi.com\/fr\/11-fauteuil-a-bascule-sur-mesure\">rocking chair\u00a0\u00bb<\/a>. Celle ci me permet en effet de changer instantan\u00e9ment l&rsquo;inclinaison de l&rsquo;assise en fonction de l&rsquo;activit\u00e9. <br>Le mouvement de bascule permet aussi de contracter, d\u00e9contracter les muscles de la colonne ; ce mouvement de pincement-d\u00e9tente expliquerait l&rsquo;effet b\u00e9n\u00e9fique du fauteuil \u00e0 bascule pour pr\u00e9venir le mal de dos. C&rsquo;est en tout cas ce que pensait le m\u00e9decin de Kennedy lorsqu&rsquo;elle lui prescrivit un fauteuil \u00e0 bascule. Elu pr\u00e9sident on dit qu&rsquo;il en installa dans l&rsquo;Air Force One et dans la r\u00e9sidence des pr\u00e9sidents Am\u00e9ricains de Camp David.  <br><\/p>\n\n\n\n<figure class=\"wp-block-image size-large\"><img decoding=\"async\" loading=\"lazy\" width=\"1000\" height=\"682\" src=\"https:\/\/www.monsiegeamoi.com\/blog\/wp-content\/uploads\/2020\/07\/mon-rocking-chair.jpg\" alt=\"\" class=\"wp-image-422\" srcset=\"https:\/\/www.monsiegeamoi.com\/blog\/wp-content\/uploads\/2020\/07\/mon-rocking-chair.jpg 1000w, https:\/\/www.monsiegeamoi.com\/blog\/wp-content\/uploads\/2020\/07\/mon-rocking-chair-300x205.jpg 300w, https:\/\/www.monsiegeamoi.com\/blog\/wp-content\/uploads\/2020\/07\/mon-rocking-chair-768x524.jpg 768w, https:\/\/www.monsiegeamoi.com\/blog\/wp-content\/uploads\/2020\/07\/mon-rocking-chair-900x614.jpg 900w, https:\/\/www.monsiegeamoi.com\/blog\/wp-content\/uploads\/2020\/07\/mon-rocking-chair-400x273.jpg 400w\" sizes=\"(max-width: 1000px) 100vw, 1000px\" \/><figcaption>Mon si\u00e8ge \u00e0 bascule en Valchromat Orange avec ses coussins anthracites<\/figcaption><\/figure>\n\n\n\n<p> <br> <\/p>\n","protected":false},"excerpt":{"rendered":"<p>N&rsquo;ayant pas trouv\u00e9 un fauteuil adapt\u00e9 pour le dos j&rsquo;ai fini par d\u00e9velopp\u00e9 un rocking chair sur mesure. <\/p>\n","protected":false},"author":1,"featured_media":419,"comment_status":"open","ping_status":"open","sticky":true,"template":"","format":"standard","meta":[],"categories":[1,2],"tags":[109,108],"yoast_head":"<!-- This site is optimized with the Yoast SEO plugin v18.0 - https:\/\/yoast.com\/wordpress\/plugins\/seo\/ -->\n<title>Un fauteuil \u00e0 bascule pour mon dos - Blog des fauteuils sur mesure<\/title>\n<meta name=\"robots\" content=\"index, follow, max-snippet:-1, max-image-preview:large, max-video-preview:-1\" \/>\n<link rel=\"canonical\" href=\"https:\/\/www.monsiegeamoi.com\/blog\/fr\/2021\/03\/18\/mon-rocking-chair-a-moi\/\" \/>\n<meta property=\"og:locale\" content=\"fr_FR\" \/>\n<meta property=\"og:type\" content=\"article\" \/>\n<meta property=\"og:title\" content=\"Un fauteuil \u00e0 bascule pour mon dos - Blog des fauteuils sur mesure\" \/>\n<meta property=\"og:description\" content=\"N&#039;ayant pas trouv\u00e9 un fauteuil adapt\u00e9 pour le dos j&#039;ai fini par d\u00e9velopp\u00e9 un rocking chair sur mesure.\" \/>\n<meta property=\"og:url\" content=\"https:\/\/www.monsiegeamoi.com\/blog\/fr\/2021\/03\/18\/mon-rocking-chair-a-moi\/\" \/>\n<meta property=\"og:site_name\" content=\"Blog des fauteuils sur mesure\" \/>\n<meta property=\"article:publisher\" content=\"https:\/\/www.facebook.com\/msam.fr\/\" \/>\n<meta property=\"article:published_time\" content=\"2021-03-18T14:29:34+00:00\" \/>\n<meta property=\"article:modified_time\" content=\"2021-03-31T12:40:42+00:00\" \/>\n<meta property=\"og:image\" content=\"https:\/\/www.monsiegeamoi.com\/blog\/wp-content\/uploads\/2020\/07\/img_20200711_171717-scaled.jpg\" \/>\n\t<meta property=\"og:image:width\" content=\"1920\" \/>\n\t<meta property=\"og:image:height\" content=\"2560\" \/>\n\t<meta property=\"og:image:type\" content=\"image\/jpeg\" \/>\n<meta name=\"twitter:card\" content=\"summary_large_image\" \/>\n<meta name=\"twitter:label1\" content=\"\u00c9crit par\" \/>\n\t<meta name=\"twitter:data1\" content=\"Bruno DUVAL\" \/>\n\t<meta name=\"twitter:label2\" content=\"Dur\u00e9e de lecture estim\u00e9e\" \/>\n\t<meta name=\"twitter:data2\" content=\"3 minutes\" \/>\n<script type=\"application\/ld+json\" class=\"yoast-schema-graph\">{\"@context\":\"https:\/\/schema.org\",\"@graph\":[{\"@type\":\"Organization\",\"@id\":\"https:\/\/www.monsiegeamoi.com\/blog\/#organization\",\"name\":\"mon si\u00e8ge \u00e0 moi\",\"url\":\"https:\/\/www.monsiegeamoi.com\/blog\/\",\"sameAs\":[\"https:\/\/www.facebook.com\/msam.fr\/\",\"https:\/\/www.instagram.com\/mon_siege_a_moi\/\",\"https:\/\/www.linkedin.com\/company\/35628798\/admin\/\",\"https:\/\/www.youtube.com\/channel\/UCdd1LuYl2T3uLrnreIEbx2g\",\"https:\/\/www.pinterest.fr\/bduval0428\/\"],\"logo\":{\"@type\":\"ImageObject\",\"@id\":\"https:\/\/www.monsiegeamoi.com\/blog\/#logo\",\"inLanguage\":\"fr-FR\",\"url\":\"https:\/\/www.monsiegeamoi.com\/blog\/wp-content\/uploads\/2020\/01\/logo-msam-carre-1.png\",\"contentUrl\":\"https:\/\/www.monsiegeamoi.com\/blog\/wp-content\/uploads\/2020\/01\/logo-msam-carre-1.png\",\"width\":350,\"height\":350,\"caption\":\"mon si\u00e8ge \u00e0 moi\"},\"image\":{\"@id\":\"https:\/\/www.monsiegeamoi.com\/blog\/#logo\"}},{\"@type\":\"WebSite\",\"@id\":\"https:\/\/www.monsiegeamoi.com\/blog\/#website\",\"url\":\"https:\/\/www.monsiegeamoi.com\/blog\/\",\"name\":\"Fauteuils et innovations\",\"description\":\"D\u00e9couvrez l&#039;histoire et l&#039;actualit\u00e9 des fauteuils sur mesure\",\"publisher\":{\"@id\":\"https:\/\/www.monsiegeamoi.com\/blog\/#organization\"},\"potentialAction\":[{\"@type\":\"SearchAction\",\"target\":{\"@type\":\"EntryPoint\",\"urlTemplate\":\"https:\/\/www.monsiegeamoi.com\/blog\/?s={search_term_string}\"},\"query-input\":\"required name=search_term_string\"}],\"inLanguage\":\"fr-FR\"},{\"@type\":\"ImageObject\",\"@id\":\"https:\/\/www.monsiegeamoi.com\/blog\/fr\/2021\/03\/18\/mon-rocking-chair-a-moi\/#primaryimage\",\"inLanguage\":\"fr-FR\",\"url\":\"https:\/\/www.monsiegeamoi.com\/blog\/wp-content\/uploads\/2020\/07\/img_20200711_171717-scaled.jpg\",\"contentUrl\":\"https:\/\/www.monsiegeamoi.com\/blog\/wp-content\/uploads\/2020\/07\/img_20200711_171717-scaled.jpg\",\"width\":1920,\"height\":2560,\"caption\":\"Mon rocking chair\"},{\"@type\":\"WebPage\",\"@id\":\"https:\/\/www.monsiegeamoi.com\/blog\/fr\/2021\/03\/18\/mon-rocking-chair-a-moi\/#webpage\",\"url\":\"https:\/\/www.monsiegeamoi.com\/blog\/fr\/2021\/03\/18\/mon-rocking-chair-a-moi\/\",\"name\":\"Un fauteuil \u00e0 bascule pour mon dos - Blog des fauteuils sur mesure\",\"isPartOf\":{\"@id\":\"https:\/\/www.monsiegeamoi.com\/blog\/#website\"},\"primaryImageOfPage\":{\"@id\":\"https:\/\/www.monsiegeamoi.com\/blog\/fr\/2021\/03\/18\/mon-rocking-chair-a-moi\/#primaryimage\"},\"datePublished\":\"2021-03-18T14:29:34+00:00\",\"dateModified\":\"2021-03-31T12:40:42+00:00\",\"breadcrumb\":{\"@id\":\"https:\/\/www.monsiegeamoi.com\/blog\/fr\/2021\/03\/18\/mon-rocking-chair-a-moi\/#breadcrumb\"},\"inLanguage\":\"fr-FR\",\"potentialAction\":[{\"@type\":\"ReadAction\",\"target\":[\"https:\/\/www.monsiegeamoi.com\/blog\/fr\/2021\/03\/18\/mon-rocking-chair-a-moi\/\"]}]},{\"@type\":\"BreadcrumbList\",\"@id\":\"https:\/\/www.monsiegeamoi.com\/blog\/fr\/2021\/03\/18\/mon-rocking-chair-a-moi\/#breadcrumb\",\"itemListElement\":[{\"@type\":\"ListItem\",\"position\":1,\"name\":\"Accueil\",\"item\":\"https:\/\/www.monsiegeamoi.com\/blog\/\"},{\"@type\":\"ListItem\",\"position\":2,\"name\":\"Un fauteuil \u00e0 bascule pour mon dos\"}]},{\"@type\":\"Article\",\"@id\":\"https:\/\/www.monsiegeamoi.com\/blog\/fr\/2021\/03\/18\/mon-rocking-chair-a-moi\/#article\",\"isPartOf\":{\"@id\":\"https:\/\/www.monsiegeamoi.com\/blog\/fr\/2021\/03\/18\/mon-rocking-chair-a-moi\/#webpage\"},\"author\":{\"@id\":\"https:\/\/www.monsiegeamoi.com\/blog\/#\/schema\/person\/6c2e4ef71c12dc348f70f48155da5c66\"},\"headline\":\"Un fauteuil \u00e0 bascule pour mon dos\",\"datePublished\":\"2021-03-18T14:29:34+00:00\",\"dateModified\":\"2021-03-31T12:40:42+00:00\",\"mainEntityOfPage\":{\"@id\":\"https:\/\/www.monsiegeamoi.com\/blog\/fr\/2021\/03\/18\/mon-rocking-chair-a-moi\/#webpage\"},\"wordCount\":438,\"commentCount\":0,\"publisher\":{\"@id\":\"https:\/\/www.monsiegeamoi.com\/blog\/#organization\"},\"image\":{\"@id\":\"https:\/\/www.monsiegeamoi.com\/blog\/fr\/2021\/03\/18\/mon-rocking-chair-a-moi\/#primaryimage\"},\"thumbnailUrl\":\"https:\/\/www.monsiegeamoi.com\/blog\/wp-content\/uploads\/2020\/07\/img_20200711_171717-scaled.jpg\",\"keywords\":[\"bascule\",\"fauteil\"],\"articleSection\":[\"Au sujet du blog\",\"Le confort des fauteuils\"],\"inLanguage\":\"fr-FR\",\"potentialAction\":[{\"@type\":\"CommentAction\",\"name\":\"Comment\",\"target\":[\"https:\/\/www.monsiegeamoi.com\/blog\/fr\/2021\/03\/18\/mon-rocking-chair-a-moi\/#respond\"]}]},{\"@type\":\"Person\",\"@id\":\"https:\/\/www.monsiegeamoi.com\/blog\/#\/schema\/person\/6c2e4ef71c12dc348f70f48155da5c66\",\"name\":\"Bruno DUVAL\",\"image\":{\"@type\":\"ImageObject\",\"@id\":\"https:\/\/www.monsiegeamoi.com\/blog\/#personlogo\",\"inLanguage\":\"fr-FR\",\"url\":\"https:\/\/secure.gravatar.com\/avatar\/d72ff8c522ba9b71838f031c69c2f326?s=96&d=mm&r=g\",\"contentUrl\":\"https:\/\/secure.gravatar.com\/avatar\/d72ff8c522ba9b71838f031c69c2f326?s=96&d=mm&r=g\",\"caption\":\"Bruno DUVAL\"},\"url\":\"https:\/\/www.monsiegeamoi.com\/blog\/author\/bruno-duval44gmail-com\/\"}]}<\/script>\n<!-- \/ Yoast SEO plugin. -->","yoast_head_json":{"title":"Un fauteuil \u00e0 bascule pour mon dos - Blog des fauteuils sur mesure","robots":{"index":"index","follow":"follow","max-snippet":"max-snippet:-1","max-image-preview":"max-image-preview:large","max-video-preview":"max-video-preview:-1"},"canonical":"https:\/\/www.monsiegeamoi.com\/blog\/fr\/2021\/03\/18\/mon-rocking-chair-a-moi\/","og_locale":"fr_FR","og_type":"article","og_title":"Un fauteuil \u00e0 bascule pour mon dos - Blog des fauteuils sur mesure","og_description":"N'ayant pas trouv\u00e9 un fauteuil adapt\u00e9 pour le dos j'ai fini par d\u00e9velopp\u00e9 un rocking chair sur mesure.","og_url":"https:\/\/www.monsiegeamoi.com\/blog\/fr\/2021\/03\/18\/mon-rocking-chair-a-moi\/","og_site_name":"Blog des fauteuils sur mesure","article_publisher":"https:\/\/www.facebook.com\/msam.fr\/","article_published_time":"2021-03-18T14:29:34+00:00","article_modified_time":"2021-03-31T12:40:42+00:00","og_image":[{"width":1920,"height":2560,"url":"https:\/\/www.monsiegeamoi.com\/blog\/wp-content\/uploads\/2020\/07\/img_20200711_171717-scaled.jpg","type":"image\/jpeg"}],"twitter_card":"summary_large_image","twitter_misc":{"\u00c9crit par":"Bruno DUVAL","Dur\u00e9e de lecture estim\u00e9e":"3 minutes"},"schema":{"@context":"https:\/\/schema.org","@graph":[{"@type":"Organization","@id":"https:\/\/www.monsiegeamoi.com\/blog\/#organization","name":"mon si\u00e8ge \u00e0 moi","url":"https:\/\/www.monsiegeamoi.com\/blog\/","sameAs":["https:\/\/www.facebook.com\/msam.fr\/","https:\/\/www.instagram.com\/mon_siege_a_moi\/","https:\/\/www.linkedin.com\/company\/35628798\/admin\/","https:\/\/www.youtube.com\/channel\/UCdd1LuYl2T3uLrnreIEbx2g","https:\/\/www.pinterest.fr\/bduval0428\/"],"logo":{"@type":"ImageObject","@id":"https:\/\/www.monsiegeamoi.com\/blog\/#logo","inLanguage":"fr-FR","url":"https:\/\/www.monsiegeamoi.com\/blog\/wp-content\/uploads\/2020\/01\/logo-msam-carre-1.png","contentUrl":"https:\/\/www.monsiegeamoi.com\/blog\/wp-content\/uploads\/2020\/01\/logo-msam-carre-1.png","width":350,"height":350,"caption":"mon si\u00e8ge \u00e0 moi"},"image":{"@id":"https:\/\/www.monsiegeamoi.com\/blog\/#logo"}},{"@type":"WebSite","@id":"https:\/\/www.monsiegeamoi.com\/blog\/#website","url":"https:\/\/www.monsiegeamoi.com\/blog\/","name":"Fauteuils et innovations","description":"D\u00e9couvrez l&#039;histoire et l&#039;actualit\u00e9 des fauteuils sur mesure","publisher":{"@id":"https:\/\/www.monsiegeamoi.com\/blog\/#organization"},"potentialAction":[{"@type":"SearchAction","target":{"@type":"EntryPoint","urlTemplate":"https:\/\/www.monsiegeamoi.com\/blog\/?s={search_term_string}"},"query-input":"required name=search_term_string"}],"inLanguage":"fr-FR"},{"@type":"ImageObject","@id":"https:\/\/www.monsiegeamoi.com\/blog\/fr\/2021\/03\/18\/mon-rocking-chair-a-moi\/#primaryimage","inLanguage":"fr-FR","url":"https:\/\/www.monsiegeamoi.com\/blog\/wp-content\/uploads\/2020\/07\/img_20200711_171717-scaled.jpg","contentUrl":"https:\/\/www.monsiegeamoi.com\/blog\/wp-content\/uploads\/2020\/07\/img_20200711_171717-scaled.jpg","width":1920,"height":2560,"caption":"Mon rocking chair"},{"@type":"WebPage","@id":"https:\/\/www.monsiegeamoi.com\/blog\/fr\/2021\/03\/18\/mon-rocking-chair-a-moi\/#webpage","url":"https:\/\/www.monsiegeamoi.com\/blog\/fr\/2021\/03\/18\/mon-rocking-chair-a-moi\/","name":"Un fauteuil \u00e0 bascule pour mon dos - Blog des fauteuils sur mesure","isPartOf":{"@id":"https:\/\/www.monsiegeamoi.com\/blog\/#website"},"primaryImageOfPage":{"@id":"https:\/\/www.monsiegeamoi.com\/blog\/fr\/2021\/03\/18\/mon-rocking-chair-a-moi\/#primaryimage"},"datePublished":"2021-03-18T14:29:34+00:00","dateModified":"2021-03-31T12:40:42+00:00","breadcrumb":{"@id":"https:\/\/www.monsiegeamoi.com\/blog\/fr\/2021\/03\/18\/mon-rocking-chair-a-moi\/#breadcrumb"},"inLanguage":"fr-FR","potentialAction":[{"@type":"ReadAction","target":["https:\/\/www.monsiegeamoi.com\/blog\/fr\/2021\/03\/18\/mon-rocking-chair-a-moi\/"]}]},{"@type":"BreadcrumbList","@id":"https:\/\/www.monsiegeamoi.com\/blog\/fr\/2021\/03\/18\/mon-rocking-chair-a-moi\/#breadcrumb","itemListElement":[{"@type":"ListItem","position":1,"name":"Accueil","item":"https:\/\/www.monsiegeamoi.com\/blog\/"},{"@type":"ListItem","position":2,"name":"Un fauteuil \u00e0 bascule pour mon dos"}]},{"@type":"Article","@id":"https:\/\/www.monsiegeamoi.com\/blog\/fr\/2021\/03\/18\/mon-rocking-chair-a-moi\/#article","isPartOf":{"@id":"https:\/\/www.monsiegeamoi.com\/blog\/fr\/2021\/03\/18\/mon-rocking-chair-a-moi\/#webpage"},"author":{"@id":"https:\/\/www.monsiegeamoi.com\/blog\/#\/schema\/person\/6c2e4ef71c12dc348f70f48155da5c66"},"headline":"Un fauteuil \u00e0 bascule pour mon dos","datePublished":"2021-03-18T14:29:34+00:00","dateModified":"2021-03-31T12:40:42+00:00","mainEntityOfPage":{"@id":"https:\/\/www.monsiegeamoi.com\/blog\/fr\/2021\/03\/18\/mon-rocking-chair-a-moi\/#webpage"},"wordCount":438,"commentCount":0,"publisher":{"@id":"https:\/\/www.monsiegeamoi.com\/blog\/#organization"},"image":{"@id":"https:\/\/www.monsiegeamoi.com\/blog\/fr\/2021\/03\/18\/mon-rocking-chair-a-moi\/#primaryimage"},"thumbnailUrl":"https:\/\/www.monsiegeamoi.com\/blog\/wp-content\/uploads\/2020\/07\/img_20200711_171717-scaled.jpg","keywords":["bascule","fauteil"],"articleSection":["Au sujet du blog","Le confort des fauteuils"],"inLanguage":"fr-FR","potentialAction":[{"@type":"CommentAction","name":"Comment","target":["https:\/\/www.monsiegeamoi.com\/blog\/fr\/2021\/03\/18\/mon-rocking-chair-a-moi\/#respond"]}]},{"@type":"Person","@id":"https:\/\/www.monsiegeamoi.com\/blog\/#\/schema\/person\/6c2e4ef71c12dc348f70f48155da5c66","name":"Bruno DUVAL","image":{"@type":"ImageObject","@id":"https:\/\/www.monsiegeamoi.com\/blog\/#personlogo","inLanguage":"fr-FR","url":"https:\/\/secure.gravatar.com\/avatar\/d72ff8c522ba9b71838f031c69c2f326?s=96&d=mm&r=g","contentUrl":"https:\/\/secure.gravatar.com\/avatar\/d72ff8c522ba9b71838f031c69c2f326?s=96&d=mm&r=g","caption":"Bruno DUVAL"},"url":"https:\/\/www.monsiegeamoi.com\/blog\/author\/bruno-duval44gmail-com\/"}]}},"_links":{"self":[{"href":"https:\/\/www.monsiegeamoi.com\/blog\/wp-json\/wp\/v2\/posts\/418"}],"collection":[{"href":"https:\/\/www.monsiegeamoi.com\/blog\/wp-json\/wp\/v2\/posts"}],"about":[{"href":"https:\/\/www.monsiegeamoi.com\/blog\/wp-json\/wp\/v2\/types\/post"}],"author":[{"embeddable":true,"href":"https:\/\/www.monsiegeamoi.com\/blog\/wp-json\/wp\/v2\/users\/1"}],"replies":[{"embeddable":true,"href":"https:\/\/www.monsiegeamoi.com\/blog\/wp-json\/wp\/v2\/comments?post=418"}],"version-history":[{"count":10,"href":"https:\/\/www.monsiegeamoi.com\/blog\/wp-json\/wp\/v2\/posts\/418\/revisions"}],"predecessor-version":[{"id":611,"href":"https:\/\/www.monsiegeamoi.com\/blog\/wp-json\/wp\/v2\/posts\/418\/revisions\/611"}],"wp:featuredmedia":[{"embeddable":true,"href":"https:\/\/www.monsiegeamoi.com\/blog\/wp-json\/wp\/v2\/media\/419"}],"wp:attachment":[{"href":"https:\/\/www.monsiegeamoi.com\/blog\/wp-json\/wp\/v2\/media?parent=418"}],"wp:term":[{"taxonomy":"category","embeddable":true,"href":"https:\/\/www.monsiegeamoi.com\/blog\/wp-json\/wp\/v2\/categories?post=418"},{"taxonomy":"post_tag","embeddable":true,"href":"https:\/\/www.monsiegeamoi.com\/blog\/wp-json\/wp\/v2\/tags?post=418"}],"curies":[{"name":"wp","href":"https:\/\/api.w.org\/{rel}","templated":true}]}}