{"id":336,"date":"2021-03-29T08:19:56","date_gmt":"2021-03-29T08:19:56","guid":{"rendered":"https:\/\/www.monsiegeamoi.com\/blog\/?p=336"},"modified":"2022-06-02T11:17:49","modified_gmt":"2022-06-02T11:17:49","slug":"le-fauteuil-a-bascule-ameliore-le-sommeil-et-la-memoire","status":"publish","type":"post","link":"https:\/\/www.monsiegeamoi.com\/blog\/fr\/2021\/03\/29\/le-fauteuil-a-bascule-ameliore-le-sommeil-et-la-memoire\/","title":{"rendered":"Bienfaits des fauteuils \u00e0 bascule pour le sommeil, la m\u00e9moire et le dos"},"content":{"rendered":"\n<h2>Avis d&rsquo;un client sur un fauteuil \u00e0 bascule sur-mesure <\/h2>\n\n\n\n<p>\u00ab\u00a0Ma m\u00e8re de 76 ans poss\u00e8de un fauteuil trop grand pour elle et se retrouve toute vout\u00e9e lorsqu&rsquo;elle est assise. J&rsquo;ai cherch\u00e9 sur internet s&rsquo;il y avait des fauteuils plus adapt\u00e9s. J&rsquo;en ai trouv\u00e9 \u00e0 moteur (elle n&rsquo;en voulait pas) et d&rsquo;autres fixe tr\u00e8s chouette mais avec un budget cons\u00e9quent (et pas r\u00e9ellement adapt\u00e9s). Puis j&rsquo;ai trouv\u00e9 Monsi\u00e8ge\u00e0Moi\u00a0 qui propose du vrai sur-mesure (je ne pensais pas que cela existait pour des fauteuils) avec les prises de mesures tr\u00e8s bien expliqu\u00e9es.<br>Tr\u00e8s enthousiaste je commande un fauteuil \u00e0 bascule. Ma m\u00e8re l&rsquo;a re\u00e7u plus t\u00f4t que pr\u00e9vu. Je l&rsquo;ai mont\u00e9 (op\u00e9ration tr\u00e8s facile et rapide) puis elle l&rsquo;a essay\u00e9. L\u00e0 la voute n&rsquo;\u00e9tait plus aussi prononc\u00e9e car le bas de son dos \u00e9tait bien en appui contre le dossier et je vois bien qu&rsquo;elle s&rsquo;y sent \u00e0 l&rsquo;aise, ce que je souhaitais.<br><br>En conclusion je suis tr\u00e8s satisfait de cet achat et je ne peux que recommander ce site qui propose en plus un large panel de fauteuil et chaise toujours sur-mesure.\u00a0 Et enfin je souligne aussi que je trouve les tarifs tr\u00e8s attractifs.\u00a0\u00bb<br><br>J-M Guignard, le 21 octobre 2021, commande NPXUMWVGC<br><\/p>\n\n\n\n<figure class=\"wp-block-image size-large\"><a href=\"https:\/\/www.monsiegeamoi.com\/fr\/fauteuil-a-bascule-sur-mesure\/101-fauteuil-a-bascule-sur-mesure-avec-dossier-haut.html\"><img decoding=\"async\" loading=\"lazy\" width=\"1000\" height=\"1000\" src=\"https:\/\/www.monsiegeamoi.com\/blog\/wp-content\/uploads\/2021\/10\/rocking-chair-dossier-bleu.jpg\" alt=\"\" class=\"wp-image-918\" srcset=\"https:\/\/www.monsiegeamoi.com\/blog\/wp-content\/uploads\/2021\/10\/rocking-chair-dossier-bleu.jpg 1000w, https:\/\/www.monsiegeamoi.com\/blog\/wp-content\/uploads\/2021\/10\/rocking-chair-dossier-bleu-300x300.jpg 300w, https:\/\/www.monsiegeamoi.com\/blog\/wp-content\/uploads\/2021\/10\/rocking-chair-dossier-bleu-150x150.jpg 150w, https:\/\/www.monsiegeamoi.com\/blog\/wp-content\/uploads\/2021\/10\/rocking-chair-dossier-bleu-768x768.jpg 768w, https:\/\/www.monsiegeamoi.com\/blog\/wp-content\/uploads\/2021\/10\/rocking-chair-dossier-bleu-900x900.jpg 900w, https:\/\/www.monsiegeamoi.com\/blog\/wp-content\/uploads\/2021\/10\/rocking-chair-dossier-bleu-400x400.jpg 400w\" sizes=\"(max-width: 1000px) 100vw, 1000px\" \/><\/a><\/figure>\n\n\n\n<div class=\"is-layout-flex wp-block-buttons\">\n<div class=\"wp-block-button\"><a class=\"wp-block-button__link has-white-color has-text-color has-background\" href=\"https:\/\/www.monsiegeamoi.com\/fr\/11-fauteuil-a-bascule-sur-mesure\" style=\"background-color:#a32700\">D\u00e9couvrez nos fauteuils \u00e0 bascule, taill\u00e9 sur-mesure<\/a><\/div>\n<\/div>\n\n\n\n<h2>Fauteuil \u00e0 bascule pour pr\u00e9venir divers maux de dos<\/h2>\n\n\n\n<figure class=\"wp-block-image size-large\"><img decoding=\"async\" loading=\"lazy\" width=\"603\" height=\"610\" src=\"https:\/\/www.monsiegeamoi.com\/blog\/wp-content\/uploads\/2020\/04\/fauteuil_bascule_kennedy.jpg\" alt=\"\" class=\"wp-image-350\" srcset=\"https:\/\/www.monsiegeamoi.com\/blog\/wp-content\/uploads\/2020\/04\/fauteuil_bascule_kennedy.jpg 603w, https:\/\/www.monsiegeamoi.com\/blog\/wp-content\/uploads\/2020\/04\/fauteuil_bascule_kennedy-297x300.jpg 297w, https:\/\/www.monsiegeamoi.com\/blog\/wp-content\/uploads\/2020\/04\/fauteuil_bascule_kennedy-400x405.jpg 400w\" sizes=\"(max-width: 603px) 100vw, 603px\" \/><\/figure>\n\n\n\n<p>Le mouvement de bascule du rocking chair sollicite en douceur les muscles du bas du dos, des cuisses et les abdominaux. En outre les zones de pression et de tensions musculaires se d\u00e9placent constamment.<br>Ces actions contribueraient \u00e0 soulager certains mal de dos. <br>Le m\u00e9decin de JF Kennedy en \u00e9tait en tout cas convaincu. Elle lui a en effet prescrit  dans les ann\u00e9es 50, contre le mal de dos dont il souffrait un fauteuil \u00e0 bascule.  <br>Le pr\u00e9sident a tellement appr\u00e9ci\u00e9 les bienfaits du fauteuil \u00e0 bascule pour son dos qu&rsquo;il en a install\u00e9 dans ses diff\u00e9rents lieux de r\u00e9sidence. On retrouvait m\u00eame un rocking chair dans l&rsquo;avion pr\u00e9sidentiel Air Force One. Le pr\u00e9sident en a aussi install\u00e9s \u00e0 Camp David et en a offerts \u00e0 ses amis, \u00e0 sa famille et aux chefs d&rsquo;\u00c9tat. <\/p>\n\n\n\n<h2>Le rocking chair am\u00e9liore la circulation sanguine<\/h2>\n\n\n\n<p>Le mouvement continu permet de changer les zones d&rsquo;appui au niveau de l&rsquo;assise et ainsi au sang de circuler.  <br>Cela permet d&rsquo;am\u00e9liorer le retour veineux au niveau des jambes. La r\u00e9cup\u00e9ration est donc plus rapide. <br>Les pressions au niveau des ischions sont r\u00e9guli\u00e8rement soulag\u00e9s. Ainsi le sang circule aussi plus librement dans cette zone. De ce fait le confort est am\u00e9lior\u00e9.  <\/p>\n\n\n\n<figure class=\"wp-block-image size-large\"><a href=\"https:\/\/www.monsiegeamoi.com\/fr\/fauteuil-a-bascule-sur-mesure\/101-fauteuil-a-bascule-d-interieur-sur-mesure-avec-dossier-haut.html\"><img decoding=\"async\" loading=\"lazy\" width=\"1024\" height=\"1024\" src=\"https:\/\/www.monsiegeamoi.com\/blog\/wp-content\/uploads\/2021\/04\/fauteuil-a-bascule-dossier-haut-coussin-anthracite--1024x1024.jpg\" alt=\"\" class=\"wp-image-683\" srcset=\"https:\/\/www.monsiegeamoi.com\/blog\/wp-content\/uploads\/2021\/04\/fauteuil-a-bascule-dossier-haut-coussin-anthracite--1024x1024.jpg 1024w, https:\/\/www.monsiegeamoi.com\/blog\/wp-content\/uploads\/2021\/04\/fauteuil-a-bascule-dossier-haut-coussin-anthracite--300x300.jpg 300w, https:\/\/www.monsiegeamoi.com\/blog\/wp-content\/uploads\/2021\/04\/fauteuil-a-bascule-dossier-haut-coussin-anthracite--150x150.jpg 150w, https:\/\/www.monsiegeamoi.com\/blog\/wp-content\/uploads\/2021\/04\/fauteuil-a-bascule-dossier-haut-coussin-anthracite--768x768.jpg 768w, https:\/\/www.monsiegeamoi.com\/blog\/wp-content\/uploads\/2021\/04\/fauteuil-a-bascule-dossier-haut-coussin-anthracite--900x900.jpg 900w, https:\/\/www.monsiegeamoi.com\/blog\/wp-content\/uploads\/2021\/04\/fauteuil-a-bascule-dossier-haut-coussin-anthracite--400x400.jpg 400w, https:\/\/www.monsiegeamoi.com\/blog\/wp-content\/uploads\/2021\/04\/fauteuil-a-bascule-dossier-haut-coussin-anthracite-.jpg 1500w\" sizes=\"(max-width: 1024px) 100vw, 1024px\" \/><\/a><figcaption>Fauteuil \u00e0 bascule fabriqu\u00e9 \u00e0 votre taille, enti\u00e8rement sur mesure, \u00e0 partir de 210 \u20ac<\/figcaption><\/figure>\n\n\n\n<h2>Endormir un enfant <\/h2>\n\n\n\n<p>Ce serait l\u2019origine du fauteuil \u00e0 bascule. Son design aurait \u00e9t\u00e9 inspir\u00e9 par un berceau. <br>Le parent en reproduisant le mouvement du berceau endort l&rsquo;enfant, tout en ayant une position confortable. <\/p>\n\n\n\n<figure class=\"wp-block-image size-large\"><img decoding=\"async\" loading=\"lazy\" width=\"1000\" height=\"563\" src=\"https:\/\/www.monsiegeamoi.com\/blog\/wp-content\/uploads\/2020\/04\/fauteuil-lit-bascule.jpg\" alt=\"\" class=\"wp-image-339\" srcset=\"https:\/\/www.monsiegeamoi.com\/blog\/wp-content\/uploads\/2020\/04\/fauteuil-lit-bascule.jpg 1000w, https:\/\/www.monsiegeamoi.com\/blog\/wp-content\/uploads\/2020\/04\/fauteuil-lit-bascule-300x169.jpg 300w, https:\/\/www.monsiegeamoi.com\/blog\/wp-content\/uploads\/2020\/04\/fauteuil-lit-bascule-768x432.jpg 768w, https:\/\/www.monsiegeamoi.com\/blog\/wp-content\/uploads\/2020\/04\/fauteuil-lit-bascule-900x507.jpg 900w, https:\/\/www.monsiegeamoi.com\/blog\/wp-content\/uploads\/2020\/04\/fauteuil-lit-bascule-400x225.jpg 400w\" sizes=\"(max-width: 1000px) 100vw, 1000px\" \/><figcaption>Du lit au fauteuil \u00e0 bascule, pour endormir un enfant<\/figcaption><\/figure>\n\n\n\n<h2>Le fauteuil \u00e0 bascule am\u00e9liorerait aussi sommeil et m\u00e9moire<\/h2>\n\n\n\n<p>Un des effets  moins connu du mouvement d&rsquo;oscillation du <a href=\"https:\/\/www.monsiegeamoi.com\/fr\/11-fauteuil-a-bascule\">rocking chair<\/a> est l&rsquo;am\u00e9lioration de la qualit\u00e9 du sommeil  et la m\u00e9morisation.&nbsp; <br>En effet en 24 janvier 2019 une premi\u00e8re \u00e9tude publi\u00e9e dans Current Biology d\u00e9montre que&nbsp; le bercement favorise :<\/p>\n\n\n\n<ul><li>le sommeil profond<\/li><li>le maintien du sommeil <\/li><li>la m\u00e9moire chez les personnes en bonne sant\u00e9.<\/li><\/ul>\n\n\n\n<p>L\u2019\u00e9tude est men\u00e9e dans un lit pendant la nuit avec une oscillation lat\u00e9rale \u00e0 une fr\u00e9quence de 0,25Hz.. <br>Une deuxi\u00e8me \u00e9tude publi\u00e9e dans cette m\u00eame revue montre que ce b\u00e9n\u00e9fice du mouvement de bascule sur le sommeil s\u2019applique aussi aux animaux. L\u2019\u00e9tude montre que la souris est m\u00eame encore plus sensible que l\u2019homme \u00e0 ce mouvement de bascule. &nbsp;<\/p>\n\n\n\n<figure class=\"wp-block-image size-large\"><a href=\"https:\/\/www.monsiegeamoi.com\/fr\/11-fauteuil-a-bascule-sur-mesure\"><img decoding=\"async\" loading=\"lazy\" width=\"1000\" height=\"1000\" src=\"https:\/\/www.monsiegeamoi.com\/blog\/wp-content\/uploads\/2021\/03\/gris-clair.jpg\" alt=\"Rocking chair gris clair avec coussin jaune\" class=\"wp-image-829\" srcset=\"https:\/\/www.monsiegeamoi.com\/blog\/wp-content\/uploads\/2021\/03\/gris-clair.jpg 1000w, https:\/\/www.monsiegeamoi.com\/blog\/wp-content\/uploads\/2021\/03\/gris-clair-300x300.jpg 300w, https:\/\/www.monsiegeamoi.com\/blog\/wp-content\/uploads\/2021\/03\/gris-clair-150x150.jpg 150w, https:\/\/www.monsiegeamoi.com\/blog\/wp-content\/uploads\/2021\/03\/gris-clair-768x768.jpg 768w, https:\/\/www.monsiegeamoi.com\/blog\/wp-content\/uploads\/2021\/03\/gris-clair-900x900.jpg 900w, https:\/\/www.monsiegeamoi.com\/blog\/wp-content\/uploads\/2021\/03\/gris-clair-400x400.jpg 400w\" sizes=\"(max-width: 1000px) 100vw, 1000px\" \/><\/a><figcaption>Rocking chair gris clair avec coussin jaune, 10 coloris de pi\u00e9tement, \u00e0 partir de 260 \u20ac<\/figcaption><\/figure>\n\n\n\n<p><br> Ne soyez donc pas surpris si votre chat trouve plus rapidement le  sommeil sur vos genoux lorsque vous \u00eates assis dans un rocking chair. Et  comme le ronronnement du chat faciliterait \u00e0 son tour l\u2019endormissement  de l\u2019adulte vous pourriez avoir le double b\u00e9n\u00e9fice de la bascule du rocking chair et du ronronnement du chat.   <\/p>\n\n\n\n<h2><\/h2>\n","protected":false},"excerpt":{"rendered":"<p>A l\u2019origine le fauteuil \u00e0 bascule est cr\u00e9\u00e9 pour reproduire le mouvement de va et vient des berceaux. Mais il aurait aussi des effets b\u00e9n\u00e9fiques sur la m\u00e9moire, la qualit\u00e9 du sommeil et la pr\u00e9vention du mal de dos. <\/p>\n","protected":false},"author":2,"featured_media":350,"comment_status":"open","ping_status":"open","sticky":true,"template":"","format":"standard","meta":[],"categories":[13,2],"tags":[],"yoast_head":"<!-- This site is optimized with the Yoast SEO plugin v18.0 - https:\/\/yoast.com\/wordpress\/plugins\/seo\/ -->\n<title>Bienfaits des fauteuils \u00e0 bascule pour le sommeil, la m\u00e9moire et le dos - Blog des fauteuils sur mesure<\/title>\n<meta name=\"description\" content=\"Un fauteuil \u00e0 bascule, adapt\u00e9 \u00e0 votre taille, est source de bien-\u00eatre. Il soulage divers maux de dos, am\u00e9liore la circulation et la m\u00e9moire.\" \/>\n<meta name=\"robots\" content=\"index, follow, max-snippet:-1, max-image-preview:large, max-video-preview:-1\" \/>\n<link rel=\"canonical\" href=\"https:\/\/www.monsiegeamoi.com\/blog\/fr\/2021\/03\/29\/le-fauteuil-a-bascule-ameliore-le-sommeil-et-la-memoire\/\" \/>\n<meta property=\"og:locale\" content=\"fr_FR\" \/>\n<meta property=\"og:type\" content=\"article\" \/>\n<meta property=\"og:title\" content=\"Bienfaits des fauteuils \u00e0 bascule pour le sommeil, la m\u00e9moire et le dos - Blog des fauteuils sur mesure\" \/>\n<meta property=\"og:description\" content=\"Un fauteuil \u00e0 bascule, adapt\u00e9 \u00e0 votre taille, est source de bien-\u00eatre. Il soulage divers maux de dos, am\u00e9liore la circulation et la m\u00e9moire.\" \/>\n<meta property=\"og:url\" content=\"https:\/\/www.monsiegeamoi.com\/blog\/fr\/2021\/03\/29\/le-fauteuil-a-bascule-ameliore-le-sommeil-et-la-memoire\/\" \/>\n<meta property=\"og:site_name\" content=\"Blog des fauteuils sur mesure\" \/>\n<meta property=\"article:publisher\" content=\"https:\/\/www.facebook.com\/msam.fr\/\" \/>\n<meta property=\"article:published_time\" content=\"2021-03-29T08:19:56+00:00\" \/>\n<meta property=\"article:modified_time\" content=\"2022-06-02T11:17:49+00:00\" \/>\n<meta property=\"og:image\" content=\"https:\/\/www.monsiegeamoi.com\/blog\/wp-content\/uploads\/2020\/04\/fauteuil_bascule_kennedy.jpg\" \/>\n\t<meta property=\"og:image:width\" content=\"603\" \/>\n\t<meta property=\"og:image:height\" content=\"610\" \/>\n\t<meta property=\"og:image:type\" content=\"image\/jpeg\" \/>\n<meta name=\"twitter:card\" content=\"summary_large_image\" \/>\n<meta name=\"twitter:label1\" content=\"\u00c9crit par\" \/>\n\t<meta name=\"twitter:data1\" content=\"Bruno DUVAL\" \/>\n\t<meta name=\"twitter:label2\" content=\"Dur\u00e9e de lecture estim\u00e9e\" \/>\n\t<meta name=\"twitter:data2\" content=\"4 minutes\" \/>\n<script type=\"application\/ld+json\" class=\"yoast-schema-graph\">{\"@context\":\"https:\/\/schema.org\",\"@graph\":[{\"@type\":\"Organization\",\"@id\":\"https:\/\/www.monsiegeamoi.com\/blog\/#organization\",\"name\":\"mon si\u00e8ge \u00e0 moi\",\"url\":\"https:\/\/www.monsiegeamoi.com\/blog\/\",\"sameAs\":[\"https:\/\/www.facebook.com\/msam.fr\/\",\"https:\/\/www.instagram.com\/mon_siege_a_moi\/\",\"https:\/\/www.linkedin.com\/company\/35628798\/admin\/\",\"https:\/\/www.youtube.com\/channel\/UCdd1LuYl2T3uLrnreIEbx2g\",\"https:\/\/www.pinterest.fr\/bduval0428\/\"],\"logo\":{\"@type\":\"ImageObject\",\"@id\":\"https:\/\/www.monsiegeamoi.com\/blog\/#logo\",\"inLanguage\":\"fr-FR\",\"url\":\"https:\/\/www.monsiegeamoi.com\/blog\/wp-content\/uploads\/2020\/01\/logo-msam-carre-1.png\",\"contentUrl\":\"https:\/\/www.monsiegeamoi.com\/blog\/wp-content\/uploads\/2020\/01\/logo-msam-carre-1.png\",\"width\":350,\"height\":350,\"caption\":\"mon si\u00e8ge \u00e0 moi\"},\"image\":{\"@id\":\"https:\/\/www.monsiegeamoi.com\/blog\/#logo\"}},{\"@type\":\"WebSite\",\"@id\":\"https:\/\/www.monsiegeamoi.com\/blog\/#website\",\"url\":\"https:\/\/www.monsiegeamoi.com\/blog\/\",\"name\":\"Fauteuils et innovations\",\"description\":\"D\u00e9couvrez l&#039;histoire et l&#039;actualit\u00e9 des fauteuils sur mesure\",\"publisher\":{\"@id\":\"https:\/\/www.monsiegeamoi.com\/blog\/#organization\"},\"potentialAction\":[{\"@type\":\"SearchAction\",\"target\":{\"@type\":\"EntryPoint\",\"urlTemplate\":\"https:\/\/www.monsiegeamoi.com\/blog\/?s={search_term_string}\"},\"query-input\":\"required name=search_term_string\"}],\"inLanguage\":\"fr-FR\"},{\"@type\":\"ImageObject\",\"@id\":\"https:\/\/www.monsiegeamoi.com\/blog\/fr\/2021\/03\/29\/le-fauteuil-a-bascule-ameliore-le-sommeil-et-la-memoire\/#primaryimage\",\"inLanguage\":\"fr-FR\",\"url\":\"https:\/\/www.monsiegeamoi.com\/blog\/wp-content\/uploads\/2020\/04\/fauteuil_bascule_kennedy.jpg\",\"contentUrl\":\"https:\/\/www.monsiegeamoi.com\/blog\/wp-content\/uploads\/2020\/04\/fauteuil_bascule_kennedy.jpg\",\"width\":603,\"height\":610},{\"@type\":\"WebPage\",\"@id\":\"https:\/\/www.monsiegeamoi.com\/blog\/fr\/2021\/03\/29\/le-fauteuil-a-bascule-ameliore-le-sommeil-et-la-memoire\/#webpage\",\"url\":\"https:\/\/www.monsiegeamoi.com\/blog\/fr\/2021\/03\/29\/le-fauteuil-a-bascule-ameliore-le-sommeil-et-la-memoire\/\",\"name\":\"Bienfaits des fauteuils \u00e0 bascule pour le sommeil, la m\u00e9moire et le dos - Blog des fauteuils sur mesure\",\"isPartOf\":{\"@id\":\"https:\/\/www.monsiegeamoi.com\/blog\/#website\"},\"primaryImageOfPage\":{\"@id\":\"https:\/\/www.monsiegeamoi.com\/blog\/fr\/2021\/03\/29\/le-fauteuil-a-bascule-ameliore-le-sommeil-et-la-memoire\/#primaryimage\"},\"datePublished\":\"2021-03-29T08:19:56+00:00\",\"dateModified\":\"2022-06-02T11:17:49+00:00\",\"description\":\"Un fauteuil \u00e0 bascule, adapt\u00e9 \u00e0 votre taille, est source de bien-\u00eatre. Il soulage divers maux de dos, am\u00e9liore la circulation et la m\u00e9moire.\",\"breadcrumb\":{\"@id\":\"https:\/\/www.monsiegeamoi.com\/blog\/fr\/2021\/03\/29\/le-fauteuil-a-bascule-ameliore-le-sommeil-et-la-memoire\/#breadcrumb\"},\"inLanguage\":\"fr-FR\",\"potentialAction\":[{\"@type\":\"ReadAction\",\"target\":[\"https:\/\/www.monsiegeamoi.com\/blog\/fr\/2021\/03\/29\/le-fauteuil-a-bascule-ameliore-le-sommeil-et-la-memoire\/\"]}]},{\"@type\":\"BreadcrumbList\",\"@id\":\"https:\/\/www.monsiegeamoi.com\/blog\/fr\/2021\/03\/29\/le-fauteuil-a-bascule-ameliore-le-sommeil-et-la-memoire\/#breadcrumb\",\"itemListElement\":[{\"@type\":\"ListItem\",\"position\":1,\"name\":\"Accueil\",\"item\":\"https:\/\/www.monsiegeamoi.com\/blog\/\"},{\"@type\":\"ListItem\",\"position\":2,\"name\":\"Bienfaits des fauteuils \u00e0 bascule pour le sommeil, la m\u00e9moire et le dos\"}]},{\"@type\":\"Article\",\"@id\":\"https:\/\/www.monsiegeamoi.com\/blog\/fr\/2021\/03\/29\/le-fauteuil-a-bascule-ameliore-le-sommeil-et-la-memoire\/#article\",\"isPartOf\":{\"@id\":\"https:\/\/www.monsiegeamoi.com\/blog\/fr\/2021\/03\/29\/le-fauteuil-a-bascule-ameliore-le-sommeil-et-la-memoire\/#webpage\"},\"author\":{\"@id\":\"https:\/\/www.monsiegeamoi.com\/blog\/#\/schema\/person\/d43d3bfb8b3220f0157fd2fc507ad912\"},\"headline\":\"Bienfaits des fauteuils \u00e0 bascule pour le sommeil, la m\u00e9moire et le dos\",\"datePublished\":\"2021-03-29T08:19:56+00:00\",\"dateModified\":\"2022-06-02T11:17:49+00:00\",\"mainEntityOfPage\":{\"@id\":\"https:\/\/www.monsiegeamoi.com\/blog\/fr\/2021\/03\/29\/le-fauteuil-a-bascule-ameliore-le-sommeil-et-la-memoire\/#webpage\"},\"wordCount\":725,\"commentCount\":3,\"publisher\":{\"@id\":\"https:\/\/www.monsiegeamoi.com\/blog\/#organization\"},\"image\":{\"@id\":\"https:\/\/www.monsiegeamoi.com\/blog\/fr\/2021\/03\/29\/le-fauteuil-a-bascule-ameliore-le-sommeil-et-la-memoire\/#primaryimage\"},\"thumbnailUrl\":\"https:\/\/www.monsiegeamoi.com\/blog\/wp-content\/uploads\/2020\/04\/fauteuil_bascule_kennedy.jpg\",\"articleSection\":[\"Innovation autour des assises\",\"Le confort des fauteuils\"],\"inLanguage\":\"fr-FR\",\"potentialAction\":[{\"@type\":\"CommentAction\",\"name\":\"Comment\",\"target\":[\"https:\/\/www.monsiegeamoi.com\/blog\/fr\/2021\/03\/29\/le-fauteuil-a-bascule-ameliore-le-sommeil-et-la-memoire\/#respond\"]}]},{\"@type\":\"Person\",\"@id\":\"https:\/\/www.monsiegeamoi.com\/blog\/#\/schema\/person\/d43d3bfb8b3220f0157fd2fc507ad912\",\"name\":\"Bruno DUVAL\",\"image\":{\"@type\":\"ImageObject\",\"@id\":\"https:\/\/www.monsiegeamoi.com\/blog\/#personlogo\",\"inLanguage\":\"fr-FR\",\"url\":\"https:\/\/secure.gravatar.com\/avatar\/ef7657b695ef6eb463d07d5dc64ef2d8?s=96&d=mm&r=g\",\"contentUrl\":\"https:\/\/secure.gravatar.com\/avatar\/ef7657b695ef6eb463d07d5dc64ef2d8?s=96&d=mm&r=g\",\"caption\":\"Bruno DUVAL\"},\"url\":\"https:\/\/www.monsiegeamoi.com\/blog\/author\/bduval\/\"}]}<\/script>\n<!-- \/ Yoast SEO plugin. -->","yoast_head_json":{"title":"Bienfaits des fauteuils \u00e0 bascule pour le sommeil, la m\u00e9moire et le dos - Blog des fauteuils sur mesure","description":"Un fauteuil \u00e0 bascule, adapt\u00e9 \u00e0 votre taille, est source de bien-\u00eatre. Il soulage divers maux de dos, am\u00e9liore la circulation et la m\u00e9moire.","robots":{"index":"index","follow":"follow","max-snippet":"max-snippet:-1","max-image-preview":"max-image-preview:large","max-video-preview":"max-video-preview:-1"},"canonical":"https:\/\/www.monsiegeamoi.com\/blog\/fr\/2021\/03\/29\/le-fauteuil-a-bascule-ameliore-le-sommeil-et-la-memoire\/","og_locale":"fr_FR","og_type":"article","og_title":"Bienfaits des fauteuils \u00e0 bascule pour le sommeil, la m\u00e9moire et le dos - Blog des fauteuils sur mesure","og_description":"Un fauteuil \u00e0 bascule, adapt\u00e9 \u00e0 votre taille, est source de bien-\u00eatre. Il soulage divers maux de dos, am\u00e9liore la circulation et la m\u00e9moire.","og_url":"https:\/\/www.monsiegeamoi.com\/blog\/fr\/2021\/03\/29\/le-fauteuil-a-bascule-ameliore-le-sommeil-et-la-memoire\/","og_site_name":"Blog des fauteuils sur mesure","article_publisher":"https:\/\/www.facebook.com\/msam.fr\/","article_published_time":"2021-03-29T08:19:56+00:00","article_modified_time":"2022-06-02T11:17:49+00:00","og_image":[{"width":603,"height":610,"url":"https:\/\/www.monsiegeamoi.com\/blog\/wp-content\/uploads\/2020\/04\/fauteuil_bascule_kennedy.jpg","type":"image\/jpeg"}],"twitter_card":"summary_large_image","twitter_misc":{"\u00c9crit par":"Bruno DUVAL","Dur\u00e9e de lecture estim\u00e9e":"4 minutes"},"schema":{"@context":"https:\/\/schema.org","@graph":[{"@type":"Organization","@id":"https:\/\/www.monsiegeamoi.com\/blog\/#organization","name":"mon si\u00e8ge \u00e0 moi","url":"https:\/\/www.monsiegeamoi.com\/blog\/","sameAs":["https:\/\/www.facebook.com\/msam.fr\/","https:\/\/www.instagram.com\/mon_siege_a_moi\/","https:\/\/www.linkedin.com\/company\/35628798\/admin\/","https:\/\/www.youtube.com\/channel\/UCdd1LuYl2T3uLrnreIEbx2g","https:\/\/www.pinterest.fr\/bduval0428\/"],"logo":{"@type":"ImageObject","@id":"https:\/\/www.monsiegeamoi.com\/blog\/#logo","inLanguage":"fr-FR","url":"https:\/\/www.monsiegeamoi.com\/blog\/wp-content\/uploads\/2020\/01\/logo-msam-carre-1.png","contentUrl":"https:\/\/www.monsiegeamoi.com\/blog\/wp-content\/uploads\/2020\/01\/logo-msam-carre-1.png","width":350,"height":350,"caption":"mon si\u00e8ge \u00e0 moi"},"image":{"@id":"https:\/\/www.monsiegeamoi.com\/blog\/#logo"}},{"@type":"WebSite","@id":"https:\/\/www.monsiegeamoi.com\/blog\/#website","url":"https:\/\/www.monsiegeamoi.com\/blog\/","name":"Fauteuils et innovations","description":"D\u00e9couvrez l&#039;histoire et l&#039;actualit\u00e9 des fauteuils sur mesure","publisher":{"@id":"https:\/\/www.monsiegeamoi.com\/blog\/#organization"},"potentialAction":[{"@type":"SearchAction","target":{"@type":"EntryPoint","urlTemplate":"https:\/\/www.monsiegeamoi.com\/blog\/?s={search_term_string}"},"query-input":"required name=search_term_string"}],"inLanguage":"fr-FR"},{"@type":"ImageObject","@id":"https:\/\/www.monsiegeamoi.com\/blog\/fr\/2021\/03\/29\/le-fauteuil-a-bascule-ameliore-le-sommeil-et-la-memoire\/#primaryimage","inLanguage":"fr-FR","url":"https:\/\/www.monsiegeamoi.com\/blog\/wp-content\/uploads\/2020\/04\/fauteuil_bascule_kennedy.jpg","contentUrl":"https:\/\/www.monsiegeamoi.com\/blog\/wp-content\/uploads\/2020\/04\/fauteuil_bascule_kennedy.jpg","width":603,"height":610},{"@type":"WebPage","@id":"https:\/\/www.monsiegeamoi.com\/blog\/fr\/2021\/03\/29\/le-fauteuil-a-bascule-ameliore-le-sommeil-et-la-memoire\/#webpage","url":"https:\/\/www.monsiegeamoi.com\/blog\/fr\/2021\/03\/29\/le-fauteuil-a-bascule-ameliore-le-sommeil-et-la-memoire\/","name":"Bienfaits des fauteuils \u00e0 bascule pour le sommeil, la m\u00e9moire et le dos - Blog des fauteuils sur mesure","isPartOf":{"@id":"https:\/\/www.monsiegeamoi.com\/blog\/#website"},"primaryImageOfPage":{"@id":"https:\/\/www.monsiegeamoi.com\/blog\/fr\/2021\/03\/29\/le-fauteuil-a-bascule-ameliore-le-sommeil-et-la-memoire\/#primaryimage"},"datePublished":"2021-03-29T08:19:56+00:00","dateModified":"2022-06-02T11:17:49+00:00","description":"Un fauteuil \u00e0 bascule, adapt\u00e9 \u00e0 votre taille, est source de bien-\u00eatre. Il soulage divers maux de dos, am\u00e9liore la circulation et la m\u00e9moire.","breadcrumb":{"@id":"https:\/\/www.monsiegeamoi.com\/blog\/fr\/2021\/03\/29\/le-fauteuil-a-bascule-ameliore-le-sommeil-et-la-memoire\/#breadcrumb"},"inLanguage":"fr-FR","potentialAction":[{"@type":"ReadAction","target":["https:\/\/www.monsiegeamoi.com\/blog\/fr\/2021\/03\/29\/le-fauteuil-a-bascule-ameliore-le-sommeil-et-la-memoire\/"]}]},{"@type":"BreadcrumbList","@id":"https:\/\/www.monsiegeamoi.com\/blog\/fr\/2021\/03\/29\/le-fauteuil-a-bascule-ameliore-le-sommeil-et-la-memoire\/#breadcrumb","itemListElement":[{"@type":"ListItem","position":1,"name":"Accueil","item":"https:\/\/www.monsiegeamoi.com\/blog\/"},{"@type":"ListItem","position":2,"name":"Bienfaits des fauteuils \u00e0 bascule pour le sommeil, la m\u00e9moire et le dos"}]},{"@type":"Article","@id":"https:\/\/www.monsiegeamoi.com\/blog\/fr\/2021\/03\/29\/le-fauteuil-a-bascule-ameliore-le-sommeil-et-la-memoire\/#article","isPartOf":{"@id":"https:\/\/www.monsiegeamoi.com\/blog\/fr\/2021\/03\/29\/le-fauteuil-a-bascule-ameliore-le-sommeil-et-la-memoire\/#webpage"},"author":{"@id":"https:\/\/www.monsiegeamoi.com\/blog\/#\/schema\/person\/d43d3bfb8b3220f0157fd2fc507ad912"},"headline":"Bienfaits des fauteuils \u00e0 bascule pour le sommeil, la m\u00e9moire et le dos","datePublished":"2021-03-29T08:19:56+00:00","dateModified":"2022-06-02T11:17:49+00:00","mainEntityOfPage":{"@id":"https:\/\/www.monsiegeamoi.com\/blog\/fr\/2021\/03\/29\/le-fauteuil-a-bascule-ameliore-le-sommeil-et-la-memoire\/#webpage"},"wordCount":725,"commentCount":3,"publisher":{"@id":"https:\/\/www.monsiegeamoi.com\/blog\/#organization"},"image":{"@id":"https:\/\/www.monsiegeamoi.com\/blog\/fr\/2021\/03\/29\/le-fauteuil-a-bascule-ameliore-le-sommeil-et-la-memoire\/#primaryimage"},"thumbnailUrl":"https:\/\/www.monsiegeamoi.com\/blog\/wp-content\/uploads\/2020\/04\/fauteuil_bascule_kennedy.jpg","articleSection":["Innovation autour des assises","Le confort des fauteuils"],"inLanguage":"fr-FR","potentialAction":[{"@type":"CommentAction","name":"Comment","target":["https:\/\/www.monsiegeamoi.com\/blog\/fr\/2021\/03\/29\/le-fauteuil-a-bascule-ameliore-le-sommeil-et-la-memoire\/#respond"]}]},{"@type":"Person","@id":"https:\/\/www.monsiegeamoi.com\/blog\/#\/schema\/person\/d43d3bfb8b3220f0157fd2fc507ad912","name":"Bruno DUVAL","image":{"@type":"ImageObject","@id":"https:\/\/www.monsiegeamoi.com\/blog\/#personlogo","inLanguage":"fr-FR","url":"https:\/\/secure.gravatar.com\/avatar\/ef7657b695ef6eb463d07d5dc64ef2d8?s=96&d=mm&r=g","contentUrl":"https:\/\/secure.gravatar.com\/avatar\/ef7657b695ef6eb463d07d5dc64ef2d8?s=96&d=mm&r=g","caption":"Bruno DUVAL"},"url":"https:\/\/www.monsiegeamoi.com\/blog\/author\/bduval\/"}]}},"_links":{"self":[{"href":"https:\/\/www.monsiegeamoi.com\/blog\/wp-json\/wp\/v2\/posts\/336"}],"collection":[{"href":"https:\/\/www.monsiegeamoi.com\/blog\/wp-json\/wp\/v2\/posts"}],"about":[{"href":"https:\/\/www.monsiegeamoi.com\/blog\/wp-json\/wp\/v2\/types\/post"}],"author":[{"embeddable":true,"href":"https:\/\/www.monsiegeamoi.com\/blog\/wp-json\/wp\/v2\/users\/2"}],"replies":[{"embeddable":true,"href":"https:\/\/www.monsiegeamoi.com\/blog\/wp-json\/wp\/v2\/comments?post=336"}],"version-history":[{"count":17,"href":"https:\/\/www.monsiegeamoi.com\/blog\/wp-json\/wp\/v2\/posts\/336\/revisions"}],"predecessor-version":[{"id":945,"href":"https:\/\/www.monsiegeamoi.com\/blog\/wp-json\/wp\/v2\/posts\/336\/revisions\/945"}],"wp:featuredmedia":[{"embeddable":true,"href":"https:\/\/www.monsiegeamoi.com\/blog\/wp-json\/wp\/v2\/media\/350"}],"wp:attachment":[{"href":"https:\/\/www.monsiegeamoi.com\/blog\/wp-json\/wp\/v2\/media?parent=336"}],"wp:term":[{"taxonomy":"category","embeddable":true,"href":"https:\/\/www.monsiegeamoi.com\/blog\/wp-json\/wp\/v2\/categories?post=336"},{"taxonomy":"post_tag","embeddable":true,"href":"https:\/\/www.monsiegeamoi.com\/blog\/wp-json\/wp\/v2\/tags?post=336"}],"curies":[{"name":"wp","href":"https:\/\/api.w.org\/{rel}","templated":true}]}}