{"id":327,"date":"2020-04-02T17:50:53","date_gmt":"2020-04-02T17:50:53","guid":{"rendered":"https:\/\/www.monsiegeamoi.com\/blog\/?p=327"},"modified":"2021-05-28T06:19:59","modified_gmt":"2021-05-28T06:19:59","slug":"les-assises-au-jardin","status":"publish","type":"post","link":"https:\/\/www.monsiegeamoi.com\/blog\/fr\/2020\/04\/02\/les-assises-au-jardin\/","title":{"rendered":"Quelle structure pour les salons de jardin ?"},"content":{"rendered":"\n<h2>Les contraintes li\u00e9es \u00e0 l\u2019environnement <\/h2>\n\n\n\n<p> Le jardin est un pi\u00e8ce de vie qui prolonge agr\u00e9ablement la maison une grande partie de l\u2019ann\u00e9e.<br>Mais le reste du temps la vie y est plus dure pour le salon de jardin qui doit faire face aux caprices du temps. <br>Il faut r\u00e9sister au froid glacial en hiver : l\u2019eau p\u00e9n\u00e8tre par les petits interstices et en gelant elle augmente de volume et d\u00e9t\u00e9riore la plupart des mat\u00e9riaux. <br>Il faut r\u00e9sister \u00e0 des taux d\u2019humidit\u00e9 \u00e9lev\u00e9s et prolong\u00e9s, propice aux d\u00e9veloppements de champignons qui ronge la mati\u00e8re naturelle ou de mousses qui rendent les surfaces glissantes. <br>Le soleil lui r\u00e9chauffe mais les rayons UV d\u00e9truisent \u00e0 petit feu les vernis et transforment les couleurs. Par ailleurs sur une surface claire la lumi\u00e8re r\u00e9fl\u00e9chie \u00e9blouit, obligeant \u00e0 porter des lunettes de soleil \u00e0 table, alors qu\u2019une surface noire emmagasine la chaleur et monte en temp\u00e9rature.<br>En bord de mer l\u2019air sal\u00e9 ronge les tubes en acier et la visserie zingu\u00e9e blanchie.  <br><\/p>\n\n\n\n<figure class=\"wp-block-image size-large\"><img decoding=\"async\" src=\"https:\/\/www.mercipourlechocolat.fr\/wp-content\/uploads\/2014\/07\/WBZH_renovationtablejardin01-2.jpg\" alt=\"\"\/><\/figure>\n\n\n\n<h2>Alors quelle structure pour un fauteuil de jardin  ?&nbsp; <\/h2>\n\n\n\n<p><strong> Des meubles d\u00e9montables, facilement transportables ou empilables peuvent  \u00eatre stock\u00e9s facilement<\/strong> \u00e0 l\u2019abri des intemp\u00e9ries et du vol. Vous  prot\u00e9gez ainsi votre salon de jardin. <\/p>\n\n\n\n<p>On  trouve pour le jardin de nombreux mod\u00e8les de <strong>chaises pliantes<\/strong>. Le  syst\u00e8me de pliage impose cependant des contraintes fonctionnelles et ces  chaises sont souvent moins confortables et moins durables. Le pliage  apporte de la fragilit\u00e9 et la position du dossier par rapport \u00e0 l\u2019assise  est souvent cause d\u2019inconfort.  <\/p>\n\n\n\n<figure class=\"wp-block-image size-large\"><img decoding=\"async\" loading=\"lazy\" width=\"1024\" height=\"576\" src=\"https:\/\/www.monsiegeamoi.com\/blog\/wp-content\/uploads\/2020\/04\/chaise-pliante-terrasse-jardin-1024x576.jpg\" alt=\"\" class=\"wp-image-328\" srcset=\"https:\/\/www.monsiegeamoi.com\/blog\/wp-content\/uploads\/2020\/04\/chaise-pliante-terrasse-jardin-1024x576.jpg 1024w, https:\/\/www.monsiegeamoi.com\/blog\/wp-content\/uploads\/2020\/04\/chaise-pliante-terrasse-jardin-300x169.jpg 300w, https:\/\/www.monsiegeamoi.com\/blog\/wp-content\/uploads\/2020\/04\/chaise-pliante-terrasse-jardin-768x432.jpg 768w, https:\/\/www.monsiegeamoi.com\/blog\/wp-content\/uploads\/2020\/04\/chaise-pliante-terrasse-jardin-1536x864.jpg 1536w, https:\/\/www.monsiegeamoi.com\/blog\/wp-content\/uploads\/2020\/04\/chaise-pliante-terrasse-jardin-900x506.jpg 900w, https:\/\/www.monsiegeamoi.com\/blog\/wp-content\/uploads\/2020\/04\/chaise-pliante-terrasse-jardin-400x225.jpg 400w, https:\/\/www.monsiegeamoi.com\/blog\/wp-content\/uploads\/2020\/04\/chaise-pliante-terrasse-jardin.jpg 1919w\" sizes=\"(max-width: 1024px) 100vw, 1024px\" \/><\/figure>\n\n\n\n<p>Il y a aussi des structures de fauteuils l\u00e9g\u00e8res, souvent empilables, associ\u00e9es \u00e0 des coussins amovibles ou \u00e0 une assise tress\u00e9e. Ce mobilier se range facilement \u00e0 conditions d\u2019avoir de la place sous abri pour le stocker. <br>Traditionnellement on utilise <strong>le rotin ou l\u2019osier<\/strong> pour fabriquer ces meubles ou des<strong> bois exotiques<\/strong>. Toutefois, il est important d\u2019abriter les fauteuils pendant les saisons rudes et en \u00e9t\u00e9 une exposition prolong\u00e9e \u00e0 un air trop sec provoque une augmentation de la rigidit\u00e9 ainsi qu&rsquo;une tendance \u00e0 la cassure dans les parties les plus fines, et notamment au niveau du cannage. Rotin et osier ont l\u2019avantage de pomper rapidement du CO2 de l\u2019atmosph\u00e8re et une structure de fauteuil n\u2019exige pas ou peu d\u2019\u00e9nergie fossile pour sa r\u00e9alisation. En revanche beaucoup de ces meubles viennent de l\u2019autre bout du monde, de pays o\u00f9 la main d\u2019\u0153uvre est peu cher, et leur transport est alors une catastrophe \u00e9cologique.&nbsp; <\/p>\n\n\n\n<figure class=\"wp-block-image size-large\"><img decoding=\"async\" src=\"https:\/\/i1.pickpik.com\/photos\/297\/1022\/447\/garden-garden-furniture-sit-table-thumb.jpg\" alt=\"\"\/><\/figure>\n\n\n\n<p>Au vingti\u00e8me si\u00e8cle l\u2019aluminium est utilis\u00e9 pour remplacer l\u2019acier. Il a l\u2019avantage d\u2019\u00eatre l\u00e9ger. <br>Comme il est l\u00e9ger on peut utiliser des tubes de gros diam\u00e8tres qui vont pouvoir \u00eatre assembl\u00e9s avec des vis. On \u00e9vite ainsi le processus de soudure, ce qui permet de diminuer les temps de fabrication et les co\u00fbts de transformation. . &nbsp; <br>L\u2019aluminium peut aussi \u00eatre extrud\u00e9e, comme des p\u00e2tes alimentaires, et la forme de l&rsquo;extrusion va permettre d\u2019y glisser des baguettes qui tiendront des tissus tendus. <br><br>Mais si l\u2019aluminium ne rouille pas mais il s\u2019oxyde et se fragilise en vieillissant. Sa fabrication est \u00e9nergivore et contrairement au bois il n\u2019absorbe pas de CO2 pour pousser.&nbsp;<\/p>\n\n\n\n<figure class=\"wp-block-image size-large\"><\/figure>\n\n\n\n<h2>La solution id\u00e9ale ? le salon de jardin sur mesure et d\u00e9montable en bois.<br> <\/h2>\n\n\n\n<p><a href=\"https:\/\/www.monsiegeamoi.com\/fr\/22-salon-de-jardin\">Le canap\u00e9 ci dessous est enti\u00e8rement d\u00e9montable et il est fabriqu\u00e9 sur mesure \u00e0 la commande<\/a>. Vous pouvez ainsi avoir un produit parfaitement adapt\u00e9 aux dimensions de votre balcon ou \u00e0 votre anatomie.<\/p>\n\n\n\n<figure class=\"wp-block-image size-large\"><img decoding=\"async\" loading=\"lazy\" width=\"1000\" height=\"1000\" src=\"https:\/\/www.monsiegeamoi.com\/blog\/wp-content\/uploads\/2020\/04\/canape-jardin-coussin-blanc.jpg\" alt=\"\" class=\"wp-image-331\" srcset=\"https:\/\/www.monsiegeamoi.com\/blog\/wp-content\/uploads\/2020\/04\/canape-jardin-coussin-blanc.jpg 1000w, https:\/\/www.monsiegeamoi.com\/blog\/wp-content\/uploads\/2020\/04\/canape-jardin-coussin-blanc-300x300.jpg 300w, https:\/\/www.monsiegeamoi.com\/blog\/wp-content\/uploads\/2020\/04\/canape-jardin-coussin-blanc-150x150.jpg 150w, https:\/\/www.monsiegeamoi.com\/blog\/wp-content\/uploads\/2020\/04\/canape-jardin-coussin-blanc-768x768.jpg 768w, https:\/\/www.monsiegeamoi.com\/blog\/wp-content\/uploads\/2020\/04\/canape-jardin-coussin-blanc-900x900.jpg 900w, https:\/\/www.monsiegeamoi.com\/blog\/wp-content\/uploads\/2020\/04\/canape-jardin-coussin-blanc-400x400.jpg 400w\" sizes=\"(max-width: 1000px) 100vw, 1000px\" \/><\/figure>\n\n\n\n<p>Le bois a de nombreux atouts \u00e9cologiques. Il absorbe du CO2 pour grandir. Il est transform\u00e9 un peu partout en Europe et il n\u2019est pas n\u00e9cessaire de le faire venir de l\u2019autre bout du monde si l\u2019on utilise des essences comme le bouleau, l&rsquo;\u00e9pic\u00e9a, le h\u00eatre, le ch\u00eane ou le m\u00e9l\u00e8ze.<br>Il peut \u00eatre prot\u00e9g\u00e9 par des vernis anti-UV \u00e0 base d\u2019eau. Des panneaux sont m\u00eames disponibles avec des films de protection \u00e9tanches et il n\u2019y a plus qu\u2019\u00e0 prot\u00e9ger les chants.&nbsp; &nbsp; <br>Un assemblage de panneaux avec des fentes permet d\u2019\u00e9viter la fragilit\u00e9 inh\u00e9rente au syst\u00e8me de pliage. <br>Par ailleurs la dimension d\u2019un panneau \u00e9tant rapidement modifiable ces meubles peuvent \u00eatre fabriqu\u00e9s sur mesure en fonction de la morphologie des populations et des sexes. La taille moyenne des femmes en Suisse ou en Belgique est de 164 cm alors que la taille moyenne des hommes au Danemark et aux Pays-Bas est de 184 cm.&nbsp;&nbsp;&nbsp;&nbsp;<\/p>\n\n\n\n<p>Il y a tout de m\u00eame quelques d\u00e9savantages, m\u00eame si cette solution semble la plus int\u00e9ressante. En effet pour que des panneaux en bois soit stables ils sont constitu\u00e9s de couches de bois crois\u00e9es coll\u00e9es entre elle ou de particules de bois press\u00e9es avec de la r\u00e9sine..&nbsp;<\/p>\n\n\n\n<h1><br>Quel rembourrage pour un fauteuil de jardin ?<\/h1>\n\n\n\n<h2>Le cannage<\/h2>\n\n\n\n<figure class=\"wp-block-image size-large is-resized\"><img decoding=\"async\" loading=\"lazy\" src=\"https:\/\/upload.wikimedia.org\/wikipedia\/commons\/5\/56\/Wallpaper_group-p4-4.jpg\" alt=\"\" width=\"273\" height=\"249\"\/><\/figure>\n\n\n\n<p>Les plus : il est l\u00e9ger, naturel et a\u00e9r\u00e9<br>Les moins : il devient cassant et grisonne, il convient pour une chaise mais pas pour un fauteuil relax<\/p>\n\n\n\n<h3> La mousse  <\/h3>\n\n\n\n<figure class=\"wp-block-image size-large is-resized\"><img decoding=\"async\" loading=\"lazy\" src=\"https:\/\/www.monsiegeamoi.com\/blog\/wp-content\/uploads\/2020\/04\/fauteuil-exterieur-jardin-sur-mesure-jaune-xl-1024x1024.jpg\" alt=\"\" class=\"wp-image-332\" width=\"307\" height=\"307\" srcset=\"https:\/\/www.monsiegeamoi.com\/blog\/wp-content\/uploads\/2020\/04\/fauteuil-exterieur-jardin-sur-mesure-jaune-xl-1024x1024.jpg 1024w, https:\/\/www.monsiegeamoi.com\/blog\/wp-content\/uploads\/2020\/04\/fauteuil-exterieur-jardin-sur-mesure-jaune-xl-300x300.jpg 300w, https:\/\/www.monsiegeamoi.com\/blog\/wp-content\/uploads\/2020\/04\/fauteuil-exterieur-jardin-sur-mesure-jaune-xl-150x150.jpg 150w, https:\/\/www.monsiegeamoi.com\/blog\/wp-content\/uploads\/2020\/04\/fauteuil-exterieur-jardin-sur-mesure-jaune-xl-768x768.jpg 768w, https:\/\/www.monsiegeamoi.com\/blog\/wp-content\/uploads\/2020\/04\/fauteuil-exterieur-jardin-sur-mesure-jaune-xl-1536x1536.jpg 1536w, https:\/\/www.monsiegeamoi.com\/blog\/wp-content\/uploads\/2020\/04\/fauteuil-exterieur-jardin-sur-mesure-jaune-xl-2048x2048.jpg 2048w, https:\/\/www.monsiegeamoi.com\/blog\/wp-content\/uploads\/2020\/04\/fauteuil-exterieur-jardin-sur-mesure-jaune-xl-900x900.jpg 900w, https:\/\/www.monsiegeamoi.com\/blog\/wp-content\/uploads\/2020\/04\/fauteuil-exterieur-jardin-sur-mesure-jaune-xl-400x400.jpg 400w\" sizes=\"(max-width: 307px) 100vw, 307px\" \/><\/figure>\n\n\n\n<p>Les plus : confortable , coloris des housses<br>Les  moins : temps de s\u00e9chage apr\u00e8s l\u2019averse si la housse n\u2019est pas \u00e9tanche<\/p>\n\n\n\n<h3> Le tricot 3D <\/h3>\n\n\n\n<figure class=\"wp-block-image size-large is-resized\"><img decoding=\"async\" loading=\"lazy\" src=\"https:\/\/www.monsiegeamoi.com\/blog\/wp-content\/uploads\/2020\/04\/coussin-tricot-3d-salon-jardin.jpg\" alt=\"\" class=\"wp-image-333\" width=\"271\" height=\"271\" srcset=\"https:\/\/www.monsiegeamoi.com\/blog\/wp-content\/uploads\/2020\/04\/coussin-tricot-3d-salon-jardin.jpg 750w, https:\/\/www.monsiegeamoi.com\/blog\/wp-content\/uploads\/2020\/04\/coussin-tricot-3d-salon-jardin-300x300.jpg 300w, https:\/\/www.monsiegeamoi.com\/blog\/wp-content\/uploads\/2020\/04\/coussin-tricot-3d-salon-jardin-150x150.jpg 150w, https:\/\/www.monsiegeamoi.com\/blog\/wp-content\/uploads\/2020\/04\/coussin-tricot-3d-salon-jardin-400x400.jpg 400w\" sizes=\"(max-width: 271px) 100vw, 271px\" \/><\/figure>\n\n\n\n<figure class=\"wp-block-image size-large\"><img decoding=\"async\" src=\"https:\/\/www.google.com\/url?sa=i&amp;url=http%3A%2F%2Fwww.alibaba.com%2Fcountrysearch%2FCN%2Fhoneycomb-crash-cushion.html&amp;psig=AOvVaw2f081mdTmgdIjnpdrisGUu&amp;ust=1585935950606000&amp;source=images&amp;cd=vfe&amp;ved=0CAIQjRxqFwoTCJjezIWmyugCFQAAAAAdAAAAABAD\" alt=\"\"\/><\/figure>\n\n\n\n<p>Les plus : s\u00e8che rapidement, se nettoie au jet&nbsp; <br>Les moins : confort par rapport \u00e0 une mousse (faible \u00e9paisseur), prix&nbsp; <\/p>\n\n\n\n<p><\/p>\n","protected":false},"excerpt":{"rendered":"<p>Les contraintes li\u00e9es \u00e0 l\u2019environnement Le jardin est un pi\u00e8ce de vie qui prolonge agr\u00e9ablement la maison une grande partie de l\u2019ann\u00e9e.Mais le reste du temps la vie y est plus dure pour le salon de jardin qui doit faire face aux caprices du temps. Il faut r\u00e9sister au froid glacial en hiver : l\u2019eau &hellip; <\/p>\n","protected":false},"author":1,"featured_media":331,"comment_status":"open","ping_status":"open","sticky":true,"template":"","format":"standard","meta":[],"categories":[96],"tags":[],"yoast_head":"<!-- This site is optimized with the Yoast SEO plugin v18.0 - https:\/\/yoast.com\/wordpress\/plugins\/seo\/ -->\n<title>Quelle structure pour les salons de jardin ? - Blog des fauteuils sur mesure<\/title>\n<meta name=\"robots\" content=\"index, follow, max-snippet:-1, max-image-preview:large, max-video-preview:-1\" \/>\n<link rel=\"canonical\" href=\"https:\/\/www.monsiegeamoi.com\/blog\/fr\/2020\/04\/02\/les-assises-au-jardin\/\" \/>\n<meta property=\"og:locale\" content=\"fr_FR\" \/>\n<meta property=\"og:type\" content=\"article\" \/>\n<meta property=\"og:title\" content=\"Quelle structure pour les salons de jardin ? - Blog des fauteuils sur mesure\" \/>\n<meta property=\"og:description\" content=\"Les contraintes li\u00e9es \u00e0 l\u2019environnement Le jardin est un pi\u00e8ce de vie qui prolonge agr\u00e9ablement la maison une grande partie de l\u2019ann\u00e9e.Mais le reste du temps la vie y est plus dure pour le salon de jardin qui doit faire face aux caprices du temps. Il faut r\u00e9sister au froid glacial en hiver : l\u2019eau &hellip;\" \/>\n<meta property=\"og:url\" content=\"https:\/\/www.monsiegeamoi.com\/blog\/fr\/2020\/04\/02\/les-assises-au-jardin\/\" \/>\n<meta property=\"og:site_name\" content=\"Blog des fauteuils sur mesure\" \/>\n<meta property=\"article:publisher\" content=\"https:\/\/www.facebook.com\/msam.fr\/\" \/>\n<meta property=\"article:published_time\" content=\"2020-04-02T17:50:53+00:00\" \/>\n<meta property=\"article:modified_time\" content=\"2021-05-28T06:19:59+00:00\" \/>\n<meta property=\"og:image\" content=\"https:\/\/www.monsiegeamoi.com\/blog\/wp-content\/uploads\/2020\/04\/canape-jardin-coussin-blanc.jpg\" \/>\n\t<meta property=\"og:image:width\" content=\"1000\" \/>\n\t<meta property=\"og:image:height\" content=\"1000\" \/>\n\t<meta property=\"og:image:type\" content=\"image\/jpeg\" \/>\n<meta name=\"twitter:card\" content=\"summary_large_image\" \/>\n<meta name=\"twitter:label1\" content=\"\u00c9crit par\" \/>\n\t<meta name=\"twitter:data1\" content=\"Bruno DUVAL\" \/>\n\t<meta name=\"twitter:label2\" content=\"Dur\u00e9e de lecture estim\u00e9e\" \/>\n\t<meta name=\"twitter:data2\" content=\"5 minutes\" \/>\n<script type=\"application\/ld+json\" class=\"yoast-schema-graph\">{\"@context\":\"https:\/\/schema.org\",\"@graph\":[{\"@type\":\"Organization\",\"@id\":\"https:\/\/www.monsiegeamoi.com\/blog\/#organization\",\"name\":\"mon si\u00e8ge \u00e0 moi\",\"url\":\"https:\/\/www.monsiegeamoi.com\/blog\/\",\"sameAs\":[\"https:\/\/www.facebook.com\/msam.fr\/\",\"https:\/\/www.instagram.com\/mon_siege_a_moi\/\",\"https:\/\/www.linkedin.com\/company\/35628798\/admin\/\",\"https:\/\/www.youtube.com\/channel\/UCdd1LuYl2T3uLrnreIEbx2g\",\"https:\/\/www.pinterest.fr\/bduval0428\/\"],\"logo\":{\"@type\":\"ImageObject\",\"@id\":\"https:\/\/www.monsiegeamoi.com\/blog\/#logo\",\"inLanguage\":\"fr-FR\",\"url\":\"https:\/\/www.monsiegeamoi.com\/blog\/wp-content\/uploads\/2020\/01\/logo-msam-carre-1.png\",\"contentUrl\":\"https:\/\/www.monsiegeamoi.com\/blog\/wp-content\/uploads\/2020\/01\/logo-msam-carre-1.png\",\"width\":350,\"height\":350,\"caption\":\"mon si\u00e8ge \u00e0 moi\"},\"image\":{\"@id\":\"https:\/\/www.monsiegeamoi.com\/blog\/#logo\"}},{\"@type\":\"WebSite\",\"@id\":\"https:\/\/www.monsiegeamoi.com\/blog\/#website\",\"url\":\"https:\/\/www.monsiegeamoi.com\/blog\/\",\"name\":\"Fauteuils et innovations\",\"description\":\"D\u00e9couvrez l&#039;histoire et l&#039;actualit\u00e9 des fauteuils sur mesure\",\"publisher\":{\"@id\":\"https:\/\/www.monsiegeamoi.com\/blog\/#organization\"},\"potentialAction\":[{\"@type\":\"SearchAction\",\"target\":{\"@type\":\"EntryPoint\",\"urlTemplate\":\"https:\/\/www.monsiegeamoi.com\/blog\/?s={search_term_string}\"},\"query-input\":\"required name=search_term_string\"}],\"inLanguage\":\"fr-FR\"},{\"@type\":\"ImageObject\",\"@id\":\"https:\/\/www.monsiegeamoi.com\/blog\/fr\/2020\/04\/02\/les-assises-au-jardin\/#primaryimage\",\"inLanguage\":\"fr-FR\",\"url\":\"https:\/\/www.monsiegeamoi.com\/blog\/wp-content\/uploads\/2020\/04\/canape-jardin-coussin-blanc.jpg\",\"contentUrl\":\"https:\/\/www.monsiegeamoi.com\/blog\/wp-content\/uploads\/2020\/04\/canape-jardin-coussin-blanc.jpg\",\"width\":1000,\"height\":1000,\"caption\":\"Ce salon de jardin est enti\u00e8rement d\u00e9montable pour \u00eatre transport\u00e9 ou rang\u00e9 \u00e0 l'abri en hiver.\"},{\"@type\":\"WebPage\",\"@id\":\"https:\/\/www.monsiegeamoi.com\/blog\/fr\/2020\/04\/02\/les-assises-au-jardin\/#webpage\",\"url\":\"https:\/\/www.monsiegeamoi.com\/blog\/fr\/2020\/04\/02\/les-assises-au-jardin\/\",\"name\":\"Quelle structure pour les salons de jardin ? - Blog des fauteuils sur mesure\",\"isPartOf\":{\"@id\":\"https:\/\/www.monsiegeamoi.com\/blog\/#website\"},\"primaryImageOfPage\":{\"@id\":\"https:\/\/www.monsiegeamoi.com\/blog\/fr\/2020\/04\/02\/les-assises-au-jardin\/#primaryimage\"},\"datePublished\":\"2020-04-02T17:50:53+00:00\",\"dateModified\":\"2021-05-28T06:19:59+00:00\",\"breadcrumb\":{\"@id\":\"https:\/\/www.monsiegeamoi.com\/blog\/fr\/2020\/04\/02\/les-assises-au-jardin\/#breadcrumb\"},\"inLanguage\":\"fr-FR\",\"potentialAction\":[{\"@type\":\"ReadAction\",\"target\":[\"https:\/\/www.monsiegeamoi.com\/blog\/fr\/2020\/04\/02\/les-assises-au-jardin\/\"]}]},{\"@type\":\"BreadcrumbList\",\"@id\":\"https:\/\/www.monsiegeamoi.com\/blog\/fr\/2020\/04\/02\/les-assises-au-jardin\/#breadcrumb\",\"itemListElement\":[{\"@type\":\"ListItem\",\"position\":1,\"name\":\"Accueil\",\"item\":\"https:\/\/www.monsiegeamoi.com\/blog\/\"},{\"@type\":\"ListItem\",\"position\":2,\"name\":\"Quelle structure pour les salons de jardin ?\"}]},{\"@type\":\"Article\",\"@id\":\"https:\/\/www.monsiegeamoi.com\/blog\/fr\/2020\/04\/02\/les-assises-au-jardin\/#article\",\"isPartOf\":{\"@id\":\"https:\/\/www.monsiegeamoi.com\/blog\/fr\/2020\/04\/02\/les-assises-au-jardin\/#webpage\"},\"author\":{\"@id\":\"https:\/\/www.monsiegeamoi.com\/blog\/#\/schema\/person\/6c2e4ef71c12dc348f70f48155da5c66\"},\"headline\":\"Quelle structure pour les salons de jardin ?\",\"datePublished\":\"2020-04-02T17:50:53+00:00\",\"dateModified\":\"2021-05-28T06:19:59+00:00\",\"mainEntityOfPage\":{\"@id\":\"https:\/\/www.monsiegeamoi.com\/blog\/fr\/2020\/04\/02\/les-assises-au-jardin\/#webpage\"},\"wordCount\":946,\"commentCount\":0,\"publisher\":{\"@id\":\"https:\/\/www.monsiegeamoi.com\/blog\/#organization\"},\"image\":{\"@id\":\"https:\/\/www.monsiegeamoi.com\/blog\/fr\/2020\/04\/02\/les-assises-au-jardin\/#primaryimage\"},\"thumbnailUrl\":\"https:\/\/www.monsiegeamoi.com\/blog\/wp-content\/uploads\/2020\/04\/canape-jardin-coussin-blanc.jpg\",\"articleSection\":[\"L'assise dans un lieu\"],\"inLanguage\":\"fr-FR\",\"potentialAction\":[{\"@type\":\"CommentAction\",\"name\":\"Comment\",\"target\":[\"https:\/\/www.monsiegeamoi.com\/blog\/fr\/2020\/04\/02\/les-assises-au-jardin\/#respond\"]}]},{\"@type\":\"Person\",\"@id\":\"https:\/\/www.monsiegeamoi.com\/blog\/#\/schema\/person\/6c2e4ef71c12dc348f70f48155da5c66\",\"name\":\"Bruno DUVAL\",\"image\":{\"@type\":\"ImageObject\",\"@id\":\"https:\/\/www.monsiegeamoi.com\/blog\/#personlogo\",\"inLanguage\":\"fr-FR\",\"url\":\"https:\/\/secure.gravatar.com\/avatar\/d72ff8c522ba9b71838f031c69c2f326?s=96&d=mm&r=g\",\"contentUrl\":\"https:\/\/secure.gravatar.com\/avatar\/d72ff8c522ba9b71838f031c69c2f326?s=96&d=mm&r=g\",\"caption\":\"Bruno DUVAL\"},\"url\":\"https:\/\/www.monsiegeamoi.com\/blog\/author\/bruno-duval44gmail-com\/\"}]}<\/script>\n<!-- \/ Yoast SEO plugin. -->","yoast_head_json":{"title":"Quelle structure pour les salons de jardin ? - Blog des fauteuils sur mesure","robots":{"index":"index","follow":"follow","max-snippet":"max-snippet:-1","max-image-preview":"max-image-preview:large","max-video-preview":"max-video-preview:-1"},"canonical":"https:\/\/www.monsiegeamoi.com\/blog\/fr\/2020\/04\/02\/les-assises-au-jardin\/","og_locale":"fr_FR","og_type":"article","og_title":"Quelle structure pour les salons de jardin ? - Blog des fauteuils sur mesure","og_description":"Les contraintes li\u00e9es \u00e0 l\u2019environnement Le jardin est un pi\u00e8ce de vie qui prolonge agr\u00e9ablement la maison une grande partie de l\u2019ann\u00e9e.Mais le reste du temps la vie y est plus dure pour le salon de jardin qui doit faire face aux caprices du temps. Il faut r\u00e9sister au froid glacial en hiver : l\u2019eau &hellip;","og_url":"https:\/\/www.monsiegeamoi.com\/blog\/fr\/2020\/04\/02\/les-assises-au-jardin\/","og_site_name":"Blog des fauteuils sur mesure","article_publisher":"https:\/\/www.facebook.com\/msam.fr\/","article_published_time":"2020-04-02T17:50:53+00:00","article_modified_time":"2021-05-28T06:19:59+00:00","og_image":[{"width":1000,"height":1000,"url":"https:\/\/www.monsiegeamoi.com\/blog\/wp-content\/uploads\/2020\/04\/canape-jardin-coussin-blanc.jpg","type":"image\/jpeg"}],"twitter_card":"summary_large_image","twitter_misc":{"\u00c9crit par":"Bruno DUVAL","Dur\u00e9e de lecture estim\u00e9e":"5 minutes"},"schema":{"@context":"https:\/\/schema.org","@graph":[{"@type":"Organization","@id":"https:\/\/www.monsiegeamoi.com\/blog\/#organization","name":"mon si\u00e8ge \u00e0 moi","url":"https:\/\/www.monsiegeamoi.com\/blog\/","sameAs":["https:\/\/www.facebook.com\/msam.fr\/","https:\/\/www.instagram.com\/mon_siege_a_moi\/","https:\/\/www.linkedin.com\/company\/35628798\/admin\/","https:\/\/www.youtube.com\/channel\/UCdd1LuYl2T3uLrnreIEbx2g","https:\/\/www.pinterest.fr\/bduval0428\/"],"logo":{"@type":"ImageObject","@id":"https:\/\/www.monsiegeamoi.com\/blog\/#logo","inLanguage":"fr-FR","url":"https:\/\/www.monsiegeamoi.com\/blog\/wp-content\/uploads\/2020\/01\/logo-msam-carre-1.png","contentUrl":"https:\/\/www.monsiegeamoi.com\/blog\/wp-content\/uploads\/2020\/01\/logo-msam-carre-1.png","width":350,"height":350,"caption":"mon si\u00e8ge \u00e0 moi"},"image":{"@id":"https:\/\/www.monsiegeamoi.com\/blog\/#logo"}},{"@type":"WebSite","@id":"https:\/\/www.monsiegeamoi.com\/blog\/#website","url":"https:\/\/www.monsiegeamoi.com\/blog\/","name":"Fauteuils et innovations","description":"D\u00e9couvrez l&#039;histoire et l&#039;actualit\u00e9 des fauteuils sur mesure","publisher":{"@id":"https:\/\/www.monsiegeamoi.com\/blog\/#organization"},"potentialAction":[{"@type":"SearchAction","target":{"@type":"EntryPoint","urlTemplate":"https:\/\/www.monsiegeamoi.com\/blog\/?s={search_term_string}"},"query-input":"required name=search_term_string"}],"inLanguage":"fr-FR"},{"@type":"ImageObject","@id":"https:\/\/www.monsiegeamoi.com\/blog\/fr\/2020\/04\/02\/les-assises-au-jardin\/#primaryimage","inLanguage":"fr-FR","url":"https:\/\/www.monsiegeamoi.com\/blog\/wp-content\/uploads\/2020\/04\/canape-jardin-coussin-blanc.jpg","contentUrl":"https:\/\/www.monsiegeamoi.com\/blog\/wp-content\/uploads\/2020\/04\/canape-jardin-coussin-blanc.jpg","width":1000,"height":1000,"caption":"Ce salon de jardin est enti\u00e8rement d\u00e9montable pour \u00eatre transport\u00e9 ou rang\u00e9 \u00e0 l'abri en hiver."},{"@type":"WebPage","@id":"https:\/\/www.monsiegeamoi.com\/blog\/fr\/2020\/04\/02\/les-assises-au-jardin\/#webpage","url":"https:\/\/www.monsiegeamoi.com\/blog\/fr\/2020\/04\/02\/les-assises-au-jardin\/","name":"Quelle structure pour les salons de jardin ? - Blog des fauteuils sur mesure","isPartOf":{"@id":"https:\/\/www.monsiegeamoi.com\/blog\/#website"},"primaryImageOfPage":{"@id":"https:\/\/www.monsiegeamoi.com\/blog\/fr\/2020\/04\/02\/les-assises-au-jardin\/#primaryimage"},"datePublished":"2020-04-02T17:50:53+00:00","dateModified":"2021-05-28T06:19:59+00:00","breadcrumb":{"@id":"https:\/\/www.monsiegeamoi.com\/blog\/fr\/2020\/04\/02\/les-assises-au-jardin\/#breadcrumb"},"inLanguage":"fr-FR","potentialAction":[{"@type":"ReadAction","target":["https:\/\/www.monsiegeamoi.com\/blog\/fr\/2020\/04\/02\/les-assises-au-jardin\/"]}]},{"@type":"BreadcrumbList","@id":"https:\/\/www.monsiegeamoi.com\/blog\/fr\/2020\/04\/02\/les-assises-au-jardin\/#breadcrumb","itemListElement":[{"@type":"ListItem","position":1,"name":"Accueil","item":"https:\/\/www.monsiegeamoi.com\/blog\/"},{"@type":"ListItem","position":2,"name":"Quelle structure pour les salons de jardin ?"}]},{"@type":"Article","@id":"https:\/\/www.monsiegeamoi.com\/blog\/fr\/2020\/04\/02\/les-assises-au-jardin\/#article","isPartOf":{"@id":"https:\/\/www.monsiegeamoi.com\/blog\/fr\/2020\/04\/02\/les-assises-au-jardin\/#webpage"},"author":{"@id":"https:\/\/www.monsiegeamoi.com\/blog\/#\/schema\/person\/6c2e4ef71c12dc348f70f48155da5c66"},"headline":"Quelle structure pour les salons de jardin ?","datePublished":"2020-04-02T17:50:53+00:00","dateModified":"2021-05-28T06:19:59+00:00","mainEntityOfPage":{"@id":"https:\/\/www.monsiegeamoi.com\/blog\/fr\/2020\/04\/02\/les-assises-au-jardin\/#webpage"},"wordCount":946,"commentCount":0,"publisher":{"@id":"https:\/\/www.monsiegeamoi.com\/blog\/#organization"},"image":{"@id":"https:\/\/www.monsiegeamoi.com\/blog\/fr\/2020\/04\/02\/les-assises-au-jardin\/#primaryimage"},"thumbnailUrl":"https:\/\/www.monsiegeamoi.com\/blog\/wp-content\/uploads\/2020\/04\/canape-jardin-coussin-blanc.jpg","articleSection":["L'assise dans un lieu"],"inLanguage":"fr-FR","potentialAction":[{"@type":"CommentAction","name":"Comment","target":["https:\/\/www.monsiegeamoi.com\/blog\/fr\/2020\/04\/02\/les-assises-au-jardin\/#respond"]}]},{"@type":"Person","@id":"https:\/\/www.monsiegeamoi.com\/blog\/#\/schema\/person\/6c2e4ef71c12dc348f70f48155da5c66","name":"Bruno DUVAL","image":{"@type":"ImageObject","@id":"https:\/\/www.monsiegeamoi.com\/blog\/#personlogo","inLanguage":"fr-FR","url":"https:\/\/secure.gravatar.com\/avatar\/d72ff8c522ba9b71838f031c69c2f326?s=96&d=mm&r=g","contentUrl":"https:\/\/secure.gravatar.com\/avatar\/d72ff8c522ba9b71838f031c69c2f326?s=96&d=mm&r=g","caption":"Bruno DUVAL"},"url":"https:\/\/www.monsiegeamoi.com\/blog\/author\/bruno-duval44gmail-com\/"}]}},"_links":{"self":[{"href":"https:\/\/www.monsiegeamoi.com\/blog\/wp-json\/wp\/v2\/posts\/327"}],"collection":[{"href":"https:\/\/www.monsiegeamoi.com\/blog\/wp-json\/wp\/v2\/posts"}],"about":[{"href":"https:\/\/www.monsiegeamoi.com\/blog\/wp-json\/wp\/v2\/types\/post"}],"author":[{"embeddable":true,"href":"https:\/\/www.monsiegeamoi.com\/blog\/wp-json\/wp\/v2\/users\/1"}],"replies":[{"embeddable":true,"href":"https:\/\/www.monsiegeamoi.com\/blog\/wp-json\/wp\/v2\/comments?post=327"}],"version-history":[{"count":4,"href":"https:\/\/www.monsiegeamoi.com\/blog\/wp-json\/wp\/v2\/posts\/327\/revisions"}],"predecessor-version":[{"id":714,"href":"https:\/\/www.monsiegeamoi.com\/blog\/wp-json\/wp\/v2\/posts\/327\/revisions\/714"}],"wp:featuredmedia":[{"embeddable":true,"href":"https:\/\/www.monsiegeamoi.com\/blog\/wp-json\/wp\/v2\/media\/331"}],"wp:attachment":[{"href":"https:\/\/www.monsiegeamoi.com\/blog\/wp-json\/wp\/v2\/media?parent=327"}],"wp:term":[{"taxonomy":"category","embeddable":true,"href":"https:\/\/www.monsiegeamoi.com\/blog\/wp-json\/wp\/v2\/categories?post=327"},{"taxonomy":"post_tag","embeddable":true,"href":"https:\/\/www.monsiegeamoi.com\/blog\/wp-json\/wp\/v2\/tags?post=327"}],"curies":[{"name":"wp","href":"https:\/\/api.w.org\/{rel}","templated":true}]}}