{"id":260,"date":"2020-01-30T15:26:00","date_gmt":"2020-01-30T15:26:00","guid":{"rendered":"http:\/\/www.monsiegeamoi.com\/blog\/?p=260"},"modified":"2021-03-16T14:50:55","modified_gmt":"2021-03-16T14:50:55","slug":"pietement-de-fauteuil-colore-et-eco-responsable-en-valchromat","status":"publish","type":"post","link":"https:\/\/www.monsiegeamoi.com\/blog\/fr\/2020\/01\/30\/pietement-de-fauteuil-colore-et-eco-responsable-en-valchromat\/","title":{"rendered":"Pi\u00e9tement de fauteuil color\u00e9 et \u00e9co-responsable en  Valchromat"},"content":{"rendered":"\n<figure class=\"wp-block-image size-medium is-resized\"><img decoding=\"async\" loading=\"lazy\" src=\"https:\/\/cdn.shortpixel.ai\/client\/q_glossy,ret_img,w_400\/https:\/\/www.monsiegeamoi.com\/blog\/wp-content\/uploads\/2020\/02\/studio-fond-blanc-pour-configurateur-aero_configurateur-biblio-400x104.jpg\" alt=\"Fauteuils r\u00e9alis\u00e9s en Valchromat de couleurs vari\u00e9es\" class=\"wp-image-261\" width=\"578\" height=\"150\" srcset=\"https:\/\/www.monsiegeamoi.com\/blog\/wp-content\/uploads\/2020\/02\/studio-fond-blanc-pour-configurateur-aero_configurateur-biblio-400x104.jpg 400w, https:\/\/www.monsiegeamoi.com\/blog\/wp-content\/uploads\/2020\/02\/studio-fond-blanc-pour-configurateur-aero_configurateur-biblio-300x78.jpg 300w, https:\/\/www.monsiegeamoi.com\/blog\/wp-content\/uploads\/2020\/02\/studio-fond-blanc-pour-configurateur-aero_configurateur-biblio-1024x267.jpg 1024w, https:\/\/www.monsiegeamoi.com\/blog\/wp-content\/uploads\/2020\/02\/studio-fond-blanc-pour-configurateur-aero_configurateur-biblio-768x200.jpg 768w, https:\/\/www.monsiegeamoi.com\/blog\/wp-content\/uploads\/2020\/02\/studio-fond-blanc-pour-configurateur-aero_configurateur-biblio-1536x400.jpg 1536w, https:\/\/www.monsiegeamoi.com\/blog\/wp-content\/uploads\/2020\/02\/studio-fond-blanc-pour-configurateur-aero_configurateur-biblio-900x234.jpg 900w, https:\/\/www.monsiegeamoi.com\/blog\/wp-content\/uploads\/2020\/02\/studio-fond-blanc-pour-configurateur-aero_configurateur-biblio.jpg 1920w\" sizes=\"(max-width: 578px) 100vw, 578px\" \/><figcaption>Fauteuils en diff\u00e9rents coloris de Valchromat<\/figcaption><\/figure>\n\n\n\n<p>Lanc\u00e9 en 1998 le Valchromat est un panneau haut de gamme en  fibres de bois color\u00e9 qui b\u00e9n\u00e9ficie de nombreuses am\u00e9liorations  technologiques par rapport au panneau de particules traditionnels en MDF.<br>Il est utilis\u00e9 dans la fabrication de nombreux <a href=\"https:\/\/www.monsiegeamoi.com\/fr\/\">fauteuils sur mesure Mon Si\u00e8ge \u00e0 Moi.<\/a><\/p>\n\n\n\n<figure class=\"wp-block-image size-large\"><img decoding=\"async\" loading=\"lazy\" width=\"1024\" height=\"576\" src=\"https:\/\/www.monsiegeamoi.com\/blog\/wp-content\/uploads\/2021\/03\/outdoor-bench-in-valchromat-1024x576.jpg\" alt=\"\" class=\"wp-image-563\" srcset=\"https:\/\/www.monsiegeamoi.com\/blog\/wp-content\/uploads\/2021\/03\/outdoor-bench-in-valchromat-1024x576.jpg 1024w, https:\/\/www.monsiegeamoi.com\/blog\/wp-content\/uploads\/2021\/03\/outdoor-bench-in-valchromat-300x169.jpg 300w, https:\/\/www.monsiegeamoi.com\/blog\/wp-content\/uploads\/2021\/03\/outdoor-bench-in-valchromat-768x432.jpg 768w, https:\/\/www.monsiegeamoi.com\/blog\/wp-content\/uploads\/2021\/03\/outdoor-bench-in-valchromat-900x506.jpg 900w, https:\/\/www.monsiegeamoi.com\/blog\/wp-content\/uploads\/2021\/03\/outdoor-bench-in-valchromat-400x225.jpg 400w, https:\/\/www.monsiegeamoi.com\/blog\/wp-content\/uploads\/2021\/03\/outdoor-bench-in-valchromat.jpg 1280w\" sizes=\"(max-width: 1024px) 100vw, 1024px\" \/><figcaption>Banc ext\u00e9rieur en Valchromat<\/figcaption><\/figure>\n\n\n\n<p>Par rapport aux panneaux de particules de moyennes densit\u00e9 (MDF) il offre notamment les atouts suivants :<\/p>\n\n\n\n<ul><li>Il est hydrofug\u00e9 pour une utilisation en milieu humide (salle de bain, ext\u00e9rieur sous abri)<\/li><li>Une palette d\u2019<strong>une dizaine de coloris<\/strong> est disponible et les colorants utilis\u00e9s sont 100% organiques<\/li><li>Teint\u00e9 dans la masse <strong>il peut \u00eatre r\u00e9par\u00e9 simplement, sans \u00eatre repeint<\/strong>. Sa dur\u00e9e de vie plus importante justifie un prix plus \u00e9lev\u00e9 que le panneau de particules classique<\/li><li>Sa <strong>r\u00e9sistance m\u00e9canique est en moyenne 30% sup\u00e9rieur \u00e0 celle d\u2019un MDF classique<\/strong><\/li><li>Il peut \u00eatre <strong>recycl\u00e9<\/strong>, l\u2019unit\u00e9 de production \u00e9tant elle-m\u00eame licenci\u00e9e \u00e0 cet effet<\/li><li>Ses diff\u00e9rentes variantes ont fait l\u2019objet de nombreux  certifications ( r\u00e9sistance au feu, s\u00e9curit\u00e9 des jouets, FSC, PEFC,  CARB2, etc..)<\/li><li>Plus dense il permet une belle finition des chants \u00a0<\/li><li>Pour des applications professionnelles la <strong>version ignifug\u00e9e<\/strong> est class\u00e9e\u00a0 au feu B-s2,d0<\/li><\/ul>\n\n\n\n<p>Il est fabriqu\u00e9 en Europe, \u00e0 proximit\u00e9 de Lisbonne au Portugal, dans une usine certifi\u00e9 qualit\u00e9 ISO 9001. <br>Il est conforme \u00e0 la norme Europ\u00e9enne E1 (limitation des \u00e9missions de formald\u00e9hyde).<br><br>Les\n restes de copeaux de bois g\u00e9n\u00e9r\u00e9s par la production des panneaux sont \nutilis\u00e9s pour alimenter la chaudi\u00e8re de l\u2019usine : la valorisation \n\u00e9nerg\u00e9tique r\u00e9alis\u00e9e permet de produire toute l\u2019\u00e9nergie n\u00e9cessaire au \nfonctionnement de l\u2019unit\u00e9 de production, sans br\u00fbler des combustibles \nfossiles<\/p>\n\n\n\n<p>L\u2019usine qui produit le Valchromat s\u2019engage aussi * \u00e0 ne pas se procurer du bois provenant de:<br>&#8211; zones foresti\u00e8res o\u00f9 les droits civils ou traditionnels sont viol\u00e9s;<br>&#8211; zones foresti\u00e8res ayant des niveaux de conservation \u00e9lev\u00e9s, menac\u00e9s par les activit\u00e9s de gestion foresti\u00e8re;<br>&#8211; arbres g\u00e9n\u00e9tiquement modifi\u00e9s (OGM);<br>&#8211; zones foresti\u00e8res exploit\u00e9es ill\u00e9galement; <br>&#8211; zones foresti\u00e8res r\u00e9sultant de la conversion de for\u00eats naturelles en plantations ou pour d\u2019autres utilisations non foresti\u00e8res<br>* conform\u00e9ment aux normes FSC\u00ae -STD-40-004, FSC\u00ae -STD-40-005 et<\/p>\n","protected":false},"excerpt":{"rendered":"<p>Lanc\u00e9 en 1998 le Valchromat est un panneau haut de gamme en fibres de bois color\u00e9 qui b\u00e9n\u00e9ficie de nombreuses am\u00e9liorations technologiques par rapport au panneau de particules traditionnels en MDF.Il est utilis\u00e9 dans la fabrication de nombreux fauteuils sur mesure Mon Si\u00e8ge \u00e0 Moi. Par rapport aux panneaux de particules de moyennes densit\u00e9 (MDF) &hellip; <\/p>\n","protected":false},"author":1,"featured_media":262,"comment_status":"open","ping_status":"open","sticky":true,"template":"","format":"standard","meta":[],"categories":[15,14],"tags":[],"yoast_head":"<!-- This site is optimized with the Yoast SEO plugin v18.0 - https:\/\/yoast.com\/wordpress\/plugins\/seo\/ -->\n<title>Pi\u00e9tement de fauteuil color\u00e9 et \u00e9co-responsable en Valchromat - Blog des fauteuils sur mesure<\/title>\n<meta name=\"robots\" content=\"index, follow, max-snippet:-1, max-image-preview:large, max-video-preview:-1\" \/>\n<link rel=\"canonical\" href=\"https:\/\/www.monsiegeamoi.com\/blog\/fr\/2020\/01\/30\/pietement-de-fauteuil-colore-et-eco-responsable-en-valchromat\/\" \/>\n<meta property=\"og:locale\" content=\"fr_FR\" \/>\n<meta property=\"og:type\" content=\"article\" \/>\n<meta property=\"og:title\" content=\"Pi\u00e9tement de fauteuil color\u00e9 et \u00e9co-responsable en Valchromat - Blog des fauteuils sur mesure\" \/>\n<meta property=\"og:description\" content=\"Lanc\u00e9 en 1998 le Valchromat est un panneau haut de gamme en fibres de bois color\u00e9 qui b\u00e9n\u00e9ficie de nombreuses am\u00e9liorations technologiques par rapport au panneau de particules traditionnels en MDF.Il est utilis\u00e9 dans la fabrication de nombreux fauteuils sur mesure Mon Si\u00e8ge \u00e0 Moi. Par rapport aux panneaux de particules de moyennes densit\u00e9 (MDF) &hellip;\" \/>\n<meta property=\"og:url\" content=\"https:\/\/www.monsiegeamoi.com\/blog\/fr\/2020\/01\/30\/pietement-de-fauteuil-colore-et-eco-responsable-en-valchromat\/\" \/>\n<meta property=\"og:site_name\" content=\"Blog des fauteuils sur mesure\" \/>\n<meta property=\"article:publisher\" content=\"https:\/\/www.facebook.com\/msam.fr\/\" \/>\n<meta property=\"article:published_time\" content=\"2020-01-30T15:26:00+00:00\" \/>\n<meta property=\"article:modified_time\" content=\"2021-03-16T14:50:55+00:00\" \/>\n<meta property=\"og:image\" content=\"https:\/\/www.monsiegeamoi.com\/blog\/wp-content\/uploads\/2020\/02\/rocking_chair_10_coloris-carre.jpg\" \/>\n\t<meta property=\"og:image:width\" content=\"1630\" \/>\n\t<meta property=\"og:image:height\" content=\"1630\" \/>\n\t<meta property=\"og:image:type\" content=\"image\/jpeg\" \/>\n<meta name=\"twitter:card\" content=\"summary_large_image\" \/>\n<meta name=\"twitter:label1\" content=\"\u00c9crit par\" \/>\n\t<meta name=\"twitter:data1\" content=\"Bruno DUVAL\" \/>\n\t<meta name=\"twitter:label2\" content=\"Dur\u00e9e de lecture estim\u00e9e\" \/>\n\t<meta name=\"twitter:data2\" content=\"2 minutes\" \/>\n<script type=\"application\/ld+json\" class=\"yoast-schema-graph\">{\"@context\":\"https:\/\/schema.org\",\"@graph\":[{\"@type\":\"Organization\",\"@id\":\"https:\/\/www.monsiegeamoi.com\/blog\/#organization\",\"name\":\"mon si\u00e8ge \u00e0 moi\",\"url\":\"https:\/\/www.monsiegeamoi.com\/blog\/\",\"sameAs\":[\"https:\/\/www.facebook.com\/msam.fr\/\",\"https:\/\/www.instagram.com\/mon_siege_a_moi\/\",\"https:\/\/www.linkedin.com\/company\/35628798\/admin\/\",\"https:\/\/www.youtube.com\/channel\/UCdd1LuYl2T3uLrnreIEbx2g\",\"https:\/\/www.pinterest.fr\/bduval0428\/\"],\"logo\":{\"@type\":\"ImageObject\",\"@id\":\"https:\/\/www.monsiegeamoi.com\/blog\/#logo\",\"inLanguage\":\"fr-FR\",\"url\":\"https:\/\/www.monsiegeamoi.com\/blog\/wp-content\/uploads\/2020\/01\/logo-msam-carre-1.png\",\"contentUrl\":\"https:\/\/www.monsiegeamoi.com\/blog\/wp-content\/uploads\/2020\/01\/logo-msam-carre-1.png\",\"width\":350,\"height\":350,\"caption\":\"mon si\u00e8ge \u00e0 moi\"},\"image\":{\"@id\":\"https:\/\/www.monsiegeamoi.com\/blog\/#logo\"}},{\"@type\":\"WebSite\",\"@id\":\"https:\/\/www.monsiegeamoi.com\/blog\/#website\",\"url\":\"https:\/\/www.monsiegeamoi.com\/blog\/\",\"name\":\"Fauteuils et innovations\",\"description\":\"D\u00e9couvrez l&#039;histoire et l&#039;actualit\u00e9 des fauteuils sur mesure\",\"publisher\":{\"@id\":\"https:\/\/www.monsiegeamoi.com\/blog\/#organization\"},\"potentialAction\":[{\"@type\":\"SearchAction\",\"target\":{\"@type\":\"EntryPoint\",\"urlTemplate\":\"https:\/\/www.monsiegeamoi.com\/blog\/?s={search_term_string}\"},\"query-input\":\"required name=search_term_string\"}],\"inLanguage\":\"fr-FR\"},{\"@type\":\"ImageObject\",\"@id\":\"https:\/\/www.monsiegeamoi.com\/blog\/fr\/2020\/01\/30\/pietement-de-fauteuil-colore-et-eco-responsable-en-valchromat\/#primaryimage\",\"inLanguage\":\"fr-FR\",\"url\":\"https:\/\/www.monsiegeamoi.com\/blog\/wp-content\/uploads\/2020\/02\/rocking_chair_10_coloris-carre.jpg\",\"contentUrl\":\"https:\/\/www.monsiegeamoi.com\/blog\/wp-content\/uploads\/2020\/02\/rocking_chair_10_coloris-carre.jpg\",\"width\":1630,\"height\":1630,\"caption\":\"Fauteuil en Valchromat - 10 coloris diff\u00e9rents\"},{\"@type\":\"WebPage\",\"@id\":\"https:\/\/www.monsiegeamoi.com\/blog\/fr\/2020\/01\/30\/pietement-de-fauteuil-colore-et-eco-responsable-en-valchromat\/#webpage\",\"url\":\"https:\/\/www.monsiegeamoi.com\/blog\/fr\/2020\/01\/30\/pietement-de-fauteuil-colore-et-eco-responsable-en-valchromat\/\",\"name\":\"Pi\u00e9tement de fauteuil color\u00e9 et \u00e9co-responsable en Valchromat - Blog des fauteuils sur mesure\",\"isPartOf\":{\"@id\":\"https:\/\/www.monsiegeamoi.com\/blog\/#website\"},\"primaryImageOfPage\":{\"@id\":\"https:\/\/www.monsiegeamoi.com\/blog\/fr\/2020\/01\/30\/pietement-de-fauteuil-colore-et-eco-responsable-en-valchromat\/#primaryimage\"},\"datePublished\":\"2020-01-30T15:26:00+00:00\",\"dateModified\":\"2021-03-16T14:50:55+00:00\",\"breadcrumb\":{\"@id\":\"https:\/\/www.monsiegeamoi.com\/blog\/fr\/2020\/01\/30\/pietement-de-fauteuil-colore-et-eco-responsable-en-valchromat\/#breadcrumb\"},\"inLanguage\":\"fr-FR\",\"potentialAction\":[{\"@type\":\"ReadAction\",\"target\":[\"https:\/\/www.monsiegeamoi.com\/blog\/fr\/2020\/01\/30\/pietement-de-fauteuil-colore-et-eco-responsable-en-valchromat\/\"]}]},{\"@type\":\"BreadcrumbList\",\"@id\":\"https:\/\/www.monsiegeamoi.com\/blog\/fr\/2020\/01\/30\/pietement-de-fauteuil-colore-et-eco-responsable-en-valchromat\/#breadcrumb\",\"itemListElement\":[{\"@type\":\"ListItem\",\"position\":1,\"name\":\"Accueil\",\"item\":\"https:\/\/www.monsiegeamoi.com\/blog\/\"},{\"@type\":\"ListItem\",\"position\":2,\"name\":\"Pi\u00e9tement de fauteuil color\u00e9 et \u00e9co-responsable en Valchromat\"}]},{\"@type\":\"Article\",\"@id\":\"https:\/\/www.monsiegeamoi.com\/blog\/fr\/2020\/01\/30\/pietement-de-fauteuil-colore-et-eco-responsable-en-valchromat\/#article\",\"isPartOf\":{\"@id\":\"https:\/\/www.monsiegeamoi.com\/blog\/fr\/2020\/01\/30\/pietement-de-fauteuil-colore-et-eco-responsable-en-valchromat\/#webpage\"},\"author\":{\"@id\":\"https:\/\/www.monsiegeamoi.com\/blog\/#\/schema\/person\/6c2e4ef71c12dc348f70f48155da5c66\"},\"headline\":\"Pi\u00e9tement de fauteuil color\u00e9 et \u00e9co-responsable en Valchromat\",\"datePublished\":\"2020-01-30T15:26:00+00:00\",\"dateModified\":\"2021-03-16T14:50:55+00:00\",\"mainEntityOfPage\":{\"@id\":\"https:\/\/www.monsiegeamoi.com\/blog\/fr\/2020\/01\/30\/pietement-de-fauteuil-colore-et-eco-responsable-en-valchromat\/#webpage\"},\"wordCount\":406,\"commentCount\":0,\"publisher\":{\"@id\":\"https:\/\/www.monsiegeamoi.com\/blog\/#organization\"},\"image\":{\"@id\":\"https:\/\/www.monsiegeamoi.com\/blog\/fr\/2020\/01\/30\/pietement-de-fauteuil-colore-et-eco-responsable-en-valchromat\/#primaryimage\"},\"thumbnailUrl\":\"https:\/\/www.monsiegeamoi.com\/blog\/wp-content\/uploads\/2020\/02\/rocking_chair_10_coloris-carre.jpg\",\"articleSection\":[\"Fabrication \u00e9co-responsable\",\"Innovations structurelles\"],\"inLanguage\":\"fr-FR\",\"potentialAction\":[{\"@type\":\"CommentAction\",\"name\":\"Comment\",\"target\":[\"https:\/\/www.monsiegeamoi.com\/blog\/fr\/2020\/01\/30\/pietement-de-fauteuil-colore-et-eco-responsable-en-valchromat\/#respond\"]}]},{\"@type\":\"Person\",\"@id\":\"https:\/\/www.monsiegeamoi.com\/blog\/#\/schema\/person\/6c2e4ef71c12dc348f70f48155da5c66\",\"name\":\"Bruno DUVAL\",\"image\":{\"@type\":\"ImageObject\",\"@id\":\"https:\/\/www.monsiegeamoi.com\/blog\/#personlogo\",\"inLanguage\":\"fr-FR\",\"url\":\"https:\/\/secure.gravatar.com\/avatar\/d72ff8c522ba9b71838f031c69c2f326?s=96&d=mm&r=g\",\"contentUrl\":\"https:\/\/secure.gravatar.com\/avatar\/d72ff8c522ba9b71838f031c69c2f326?s=96&d=mm&r=g\",\"caption\":\"Bruno DUVAL\"},\"url\":\"https:\/\/www.monsiegeamoi.com\/blog\/author\/bruno-duval44gmail-com\/\"}]}<\/script>\n<!-- \/ Yoast SEO plugin. -->","yoast_head_json":{"title":"Pi\u00e9tement de fauteuil color\u00e9 et \u00e9co-responsable en Valchromat - Blog des fauteuils sur mesure","robots":{"index":"index","follow":"follow","max-snippet":"max-snippet:-1","max-image-preview":"max-image-preview:large","max-video-preview":"max-video-preview:-1"},"canonical":"https:\/\/www.monsiegeamoi.com\/blog\/fr\/2020\/01\/30\/pietement-de-fauteuil-colore-et-eco-responsable-en-valchromat\/","og_locale":"fr_FR","og_type":"article","og_title":"Pi\u00e9tement de fauteuil color\u00e9 et \u00e9co-responsable en Valchromat - Blog des fauteuils sur mesure","og_description":"Lanc\u00e9 en 1998 le Valchromat est un panneau haut de gamme en fibres de bois color\u00e9 qui b\u00e9n\u00e9ficie de nombreuses am\u00e9liorations technologiques par rapport au panneau de particules traditionnels en MDF.Il est utilis\u00e9 dans la fabrication de nombreux fauteuils sur mesure Mon Si\u00e8ge \u00e0 Moi. Par rapport aux panneaux de particules de moyennes densit\u00e9 (MDF) &hellip;","og_url":"https:\/\/www.monsiegeamoi.com\/blog\/fr\/2020\/01\/30\/pietement-de-fauteuil-colore-et-eco-responsable-en-valchromat\/","og_site_name":"Blog des fauteuils sur mesure","article_publisher":"https:\/\/www.facebook.com\/msam.fr\/","article_published_time":"2020-01-30T15:26:00+00:00","article_modified_time":"2021-03-16T14:50:55+00:00","og_image":[{"width":1630,"height":1630,"url":"https:\/\/www.monsiegeamoi.com\/blog\/wp-content\/uploads\/2020\/02\/rocking_chair_10_coloris-carre.jpg","type":"image\/jpeg"}],"twitter_card":"summary_large_image","twitter_misc":{"\u00c9crit par":"Bruno DUVAL","Dur\u00e9e de lecture estim\u00e9e":"2 minutes"},"schema":{"@context":"https:\/\/schema.org","@graph":[{"@type":"Organization","@id":"https:\/\/www.monsiegeamoi.com\/blog\/#organization","name":"mon si\u00e8ge \u00e0 moi","url":"https:\/\/www.monsiegeamoi.com\/blog\/","sameAs":["https:\/\/www.facebook.com\/msam.fr\/","https:\/\/www.instagram.com\/mon_siege_a_moi\/","https:\/\/www.linkedin.com\/company\/35628798\/admin\/","https:\/\/www.youtube.com\/channel\/UCdd1LuYl2T3uLrnreIEbx2g","https:\/\/www.pinterest.fr\/bduval0428\/"],"logo":{"@type":"ImageObject","@id":"https:\/\/www.monsiegeamoi.com\/blog\/#logo","inLanguage":"fr-FR","url":"https:\/\/www.monsiegeamoi.com\/blog\/wp-content\/uploads\/2020\/01\/logo-msam-carre-1.png","contentUrl":"https:\/\/www.monsiegeamoi.com\/blog\/wp-content\/uploads\/2020\/01\/logo-msam-carre-1.png","width":350,"height":350,"caption":"mon si\u00e8ge \u00e0 moi"},"image":{"@id":"https:\/\/www.monsiegeamoi.com\/blog\/#logo"}},{"@type":"WebSite","@id":"https:\/\/www.monsiegeamoi.com\/blog\/#website","url":"https:\/\/www.monsiegeamoi.com\/blog\/","name":"Fauteuils et innovations","description":"D\u00e9couvrez l&#039;histoire et l&#039;actualit\u00e9 des fauteuils sur mesure","publisher":{"@id":"https:\/\/www.monsiegeamoi.com\/blog\/#organization"},"potentialAction":[{"@type":"SearchAction","target":{"@type":"EntryPoint","urlTemplate":"https:\/\/www.monsiegeamoi.com\/blog\/?s={search_term_string}"},"query-input":"required name=search_term_string"}],"inLanguage":"fr-FR"},{"@type":"ImageObject","@id":"https:\/\/www.monsiegeamoi.com\/blog\/fr\/2020\/01\/30\/pietement-de-fauteuil-colore-et-eco-responsable-en-valchromat\/#primaryimage","inLanguage":"fr-FR","url":"https:\/\/www.monsiegeamoi.com\/blog\/wp-content\/uploads\/2020\/02\/rocking_chair_10_coloris-carre.jpg","contentUrl":"https:\/\/www.monsiegeamoi.com\/blog\/wp-content\/uploads\/2020\/02\/rocking_chair_10_coloris-carre.jpg","width":1630,"height":1630,"caption":"Fauteuil en Valchromat - 10 coloris diff\u00e9rents"},{"@type":"WebPage","@id":"https:\/\/www.monsiegeamoi.com\/blog\/fr\/2020\/01\/30\/pietement-de-fauteuil-colore-et-eco-responsable-en-valchromat\/#webpage","url":"https:\/\/www.monsiegeamoi.com\/blog\/fr\/2020\/01\/30\/pietement-de-fauteuil-colore-et-eco-responsable-en-valchromat\/","name":"Pi\u00e9tement de fauteuil color\u00e9 et \u00e9co-responsable en Valchromat - Blog des fauteuils sur mesure","isPartOf":{"@id":"https:\/\/www.monsiegeamoi.com\/blog\/#website"},"primaryImageOfPage":{"@id":"https:\/\/www.monsiegeamoi.com\/blog\/fr\/2020\/01\/30\/pietement-de-fauteuil-colore-et-eco-responsable-en-valchromat\/#primaryimage"},"datePublished":"2020-01-30T15:26:00+00:00","dateModified":"2021-03-16T14:50:55+00:00","breadcrumb":{"@id":"https:\/\/www.monsiegeamoi.com\/blog\/fr\/2020\/01\/30\/pietement-de-fauteuil-colore-et-eco-responsable-en-valchromat\/#breadcrumb"},"inLanguage":"fr-FR","potentialAction":[{"@type":"ReadAction","target":["https:\/\/www.monsiegeamoi.com\/blog\/fr\/2020\/01\/30\/pietement-de-fauteuil-colore-et-eco-responsable-en-valchromat\/"]}]},{"@type":"BreadcrumbList","@id":"https:\/\/www.monsiegeamoi.com\/blog\/fr\/2020\/01\/30\/pietement-de-fauteuil-colore-et-eco-responsable-en-valchromat\/#breadcrumb","itemListElement":[{"@type":"ListItem","position":1,"name":"Accueil","item":"https:\/\/www.monsiegeamoi.com\/blog\/"},{"@type":"ListItem","position":2,"name":"Pi\u00e9tement de fauteuil color\u00e9 et \u00e9co-responsable en Valchromat"}]},{"@type":"Article","@id":"https:\/\/www.monsiegeamoi.com\/blog\/fr\/2020\/01\/30\/pietement-de-fauteuil-colore-et-eco-responsable-en-valchromat\/#article","isPartOf":{"@id":"https:\/\/www.monsiegeamoi.com\/blog\/fr\/2020\/01\/30\/pietement-de-fauteuil-colore-et-eco-responsable-en-valchromat\/#webpage"},"author":{"@id":"https:\/\/www.monsiegeamoi.com\/blog\/#\/schema\/person\/6c2e4ef71c12dc348f70f48155da5c66"},"headline":"Pi\u00e9tement de fauteuil color\u00e9 et \u00e9co-responsable en Valchromat","datePublished":"2020-01-30T15:26:00+00:00","dateModified":"2021-03-16T14:50:55+00:00","mainEntityOfPage":{"@id":"https:\/\/www.monsiegeamoi.com\/blog\/fr\/2020\/01\/30\/pietement-de-fauteuil-colore-et-eco-responsable-en-valchromat\/#webpage"},"wordCount":406,"commentCount":0,"publisher":{"@id":"https:\/\/www.monsiegeamoi.com\/blog\/#organization"},"image":{"@id":"https:\/\/www.monsiegeamoi.com\/blog\/fr\/2020\/01\/30\/pietement-de-fauteuil-colore-et-eco-responsable-en-valchromat\/#primaryimage"},"thumbnailUrl":"https:\/\/www.monsiegeamoi.com\/blog\/wp-content\/uploads\/2020\/02\/rocking_chair_10_coloris-carre.jpg","articleSection":["Fabrication \u00e9co-responsable","Innovations structurelles"],"inLanguage":"fr-FR","potentialAction":[{"@type":"CommentAction","name":"Comment","target":["https:\/\/www.monsiegeamoi.com\/blog\/fr\/2020\/01\/30\/pietement-de-fauteuil-colore-et-eco-responsable-en-valchromat\/#respond"]}]},{"@type":"Person","@id":"https:\/\/www.monsiegeamoi.com\/blog\/#\/schema\/person\/6c2e4ef71c12dc348f70f48155da5c66","name":"Bruno DUVAL","image":{"@type":"ImageObject","@id":"https:\/\/www.monsiegeamoi.com\/blog\/#personlogo","inLanguage":"fr-FR","url":"https:\/\/secure.gravatar.com\/avatar\/d72ff8c522ba9b71838f031c69c2f326?s=96&d=mm&r=g","contentUrl":"https:\/\/secure.gravatar.com\/avatar\/d72ff8c522ba9b71838f031c69c2f326?s=96&d=mm&r=g","caption":"Bruno DUVAL"},"url":"https:\/\/www.monsiegeamoi.com\/blog\/author\/bruno-duval44gmail-com\/"}]}},"_links":{"self":[{"href":"https:\/\/www.monsiegeamoi.com\/blog\/wp-json\/wp\/v2\/posts\/260"}],"collection":[{"href":"https:\/\/www.monsiegeamoi.com\/blog\/wp-json\/wp\/v2\/posts"}],"about":[{"href":"https:\/\/www.monsiegeamoi.com\/blog\/wp-json\/wp\/v2\/types\/post"}],"author":[{"embeddable":true,"href":"https:\/\/www.monsiegeamoi.com\/blog\/wp-json\/wp\/v2\/users\/1"}],"replies":[{"embeddable":true,"href":"https:\/\/www.monsiegeamoi.com\/blog\/wp-json\/wp\/v2\/comments?post=260"}],"version-history":[{"count":6,"href":"https:\/\/www.monsiegeamoi.com\/blog\/wp-json\/wp\/v2\/posts\/260\/revisions"}],"predecessor-version":[{"id":565,"href":"https:\/\/www.monsiegeamoi.com\/blog\/wp-json\/wp\/v2\/posts\/260\/revisions\/565"}],"wp:featuredmedia":[{"embeddable":true,"href":"https:\/\/www.monsiegeamoi.com\/blog\/wp-json\/wp\/v2\/media\/262"}],"wp:attachment":[{"href":"https:\/\/www.monsiegeamoi.com\/blog\/wp-json\/wp\/v2\/media?parent=260"}],"wp:term":[{"taxonomy":"category","embeddable":true,"href":"https:\/\/www.monsiegeamoi.com\/blog\/wp-json\/wp\/v2\/categories?post=260"},{"taxonomy":"post_tag","embeddable":true,"href":"https:\/\/www.monsiegeamoi.com\/blog\/wp-json\/wp\/v2\/tags?post=260"}],"curies":[{"name":"wp","href":"https:\/\/api.w.org\/{rel}","templated":true}]}}