{"id":254,"date":"2020-01-18T15:04:27","date_gmt":"2020-01-18T15:04:27","guid":{"rendered":"http:\/\/www.monsiegeamoi.com\/blog\/?p=247"},"modified":"2021-03-16T09:14:52","modified_gmt":"2021-03-16T09:14:52","slug":"poltrona-perche-hai-tu-di-grandi-orecchie","status":"publish","type":"post","link":"https:\/\/www.monsiegeamoi.com\/blog\/it\/2020\/01\/18\/poltrona-perche-hai-tu-di-grandi-orecchie\/","title":{"rendered":"Sedia, perch\u00e9 hai le orecchie grandi?"},"content":{"rendered":"\n<h2>Proteggersi dalle bozze<\/h2>\n\n\n\n<p>Le case nel XVII secolo erano molto scarsamente isolate e le correnti d&rsquo;aria circolavano. <br>Davanti al camino ci godiamo il calore del fuoco in inverno, ma un bacio gelido accarezza il nostro collo, i nostri muscoli si irrigidiscono e le torticolici ci aspettano. <br>Per combattere questo male non si tratta ancora di sovvenzioni statali per isolare la sua casa a 1 euro. <br>Fu all&rsquo;inizio del XVII secolo che un ebanista illuminato, la cui storia purtroppo distolse il nome, invent\u00f2 la sedia Wingback o sedie a dondolo. Questo sedile, dotato di due grandi appendici, protegge il collo dai correnti d&rsquo;aria. <\/p>\n\n\n\n<figure class=\"wp-block-image size-medium\"><img decoding=\"async\" loading=\"lazy\" width=\"443\" height=\"599\" src=\"https:\/\/cdn.shortpixel.ai\/client\/q_glossy,ret_img,w_443\/https:\/\/www.monsiegeamoi.com\/blog\/wp-content\/uploads\/2020\/02\/bergere-oreilles.jpg\" alt=\"Pastore a orecchio, una poltrona per proteggersi dai tiri d'aria\" class=\"wp-image-248\" srcset=\"https:\/\/www.monsiegeamoi.com\/blog\/wp-content\/uploads\/2020\/02\/bergere-oreilles.jpg 443w, https:\/\/www.monsiegeamoi.com\/blog\/wp-content\/uploads\/2020\/02\/bergere-oreilles-222x300.jpg 222w, https:\/\/www.monsiegeamoi.com\/blog\/wp-content\/uploads\/2020\/02\/bergere-oreilles-400x541.jpg 400w\" sizes=\"(max-width: 443px) 100vw, 443px\" \/><figcaption>Sedia, perch\u00e9 hai le orecchie grandi<\/figcaption><\/figure>\n\n\n\n<h2>Addormentarsi <\/h2>\n\n\n\n<p>Le prime versioni delle orecchie sono in legno. <br>Infine seduto comodamente davanti al camino si si addormenta nella sua pastorella, ma la testa viene a colpire l&rsquo;orecchio di legno albero duro e il risveglio e brutale. Il tappezzeria viene quindi in aiuto dell&rsquo;ebanista per aggiungere imbottitura alle orecchie. La sedia Wingback come la conosciamo oggi \u00e8 inventata. Si chiama pastorella a orecchio in Francia.<\/p>\n\n\n\n<h2>La sedia su misura a misura unica <\/h2>\n\n\n\n<p>Alla fine del XIX, all&rsquo;inizio del XX secolo con l&rsquo;industrializzazione, furono prodotte una serie di sedie Wingback. I prezzi scendono, ma il comfort si deteriora. Mentre l&rsquo;ebanista di un tempo di sedie su misura, l&rsquo;industriale produce una sedia one-size-fits-all dove qualsiasi dimensione si deve trovare la sua felicit\u00e0. <br>Sar\u00e0 fino al XXI secolo per trovare la possibilit\u00e0 di acquistare <a href=\"https:\/\/www.monsiegeamoi.com\/en\/14-wing-chair-tailor-made\">sedie wingback su misura a prezzi ragionevoli <\/a>per giovani e vecchi in questo mondo.<\/p>\n\n\n\n<figure class=\"wp-block-image size-medium\"><img decoding=\"async\" src=\"https:\/\/cdn.shortpixel.ai\/client\/q_glossy,ret_img,w_1500\/https:\/\/www.monsiegeamoi.com\/blog\/wp-content\/uploads\/2020\/02\/fauteuil-senior-bergere-oreille.jpg\" alt=\"Poltrona a misura singola\" class=\"wp-image-249\"\/><figcaption>Sedia su misura con orrechie e mensola per i libri o i telecomandi<\/figcaption><\/figure>\n","protected":false},"excerpt":{"rendered":"<p>Proteggersi dalle bozze Le case nel XVII secolo erano molto scarsamente isolate e le correnti d&rsquo;aria circolavano. Davanti al camino ci godiamo il calore del fuoco in inverno, ma un bacio gelido accarezza il nostro collo, i nostri muscoli si irrigidiscono e le torticolici ci aspettano. Per combattere questo male non si tratta ancora di &hellip; <\/p>\n","protected":false},"author":1,"featured_media":548,"comment_status":"open","ping_status":"open","sticky":false,"template":"","format":"standard","meta":[],"categories":[52],"tags":[],"yoast_head":"<!-- This site is optimized with the Yoast SEO plugin v18.0 - https:\/\/yoast.com\/wordpress\/plugins\/seo\/ -->\n<title>Sedia, perch\u00e9 hai le orecchie grandi? - Blog des fauteuils sur mesure<\/title>\n<meta name=\"robots\" content=\"index, follow, max-snippet:-1, max-image-preview:large, max-video-preview:-1\" \/>\n<link rel=\"canonical\" href=\"https:\/\/www.monsiegeamoi.com\/blog\/it\/2020\/01\/18\/poltrona-perche-hai-tu-di-grandi-orecchie\/\" \/>\n<meta property=\"og:locale\" content=\"fr_FR\" \/>\n<meta property=\"og:type\" content=\"article\" \/>\n<meta property=\"og:title\" content=\"Sedia, perch\u00e9 hai le orecchie grandi? - Blog des fauteuils sur mesure\" \/>\n<meta property=\"og:description\" content=\"Proteggersi dalle bozze Le case nel XVII secolo erano molto scarsamente isolate e le correnti d&rsquo;aria circolavano. Davanti al camino ci godiamo il calore del fuoco in inverno, ma un bacio gelido accarezza il nostro collo, i nostri muscoli si irrigidiscono e le torticolici ci aspettano. Per combattere questo male non si tratta ancora di &hellip;\" \/>\n<meta property=\"og:url\" content=\"https:\/\/www.monsiegeamoi.com\/blog\/it\/2020\/01\/18\/poltrona-perche-hai-tu-di-grandi-orecchie\/\" \/>\n<meta property=\"og:site_name\" content=\"Blog des fauteuils sur mesure\" \/>\n<meta property=\"article:publisher\" content=\"https:\/\/www.facebook.com\/msam.fr\/\" \/>\n<meta property=\"article:published_time\" content=\"2020-01-18T15:04:27+00:00\" \/>\n<meta property=\"article:modified_time\" content=\"2021-03-16T09:14:52+00:00\" \/>\n<meta property=\"og:image\" content=\"https:\/\/www.monsiegeamoi.com\/blog\/wp-content\/uploads\/2020\/01\/bergere-a-oreilles-1.jpg\" \/>\n\t<meta property=\"og:image:width\" content=\"1233\" \/>\n\t<meta property=\"og:image:height\" content=\"1121\" \/>\n\t<meta property=\"og:image:type\" content=\"image\/jpeg\" \/>\n<meta name=\"twitter:card\" content=\"summary_large_image\" \/>\n<meta name=\"twitter:label1\" content=\"\u00c9crit par\" \/>\n\t<meta name=\"twitter:data1\" content=\"Bruno DUVAL\" \/>\n\t<meta name=\"twitter:label2\" content=\"Dur\u00e9e de lecture estim\u00e9e\" \/>\n\t<meta name=\"twitter:data2\" content=\"2 minutes\" \/>\n<script type=\"application\/ld+json\" class=\"yoast-schema-graph\">{\"@context\":\"https:\/\/schema.org\",\"@graph\":[{\"@type\":\"Organization\",\"@id\":\"https:\/\/www.monsiegeamoi.com\/blog\/#organization\",\"name\":\"mon si\u00e8ge \u00e0 moi\",\"url\":\"https:\/\/www.monsiegeamoi.com\/blog\/\",\"sameAs\":[\"https:\/\/www.facebook.com\/msam.fr\/\",\"https:\/\/www.instagram.com\/mon_siege_a_moi\/\",\"https:\/\/www.linkedin.com\/company\/35628798\/admin\/\",\"https:\/\/www.youtube.com\/channel\/UCdd1LuYl2T3uLrnreIEbx2g\",\"https:\/\/www.pinterest.fr\/bduval0428\/\"],\"logo\":{\"@type\":\"ImageObject\",\"@id\":\"https:\/\/www.monsiegeamoi.com\/blog\/#logo\",\"inLanguage\":\"fr-FR\",\"url\":\"https:\/\/www.monsiegeamoi.com\/blog\/wp-content\/uploads\/2020\/01\/logo-msam-carre-1.png\",\"contentUrl\":\"https:\/\/www.monsiegeamoi.com\/blog\/wp-content\/uploads\/2020\/01\/logo-msam-carre-1.png\",\"width\":350,\"height\":350,\"caption\":\"mon si\u00e8ge \u00e0 moi\"},\"image\":{\"@id\":\"https:\/\/www.monsiegeamoi.com\/blog\/#logo\"}},{\"@type\":\"WebSite\",\"@id\":\"https:\/\/www.monsiegeamoi.com\/blog\/#website\",\"url\":\"https:\/\/www.monsiegeamoi.com\/blog\/\",\"name\":\"Fauteuils et innovations\",\"description\":\"D\u00e9couvrez l&#039;histoire et l&#039;actualit\u00e9 des fauteuils sur mesure\",\"publisher\":{\"@id\":\"https:\/\/www.monsiegeamoi.com\/blog\/#organization\"},\"potentialAction\":[{\"@type\":\"SearchAction\",\"target\":{\"@type\":\"EntryPoint\",\"urlTemplate\":\"https:\/\/www.monsiegeamoi.com\/blog\/?s={search_term_string}\"},\"query-input\":\"required name=search_term_string\"}],\"inLanguage\":\"fr-FR\"},{\"@type\":\"ImageObject\",\"@id\":\"https:\/\/www.monsiegeamoi.com\/blog\/it\/2020\/01\/18\/poltrona-perche-hai-tu-di-grandi-orecchie\/#primaryimage\",\"inLanguage\":\"fr-FR\",\"url\":\"https:\/\/www.monsiegeamoi.com\/blog\/wp-content\/uploads\/2020\/01\/bergere-a-oreilles-1.jpg\",\"contentUrl\":\"https:\/\/www.monsiegeamoi.com\/blog\/wp-content\/uploads\/2020\/01\/bergere-a-oreilles-1.jpg\",\"width\":1233,\"height\":1121,\"caption\":\"Poltrona per anziani\"},{\"@type\":\"WebPage\",\"@id\":\"https:\/\/www.monsiegeamoi.com\/blog\/it\/2020\/01\/18\/poltrona-perche-hai-tu-di-grandi-orecchie\/#webpage\",\"url\":\"https:\/\/www.monsiegeamoi.com\/blog\/it\/2020\/01\/18\/poltrona-perche-hai-tu-di-grandi-orecchie\/\",\"name\":\"Sedia, perch\u00e9 hai le orecchie grandi? - Blog des fauteuils sur mesure\",\"isPartOf\":{\"@id\":\"https:\/\/www.monsiegeamoi.com\/blog\/#website\"},\"primaryImageOfPage\":{\"@id\":\"https:\/\/www.monsiegeamoi.com\/blog\/it\/2020\/01\/18\/poltrona-perche-hai-tu-di-grandi-orecchie\/#primaryimage\"},\"datePublished\":\"2020-01-18T15:04:27+00:00\",\"dateModified\":\"2021-03-16T09:14:52+00:00\",\"breadcrumb\":{\"@id\":\"https:\/\/www.monsiegeamoi.com\/blog\/it\/2020\/01\/18\/poltrona-perche-hai-tu-di-grandi-orecchie\/#breadcrumb\"},\"inLanguage\":\"fr-FR\",\"potentialAction\":[{\"@type\":\"ReadAction\",\"target\":[\"https:\/\/www.monsiegeamoi.com\/blog\/it\/2020\/01\/18\/poltrona-perche-hai-tu-di-grandi-orecchie\/\"]}]},{\"@type\":\"BreadcrumbList\",\"@id\":\"https:\/\/www.monsiegeamoi.com\/blog\/it\/2020\/01\/18\/poltrona-perche-hai-tu-di-grandi-orecchie\/#breadcrumb\",\"itemListElement\":[{\"@type\":\"ListItem\",\"position\":1,\"name\":\"Accueil\",\"item\":\"https:\/\/www.monsiegeamoi.com\/blog\/\"},{\"@type\":\"ListItem\",\"position\":2,\"name\":\"Sedia, perch\u00e9 hai le orecchie grandi?\"}]},{\"@type\":\"Article\",\"@id\":\"https:\/\/www.monsiegeamoi.com\/blog\/it\/2020\/01\/18\/poltrona-perche-hai-tu-di-grandi-orecchie\/#article\",\"isPartOf\":{\"@id\":\"https:\/\/www.monsiegeamoi.com\/blog\/it\/2020\/01\/18\/poltrona-perche-hai-tu-di-grandi-orecchie\/#webpage\"},\"author\":{\"@id\":\"https:\/\/www.monsiegeamoi.com\/blog\/#\/schema\/person\/6c2e4ef71c12dc348f70f48155da5c66\"},\"headline\":\"Sedia, perch\u00e9 hai le orecchie grandi?\",\"datePublished\":\"2020-01-18T15:04:27+00:00\",\"dateModified\":\"2021-03-16T09:14:52+00:00\",\"mainEntityOfPage\":{\"@id\":\"https:\/\/www.monsiegeamoi.com\/blog\/it\/2020\/01\/18\/poltrona-perche-hai-tu-di-grandi-orecchie\/#webpage\"},\"wordCount\":270,\"commentCount\":0,\"publisher\":{\"@id\":\"https:\/\/www.monsiegeamoi.com\/blog\/#organization\"},\"image\":{\"@id\":\"https:\/\/www.monsiegeamoi.com\/blog\/it\/2020\/01\/18\/poltrona-perche-hai-tu-di-grandi-orecchie\/#primaryimage\"},\"thumbnailUrl\":\"https:\/\/www.monsiegeamoi.com\/blog\/wp-content\/uploads\/2020\/01\/bergere-a-oreilles-1.jpg\",\"articleSection\":[\"Ergonomia della sedia\"],\"inLanguage\":\"fr-FR\",\"potentialAction\":[{\"@type\":\"CommentAction\",\"name\":\"Comment\",\"target\":[\"https:\/\/www.monsiegeamoi.com\/blog\/it\/2020\/01\/18\/poltrona-perche-hai-tu-di-grandi-orecchie\/#respond\"]}]},{\"@type\":\"Person\",\"@id\":\"https:\/\/www.monsiegeamoi.com\/blog\/#\/schema\/person\/6c2e4ef71c12dc348f70f48155da5c66\",\"name\":\"Bruno DUVAL\",\"image\":{\"@type\":\"ImageObject\",\"@id\":\"https:\/\/www.monsiegeamoi.com\/blog\/#personlogo\",\"inLanguage\":\"fr-FR\",\"url\":\"https:\/\/secure.gravatar.com\/avatar\/d72ff8c522ba9b71838f031c69c2f326?s=96&d=mm&r=g\",\"contentUrl\":\"https:\/\/secure.gravatar.com\/avatar\/d72ff8c522ba9b71838f031c69c2f326?s=96&d=mm&r=g\",\"caption\":\"Bruno DUVAL\"},\"url\":\"https:\/\/www.monsiegeamoi.com\/blog\/author\/bruno-duval44gmail-com\/\"}]}<\/script>\n<!-- \/ Yoast SEO plugin. -->","yoast_head_json":{"title":"Sedia, perch\u00e9 hai le orecchie grandi? - Blog des fauteuils sur mesure","robots":{"index":"index","follow":"follow","max-snippet":"max-snippet:-1","max-image-preview":"max-image-preview:large","max-video-preview":"max-video-preview:-1"},"canonical":"https:\/\/www.monsiegeamoi.com\/blog\/it\/2020\/01\/18\/poltrona-perche-hai-tu-di-grandi-orecchie\/","og_locale":"fr_FR","og_type":"article","og_title":"Sedia, perch\u00e9 hai le orecchie grandi? - Blog des fauteuils sur mesure","og_description":"Proteggersi dalle bozze Le case nel XVII secolo erano molto scarsamente isolate e le correnti d&rsquo;aria circolavano. Davanti al camino ci godiamo il calore del fuoco in inverno, ma un bacio gelido accarezza il nostro collo, i nostri muscoli si irrigidiscono e le torticolici ci aspettano. Per combattere questo male non si tratta ancora di &hellip;","og_url":"https:\/\/www.monsiegeamoi.com\/blog\/it\/2020\/01\/18\/poltrona-perche-hai-tu-di-grandi-orecchie\/","og_site_name":"Blog des fauteuils sur mesure","article_publisher":"https:\/\/www.facebook.com\/msam.fr\/","article_published_time":"2020-01-18T15:04:27+00:00","article_modified_time":"2021-03-16T09:14:52+00:00","og_image":[{"width":1233,"height":1121,"url":"https:\/\/www.monsiegeamoi.com\/blog\/wp-content\/uploads\/2020\/01\/bergere-a-oreilles-1.jpg","type":"image\/jpeg"}],"twitter_card":"summary_large_image","twitter_misc":{"\u00c9crit par":"Bruno DUVAL","Dur\u00e9e de lecture estim\u00e9e":"2 minutes"},"schema":{"@context":"https:\/\/schema.org","@graph":[{"@type":"Organization","@id":"https:\/\/www.monsiegeamoi.com\/blog\/#organization","name":"mon si\u00e8ge \u00e0 moi","url":"https:\/\/www.monsiegeamoi.com\/blog\/","sameAs":["https:\/\/www.facebook.com\/msam.fr\/","https:\/\/www.instagram.com\/mon_siege_a_moi\/","https:\/\/www.linkedin.com\/company\/35628798\/admin\/","https:\/\/www.youtube.com\/channel\/UCdd1LuYl2T3uLrnreIEbx2g","https:\/\/www.pinterest.fr\/bduval0428\/"],"logo":{"@type":"ImageObject","@id":"https:\/\/www.monsiegeamoi.com\/blog\/#logo","inLanguage":"fr-FR","url":"https:\/\/www.monsiegeamoi.com\/blog\/wp-content\/uploads\/2020\/01\/logo-msam-carre-1.png","contentUrl":"https:\/\/www.monsiegeamoi.com\/blog\/wp-content\/uploads\/2020\/01\/logo-msam-carre-1.png","width":350,"height":350,"caption":"mon si\u00e8ge \u00e0 moi"},"image":{"@id":"https:\/\/www.monsiegeamoi.com\/blog\/#logo"}},{"@type":"WebSite","@id":"https:\/\/www.monsiegeamoi.com\/blog\/#website","url":"https:\/\/www.monsiegeamoi.com\/blog\/","name":"Fauteuils et innovations","description":"D\u00e9couvrez l&#039;histoire et l&#039;actualit\u00e9 des fauteuils sur mesure","publisher":{"@id":"https:\/\/www.monsiegeamoi.com\/blog\/#organization"},"potentialAction":[{"@type":"SearchAction","target":{"@type":"EntryPoint","urlTemplate":"https:\/\/www.monsiegeamoi.com\/blog\/?s={search_term_string}"},"query-input":"required name=search_term_string"}],"inLanguage":"fr-FR"},{"@type":"ImageObject","@id":"https:\/\/www.monsiegeamoi.com\/blog\/it\/2020\/01\/18\/poltrona-perche-hai-tu-di-grandi-orecchie\/#primaryimage","inLanguage":"fr-FR","url":"https:\/\/www.monsiegeamoi.com\/blog\/wp-content\/uploads\/2020\/01\/bergere-a-oreilles-1.jpg","contentUrl":"https:\/\/www.monsiegeamoi.com\/blog\/wp-content\/uploads\/2020\/01\/bergere-a-oreilles-1.jpg","width":1233,"height":1121,"caption":"Poltrona per anziani"},{"@type":"WebPage","@id":"https:\/\/www.monsiegeamoi.com\/blog\/it\/2020\/01\/18\/poltrona-perche-hai-tu-di-grandi-orecchie\/#webpage","url":"https:\/\/www.monsiegeamoi.com\/blog\/it\/2020\/01\/18\/poltrona-perche-hai-tu-di-grandi-orecchie\/","name":"Sedia, perch\u00e9 hai le orecchie grandi? - Blog des fauteuils sur mesure","isPartOf":{"@id":"https:\/\/www.monsiegeamoi.com\/blog\/#website"},"primaryImageOfPage":{"@id":"https:\/\/www.monsiegeamoi.com\/blog\/it\/2020\/01\/18\/poltrona-perche-hai-tu-di-grandi-orecchie\/#primaryimage"},"datePublished":"2020-01-18T15:04:27+00:00","dateModified":"2021-03-16T09:14:52+00:00","breadcrumb":{"@id":"https:\/\/www.monsiegeamoi.com\/blog\/it\/2020\/01\/18\/poltrona-perche-hai-tu-di-grandi-orecchie\/#breadcrumb"},"inLanguage":"fr-FR","potentialAction":[{"@type":"ReadAction","target":["https:\/\/www.monsiegeamoi.com\/blog\/it\/2020\/01\/18\/poltrona-perche-hai-tu-di-grandi-orecchie\/"]}]},{"@type":"BreadcrumbList","@id":"https:\/\/www.monsiegeamoi.com\/blog\/it\/2020\/01\/18\/poltrona-perche-hai-tu-di-grandi-orecchie\/#breadcrumb","itemListElement":[{"@type":"ListItem","position":1,"name":"Accueil","item":"https:\/\/www.monsiegeamoi.com\/blog\/"},{"@type":"ListItem","position":2,"name":"Sedia, perch\u00e9 hai le orecchie grandi?"}]},{"@type":"Article","@id":"https:\/\/www.monsiegeamoi.com\/blog\/it\/2020\/01\/18\/poltrona-perche-hai-tu-di-grandi-orecchie\/#article","isPartOf":{"@id":"https:\/\/www.monsiegeamoi.com\/blog\/it\/2020\/01\/18\/poltrona-perche-hai-tu-di-grandi-orecchie\/#webpage"},"author":{"@id":"https:\/\/www.monsiegeamoi.com\/blog\/#\/schema\/person\/6c2e4ef71c12dc348f70f48155da5c66"},"headline":"Sedia, perch\u00e9 hai le orecchie grandi?","datePublished":"2020-01-18T15:04:27+00:00","dateModified":"2021-03-16T09:14:52+00:00","mainEntityOfPage":{"@id":"https:\/\/www.monsiegeamoi.com\/blog\/it\/2020\/01\/18\/poltrona-perche-hai-tu-di-grandi-orecchie\/#webpage"},"wordCount":270,"commentCount":0,"publisher":{"@id":"https:\/\/www.monsiegeamoi.com\/blog\/#organization"},"image":{"@id":"https:\/\/www.monsiegeamoi.com\/blog\/it\/2020\/01\/18\/poltrona-perche-hai-tu-di-grandi-orecchie\/#primaryimage"},"thumbnailUrl":"https:\/\/www.monsiegeamoi.com\/blog\/wp-content\/uploads\/2020\/01\/bergere-a-oreilles-1.jpg","articleSection":["Ergonomia della sedia"],"inLanguage":"fr-FR","potentialAction":[{"@type":"CommentAction","name":"Comment","target":["https:\/\/www.monsiegeamoi.com\/blog\/it\/2020\/01\/18\/poltrona-perche-hai-tu-di-grandi-orecchie\/#respond"]}]},{"@type":"Person","@id":"https:\/\/www.monsiegeamoi.com\/blog\/#\/schema\/person\/6c2e4ef71c12dc348f70f48155da5c66","name":"Bruno DUVAL","image":{"@type":"ImageObject","@id":"https:\/\/www.monsiegeamoi.com\/blog\/#personlogo","inLanguage":"fr-FR","url":"https:\/\/secure.gravatar.com\/avatar\/d72ff8c522ba9b71838f031c69c2f326?s=96&d=mm&r=g","contentUrl":"https:\/\/secure.gravatar.com\/avatar\/d72ff8c522ba9b71838f031c69c2f326?s=96&d=mm&r=g","caption":"Bruno DUVAL"},"url":"https:\/\/www.monsiegeamoi.com\/blog\/author\/bruno-duval44gmail-com\/"}]}},"_links":{"self":[{"href":"https:\/\/www.monsiegeamoi.com\/blog\/wp-json\/wp\/v2\/posts\/254"}],"collection":[{"href":"https:\/\/www.monsiegeamoi.com\/blog\/wp-json\/wp\/v2\/posts"}],"about":[{"href":"https:\/\/www.monsiegeamoi.com\/blog\/wp-json\/wp\/v2\/types\/post"}],"author":[{"embeddable":true,"href":"https:\/\/www.monsiegeamoi.com\/blog\/wp-json\/wp\/v2\/users\/1"}],"replies":[{"embeddable":true,"href":"https:\/\/www.monsiegeamoi.com\/blog\/wp-json\/wp\/v2\/comments?post=254"}],"version-history":[{"count":2,"href":"https:\/\/www.monsiegeamoi.com\/blog\/wp-json\/wp\/v2\/posts\/254\/revisions"}],"predecessor-version":[{"id":547,"href":"https:\/\/www.monsiegeamoi.com\/blog\/wp-json\/wp\/v2\/posts\/254\/revisions\/547"}],"wp:featuredmedia":[{"embeddable":true,"href":"https:\/\/www.monsiegeamoi.com\/blog\/wp-json\/wp\/v2\/media\/548"}],"wp:attachment":[{"href":"https:\/\/www.monsiegeamoi.com\/blog\/wp-json\/wp\/v2\/media?parent=254"}],"wp:term":[{"taxonomy":"category","embeddable":true,"href":"https:\/\/www.monsiegeamoi.com\/blog\/wp-json\/wp\/v2\/categories?post=254"},{"taxonomy":"post_tag","embeddable":true,"href":"https:\/\/www.monsiegeamoi.com\/blog\/wp-json\/wp\/v2\/tags?post=254"}],"curies":[{"name":"wp","href":"https:\/\/api.w.org\/{rel}","templated":true}]}}