{"id":247,"date":"2020-02-06T15:04:27","date_gmt":"2020-02-06T15:04:27","guid":{"rendered":"http:\/\/www.monsiegeamoi.com\/blog\/?p=247"},"modified":"2021-03-16T09:07:45","modified_gmt":"2021-03-16T09:07:45","slug":"fauteuil-pourquoi-as-tu-de-grandes-oreilles","status":"publish","type":"post","link":"https:\/\/www.monsiegeamoi.com\/blog\/fr\/2020\/02\/06\/fauteuil-pourquoi-as-tu-de-grandes-oreilles\/","title":{"rendered":"Fauteuil, pourquoi as-tu de grandes oreilles ?"},"content":{"rendered":"\n<h2>Se prot\u00e9ger des courants d&rsquo;air<\/h2>\n\n\n\n<p>Les demeures au 17\u00e8me si\u00e8cle sont tr\u00e8s mal  isol\u00e9es et les courants d&rsquo;air circulent. <br>Devant la chemin\u00e9e on profite de la chaleur du feu en hiver mais une bise glaciale nous caresse le cou, nos muscles se raidissent et la torticolis nous guette. <br>Pour lutter contre ce mal il n&rsquo;est pas encore question de subventions de l&rsquo;\u00e9tat pour isoler sa maison \u00e0 1 euro. <br>C&rsquo;est au d\u00e9but de ce 17\u00e8me si\u00e8cle qu&rsquo;un \u00e9b\u00e9niste \u00e9clair\u00e9, dont l&rsquo;histoire a malheureusement oubli\u00e9 le nom,  aurait invent\u00e9 le fauteuil \u00e0 oreilles. Ce si\u00e8ge \u00e9quip\u00e9 de deux larges appendices prot\u00e8gent des courants  d\u2019air les oreilles et la gorge. <\/p>\n\n\n\n<figure class=\"wp-block-image size-medium\"><img decoding=\"async\" loading=\"lazy\" width=\"400\" height=\"541\" src=\"https:\/\/cdn.shortpixel.ai\/client\/q_glossy,ret_img,w_400\/https:\/\/www.monsiegeamoi.com\/blog\/wp-content\/uploads\/2020\/02\/bergere-oreilles-400x541.jpg\" alt=\"Berg\u00e8re \u00e0 oreille , un fauteuil pour prot\u00e9ger des courants d'air\" class=\"wp-image-248\" srcset=\"https:\/\/www.monsiegeamoi.com\/blog\/wp-content\/uploads\/2020\/02\/bergere-oreilles-400x541.jpg 400w, https:\/\/www.monsiegeamoi.com\/blog\/wp-content\/uploads\/2020\/02\/bergere-oreilles-222x300.jpg 222w, https:\/\/www.monsiegeamoi.com\/blog\/wp-content\/uploads\/2020\/02\/bergere-oreilles.jpg 443w\" sizes=\"(max-width: 400px) 100vw, 400px\" \/><figcaption>Berg\u00e8re \u00e0 oreille , un fauteuil cr\u00e9\u00e9 pour prot\u00e9ger le cou des courants d&rsquo;air<\/figcaption><\/figure>\n\n\n\n<h2>S&rsquo;endormir <\/h2>\n\n\n\n<p>Les premi\u00e8res versions des  oreilles sont en bois. <br>Enfin assis confortablement devant la chemin\u00e9e on s&rsquo;endort dans sa berg\u00e8re mais la t\u00eate vient heurter l&rsquo;oreille en bois d&rsquo;arbre dur et le r\u00e9veil ets brutal. Le tapissier vient alors au secours de l&rsquo;\u00e9b\u00e9niste pour rajouter un rembourrage sur les oreilles. Le fauteuil \u00e0 oreille tel qu&rsquo;on le connait aujourd&rsquo;hui est invent\u00e9. On l&rsquo;appelle berg\u00e8re \u00e0 oreille en France.<\/p>\n\n\n\n<h2>Le fauteuil taille unique versus le sur-mesure <\/h2>\n\n\n\n<p>Fin 19 \u00e8me, d\u00e9but 20 \u00e8me avec l&rsquo;industrialisation on produit des s\u00e9ries de fauteuils \u00e0 oreille. Les prix chutent mais le confort se d\u00e9grade. Alors que l&rsquo;\u00e9b\u00e9niste d&rsquo;autrefois faisait indiff\u00e9remment des fauteuils sur mesure, l&rsquo;industriel produit un fauteuil  taille unique o\u00f9 quelque soit sa taille on  doit trouver son bonheur. <br>Il faudra attendre le 21 \u00e8me pour retrouver la possibilit\u00e9 d&rsquo;acqu\u00e9rir \u00e0 des prix raisonnables de <a href=\"https:\/\/www.monsiegeamoi.com\/fr\/14-fauteuil-a-oreilles\">fauteuils \u00e0 oreilles sur mesure<\/a>, pour les petits et pour les grands de ce monde.<\/p>\n\n\n\n<figure class=\"wp-block-image size-large\"><img decoding=\"async\" loading=\"lazy\" width=\"1024\" height=\"1024\" src=\"https:\/\/www.monsiegeamoi.com\/blog\/wp-content\/uploads\/2020\/02\/fauteuil-senior-bergere-oreille-1024x1024.jpg\" alt=\"Fauteuil pour senior avec dossier haut, appui-t\u00eate et \u00e9tag\u00e8re lat\u00e9rale\" class=\"wp-image-532\" srcset=\"https:\/\/www.monsiegeamoi.com\/blog\/wp-content\/uploads\/2020\/02\/fauteuil-senior-bergere-oreille-1024x1024.jpg 1024w, https:\/\/www.monsiegeamoi.com\/blog\/wp-content\/uploads\/2020\/02\/fauteuil-senior-bergere-oreille-300x300.jpg 300w, https:\/\/www.monsiegeamoi.com\/blog\/wp-content\/uploads\/2020\/02\/fauteuil-senior-bergere-oreille-150x150.jpg 150w, https:\/\/www.monsiegeamoi.com\/blog\/wp-content\/uploads\/2020\/02\/fauteuil-senior-bergere-oreille-768x768.jpg 768w, https:\/\/www.monsiegeamoi.com\/blog\/wp-content\/uploads\/2020\/02\/fauteuil-senior-bergere-oreille-900x900.jpg 900w, https:\/\/www.monsiegeamoi.com\/blog\/wp-content\/uploads\/2020\/02\/fauteuil-senior-bergere-oreille-400x400.jpg 400w, https:\/\/www.monsiegeamoi.com\/blog\/wp-content\/uploads\/2020\/02\/fauteuil-senior-bergere-oreille.jpg 1500w\" sizes=\"(max-width: 1024px) 100vw, 1024px\" \/><figcaption>Fauteuil pour senior avec dossier haut, appui-t\u00eate et \u00e9tag\u00e8re lat\u00e9rale<\/figcaption><\/figure>\n","protected":false},"excerpt":{"rendered":"<p>A l&rsquo;origine les oreilles prot\u00e9geaient le cou des courants d&rsquo;air.<\/p>\n","protected":false},"author":1,"featured_media":537,"comment_status":"open","ping_status":"open","sticky":false,"template":"","format":"standard","meta":[],"categories":[2],"tags":[],"yoast_head":"<!-- This site is optimized with the Yoast SEO plugin v18.0 - https:\/\/yoast.com\/wordpress\/plugins\/seo\/ -->\n<title>Fauteuil, pourquoi as-tu de grandes oreilles ? - Blog des fauteuils sur mesure<\/title>\n<meta name=\"robots\" content=\"index, follow, max-snippet:-1, max-image-preview:large, max-video-preview:-1\" \/>\n<link rel=\"canonical\" href=\"https:\/\/www.monsiegeamoi.com\/blog\/fr\/2020\/02\/06\/fauteuil-pourquoi-as-tu-de-grandes-oreilles\/\" \/>\n<meta property=\"og:locale\" content=\"fr_FR\" \/>\n<meta property=\"og:type\" content=\"article\" \/>\n<meta property=\"og:title\" content=\"Fauteuil, pourquoi as-tu de grandes oreilles ? - Blog des fauteuils sur mesure\" \/>\n<meta property=\"og:description\" content=\"A l&#039;origine les oreilles prot\u00e9geaient le cou des courants d&#039;air.\" \/>\n<meta property=\"og:url\" content=\"https:\/\/www.monsiegeamoi.com\/blog\/fr\/2020\/02\/06\/fauteuil-pourquoi-as-tu-de-grandes-oreilles\/\" \/>\n<meta property=\"og:site_name\" content=\"Blog des fauteuils sur mesure\" \/>\n<meta property=\"article:publisher\" content=\"https:\/\/www.facebook.com\/msam.fr\/\" \/>\n<meta property=\"article:published_time\" content=\"2020-02-06T15:04:27+00:00\" \/>\n<meta property=\"article:modified_time\" content=\"2021-03-16T09:07:45+00:00\" \/>\n<meta property=\"og:image\" content=\"https:\/\/www.monsiegeamoi.com\/blog\/wp-content\/uploads\/2021\/03\/bergere-a-oreilles.jpg\" \/>\n\t<meta property=\"og:image:width\" content=\"1233\" \/>\n\t<meta property=\"og:image:height\" content=\"1121\" \/>\n\t<meta property=\"og:image:type\" content=\"image\/jpeg\" \/>\n<meta name=\"twitter:card\" content=\"summary_large_image\" \/>\n<meta name=\"twitter:label1\" content=\"\u00c9crit par\" \/>\n\t<meta name=\"twitter:data1\" content=\"Bruno DUVAL\" \/>\n\t<meta name=\"twitter:label2\" content=\"Dur\u00e9e de lecture estim\u00e9e\" \/>\n\t<meta name=\"twitter:data2\" content=\"2 minutes\" \/>\n<script type=\"application\/ld+json\" class=\"yoast-schema-graph\">{\"@context\":\"https:\/\/schema.org\",\"@graph\":[{\"@type\":\"Organization\",\"@id\":\"https:\/\/www.monsiegeamoi.com\/blog\/#organization\",\"name\":\"mon si\u00e8ge \u00e0 moi\",\"url\":\"https:\/\/www.monsiegeamoi.com\/blog\/\",\"sameAs\":[\"https:\/\/www.facebook.com\/msam.fr\/\",\"https:\/\/www.instagram.com\/mon_siege_a_moi\/\",\"https:\/\/www.linkedin.com\/company\/35628798\/admin\/\",\"https:\/\/www.youtube.com\/channel\/UCdd1LuYl2T3uLrnreIEbx2g\",\"https:\/\/www.pinterest.fr\/bduval0428\/\"],\"logo\":{\"@type\":\"ImageObject\",\"@id\":\"https:\/\/www.monsiegeamoi.com\/blog\/#logo\",\"inLanguage\":\"fr-FR\",\"url\":\"https:\/\/www.monsiegeamoi.com\/blog\/wp-content\/uploads\/2020\/01\/logo-msam-carre-1.png\",\"contentUrl\":\"https:\/\/www.monsiegeamoi.com\/blog\/wp-content\/uploads\/2020\/01\/logo-msam-carre-1.png\",\"width\":350,\"height\":350,\"caption\":\"mon si\u00e8ge \u00e0 moi\"},\"image\":{\"@id\":\"https:\/\/www.monsiegeamoi.com\/blog\/#logo\"}},{\"@type\":\"WebSite\",\"@id\":\"https:\/\/www.monsiegeamoi.com\/blog\/#website\",\"url\":\"https:\/\/www.monsiegeamoi.com\/blog\/\",\"name\":\"Fauteuils et innovations\",\"description\":\"D\u00e9couvrez l&#039;histoire et l&#039;actualit\u00e9 des fauteuils sur mesure\",\"publisher\":{\"@id\":\"https:\/\/www.monsiegeamoi.com\/blog\/#organization\"},\"potentialAction\":[{\"@type\":\"SearchAction\",\"target\":{\"@type\":\"EntryPoint\",\"urlTemplate\":\"https:\/\/www.monsiegeamoi.com\/blog\/?s={search_term_string}\"},\"query-input\":\"required name=search_term_string\"}],\"inLanguage\":\"fr-FR\"},{\"@type\":\"ImageObject\",\"@id\":\"https:\/\/www.monsiegeamoi.com\/blog\/fr\/2020\/02\/06\/fauteuil-pourquoi-as-tu-de-grandes-oreilles\/#primaryimage\",\"inLanguage\":\"fr-FR\",\"url\":\"https:\/\/www.monsiegeamoi.com\/blog\/wp-content\/uploads\/2021\/03\/bergere-a-oreilles.jpg\",\"contentUrl\":\"https:\/\/www.monsiegeamoi.com\/blog\/wp-content\/uploads\/2021\/03\/bergere-a-oreilles.jpg\",\"width\":1233,\"height\":1121,\"caption\":\"Berg\u00e8re \u00e0 oreille fabriqu\u00e9e sur mesure\"},{\"@type\":\"WebPage\",\"@id\":\"https:\/\/www.monsiegeamoi.com\/blog\/fr\/2020\/02\/06\/fauteuil-pourquoi-as-tu-de-grandes-oreilles\/#webpage\",\"url\":\"https:\/\/www.monsiegeamoi.com\/blog\/fr\/2020\/02\/06\/fauteuil-pourquoi-as-tu-de-grandes-oreilles\/\",\"name\":\"Fauteuil, pourquoi as-tu de grandes oreilles ? - Blog des fauteuils sur mesure\",\"isPartOf\":{\"@id\":\"https:\/\/www.monsiegeamoi.com\/blog\/#website\"},\"primaryImageOfPage\":{\"@id\":\"https:\/\/www.monsiegeamoi.com\/blog\/fr\/2020\/02\/06\/fauteuil-pourquoi-as-tu-de-grandes-oreilles\/#primaryimage\"},\"datePublished\":\"2020-02-06T15:04:27+00:00\",\"dateModified\":\"2021-03-16T09:07:45+00:00\",\"breadcrumb\":{\"@id\":\"https:\/\/www.monsiegeamoi.com\/blog\/fr\/2020\/02\/06\/fauteuil-pourquoi-as-tu-de-grandes-oreilles\/#breadcrumb\"},\"inLanguage\":\"fr-FR\",\"potentialAction\":[{\"@type\":\"ReadAction\",\"target\":[\"https:\/\/www.monsiegeamoi.com\/blog\/fr\/2020\/02\/06\/fauteuil-pourquoi-as-tu-de-grandes-oreilles\/\"]}]},{\"@type\":\"BreadcrumbList\",\"@id\":\"https:\/\/www.monsiegeamoi.com\/blog\/fr\/2020\/02\/06\/fauteuil-pourquoi-as-tu-de-grandes-oreilles\/#breadcrumb\",\"itemListElement\":[{\"@type\":\"ListItem\",\"position\":1,\"name\":\"Accueil\",\"item\":\"https:\/\/www.monsiegeamoi.com\/blog\/\"},{\"@type\":\"ListItem\",\"position\":2,\"name\":\"Fauteuil, pourquoi as-tu de grandes oreilles ?\"}]},{\"@type\":\"Article\",\"@id\":\"https:\/\/www.monsiegeamoi.com\/blog\/fr\/2020\/02\/06\/fauteuil-pourquoi-as-tu-de-grandes-oreilles\/#article\",\"isPartOf\":{\"@id\":\"https:\/\/www.monsiegeamoi.com\/blog\/fr\/2020\/02\/06\/fauteuil-pourquoi-as-tu-de-grandes-oreilles\/#webpage\"},\"author\":{\"@id\":\"https:\/\/www.monsiegeamoi.com\/blog\/#\/schema\/person\/6c2e4ef71c12dc348f70f48155da5c66\"},\"headline\":\"Fauteuil, pourquoi as-tu de grandes oreilles ?\",\"datePublished\":\"2020-02-06T15:04:27+00:00\",\"dateModified\":\"2021-03-16T09:07:45+00:00\",\"mainEntityOfPage\":{\"@id\":\"https:\/\/www.monsiegeamoi.com\/blog\/fr\/2020\/02\/06\/fauteuil-pourquoi-as-tu-de-grandes-oreilles\/#webpage\"},\"wordCount\":313,\"commentCount\":0,\"publisher\":{\"@id\":\"https:\/\/www.monsiegeamoi.com\/blog\/#organization\"},\"image\":{\"@id\":\"https:\/\/www.monsiegeamoi.com\/blog\/fr\/2020\/02\/06\/fauteuil-pourquoi-as-tu-de-grandes-oreilles\/#primaryimage\"},\"thumbnailUrl\":\"https:\/\/www.monsiegeamoi.com\/blog\/wp-content\/uploads\/2021\/03\/bergere-a-oreilles.jpg\",\"articleSection\":[\"Le confort des fauteuils\"],\"inLanguage\":\"fr-FR\",\"potentialAction\":[{\"@type\":\"CommentAction\",\"name\":\"Comment\",\"target\":[\"https:\/\/www.monsiegeamoi.com\/blog\/fr\/2020\/02\/06\/fauteuil-pourquoi-as-tu-de-grandes-oreilles\/#respond\"]}]},{\"@type\":\"Person\",\"@id\":\"https:\/\/www.monsiegeamoi.com\/blog\/#\/schema\/person\/6c2e4ef71c12dc348f70f48155da5c66\",\"name\":\"Bruno DUVAL\",\"image\":{\"@type\":\"ImageObject\",\"@id\":\"https:\/\/www.monsiegeamoi.com\/blog\/#personlogo\",\"inLanguage\":\"fr-FR\",\"url\":\"https:\/\/secure.gravatar.com\/avatar\/d72ff8c522ba9b71838f031c69c2f326?s=96&d=mm&r=g\",\"contentUrl\":\"https:\/\/secure.gravatar.com\/avatar\/d72ff8c522ba9b71838f031c69c2f326?s=96&d=mm&r=g\",\"caption\":\"Bruno DUVAL\"},\"url\":\"https:\/\/www.monsiegeamoi.com\/blog\/author\/bruno-duval44gmail-com\/\"}]}<\/script>\n<!-- \/ Yoast SEO plugin. -->","yoast_head_json":{"title":"Fauteuil, pourquoi as-tu de grandes oreilles ? - Blog des fauteuils sur mesure","robots":{"index":"index","follow":"follow","max-snippet":"max-snippet:-1","max-image-preview":"max-image-preview:large","max-video-preview":"max-video-preview:-1"},"canonical":"https:\/\/www.monsiegeamoi.com\/blog\/fr\/2020\/02\/06\/fauteuil-pourquoi-as-tu-de-grandes-oreilles\/","og_locale":"fr_FR","og_type":"article","og_title":"Fauteuil, pourquoi as-tu de grandes oreilles ? - Blog des fauteuils sur mesure","og_description":"A l'origine les oreilles prot\u00e9geaient le cou des courants d'air.","og_url":"https:\/\/www.monsiegeamoi.com\/blog\/fr\/2020\/02\/06\/fauteuil-pourquoi-as-tu-de-grandes-oreilles\/","og_site_name":"Blog des fauteuils sur mesure","article_publisher":"https:\/\/www.facebook.com\/msam.fr\/","article_published_time":"2020-02-06T15:04:27+00:00","article_modified_time":"2021-03-16T09:07:45+00:00","og_image":[{"width":1233,"height":1121,"url":"https:\/\/www.monsiegeamoi.com\/blog\/wp-content\/uploads\/2021\/03\/bergere-a-oreilles.jpg","type":"image\/jpeg"}],"twitter_card":"summary_large_image","twitter_misc":{"\u00c9crit par":"Bruno DUVAL","Dur\u00e9e de lecture estim\u00e9e":"2 minutes"},"schema":{"@context":"https:\/\/schema.org","@graph":[{"@type":"Organization","@id":"https:\/\/www.monsiegeamoi.com\/blog\/#organization","name":"mon si\u00e8ge \u00e0 moi","url":"https:\/\/www.monsiegeamoi.com\/blog\/","sameAs":["https:\/\/www.facebook.com\/msam.fr\/","https:\/\/www.instagram.com\/mon_siege_a_moi\/","https:\/\/www.linkedin.com\/company\/35628798\/admin\/","https:\/\/www.youtube.com\/channel\/UCdd1LuYl2T3uLrnreIEbx2g","https:\/\/www.pinterest.fr\/bduval0428\/"],"logo":{"@type":"ImageObject","@id":"https:\/\/www.monsiegeamoi.com\/blog\/#logo","inLanguage":"fr-FR","url":"https:\/\/www.monsiegeamoi.com\/blog\/wp-content\/uploads\/2020\/01\/logo-msam-carre-1.png","contentUrl":"https:\/\/www.monsiegeamoi.com\/blog\/wp-content\/uploads\/2020\/01\/logo-msam-carre-1.png","width":350,"height":350,"caption":"mon si\u00e8ge \u00e0 moi"},"image":{"@id":"https:\/\/www.monsiegeamoi.com\/blog\/#logo"}},{"@type":"WebSite","@id":"https:\/\/www.monsiegeamoi.com\/blog\/#website","url":"https:\/\/www.monsiegeamoi.com\/blog\/","name":"Fauteuils et innovations","description":"D\u00e9couvrez l&#039;histoire et l&#039;actualit\u00e9 des fauteuils sur mesure","publisher":{"@id":"https:\/\/www.monsiegeamoi.com\/blog\/#organization"},"potentialAction":[{"@type":"SearchAction","target":{"@type":"EntryPoint","urlTemplate":"https:\/\/www.monsiegeamoi.com\/blog\/?s={search_term_string}"},"query-input":"required name=search_term_string"}],"inLanguage":"fr-FR"},{"@type":"ImageObject","@id":"https:\/\/www.monsiegeamoi.com\/blog\/fr\/2020\/02\/06\/fauteuil-pourquoi-as-tu-de-grandes-oreilles\/#primaryimage","inLanguage":"fr-FR","url":"https:\/\/www.monsiegeamoi.com\/blog\/wp-content\/uploads\/2021\/03\/bergere-a-oreilles.jpg","contentUrl":"https:\/\/www.monsiegeamoi.com\/blog\/wp-content\/uploads\/2021\/03\/bergere-a-oreilles.jpg","width":1233,"height":1121,"caption":"Berg\u00e8re \u00e0 oreille fabriqu\u00e9e sur mesure"},{"@type":"WebPage","@id":"https:\/\/www.monsiegeamoi.com\/blog\/fr\/2020\/02\/06\/fauteuil-pourquoi-as-tu-de-grandes-oreilles\/#webpage","url":"https:\/\/www.monsiegeamoi.com\/blog\/fr\/2020\/02\/06\/fauteuil-pourquoi-as-tu-de-grandes-oreilles\/","name":"Fauteuil, pourquoi as-tu de grandes oreilles ? - Blog des fauteuils sur mesure","isPartOf":{"@id":"https:\/\/www.monsiegeamoi.com\/blog\/#website"},"primaryImageOfPage":{"@id":"https:\/\/www.monsiegeamoi.com\/blog\/fr\/2020\/02\/06\/fauteuil-pourquoi-as-tu-de-grandes-oreilles\/#primaryimage"},"datePublished":"2020-02-06T15:04:27+00:00","dateModified":"2021-03-16T09:07:45+00:00","breadcrumb":{"@id":"https:\/\/www.monsiegeamoi.com\/blog\/fr\/2020\/02\/06\/fauteuil-pourquoi-as-tu-de-grandes-oreilles\/#breadcrumb"},"inLanguage":"fr-FR","potentialAction":[{"@type":"ReadAction","target":["https:\/\/www.monsiegeamoi.com\/blog\/fr\/2020\/02\/06\/fauteuil-pourquoi-as-tu-de-grandes-oreilles\/"]}]},{"@type":"BreadcrumbList","@id":"https:\/\/www.monsiegeamoi.com\/blog\/fr\/2020\/02\/06\/fauteuil-pourquoi-as-tu-de-grandes-oreilles\/#breadcrumb","itemListElement":[{"@type":"ListItem","position":1,"name":"Accueil","item":"https:\/\/www.monsiegeamoi.com\/blog\/"},{"@type":"ListItem","position":2,"name":"Fauteuil, pourquoi as-tu de grandes oreilles ?"}]},{"@type":"Article","@id":"https:\/\/www.monsiegeamoi.com\/blog\/fr\/2020\/02\/06\/fauteuil-pourquoi-as-tu-de-grandes-oreilles\/#article","isPartOf":{"@id":"https:\/\/www.monsiegeamoi.com\/blog\/fr\/2020\/02\/06\/fauteuil-pourquoi-as-tu-de-grandes-oreilles\/#webpage"},"author":{"@id":"https:\/\/www.monsiegeamoi.com\/blog\/#\/schema\/person\/6c2e4ef71c12dc348f70f48155da5c66"},"headline":"Fauteuil, pourquoi as-tu de grandes oreilles ?","datePublished":"2020-02-06T15:04:27+00:00","dateModified":"2021-03-16T09:07:45+00:00","mainEntityOfPage":{"@id":"https:\/\/www.monsiegeamoi.com\/blog\/fr\/2020\/02\/06\/fauteuil-pourquoi-as-tu-de-grandes-oreilles\/#webpage"},"wordCount":313,"commentCount":0,"publisher":{"@id":"https:\/\/www.monsiegeamoi.com\/blog\/#organization"},"image":{"@id":"https:\/\/www.monsiegeamoi.com\/blog\/fr\/2020\/02\/06\/fauteuil-pourquoi-as-tu-de-grandes-oreilles\/#primaryimage"},"thumbnailUrl":"https:\/\/www.monsiegeamoi.com\/blog\/wp-content\/uploads\/2021\/03\/bergere-a-oreilles.jpg","articleSection":["Le confort des fauteuils"],"inLanguage":"fr-FR","potentialAction":[{"@type":"CommentAction","name":"Comment","target":["https:\/\/www.monsiegeamoi.com\/blog\/fr\/2020\/02\/06\/fauteuil-pourquoi-as-tu-de-grandes-oreilles\/#respond"]}]},{"@type":"Person","@id":"https:\/\/www.monsiegeamoi.com\/blog\/#\/schema\/person\/6c2e4ef71c12dc348f70f48155da5c66","name":"Bruno DUVAL","image":{"@type":"ImageObject","@id":"https:\/\/www.monsiegeamoi.com\/blog\/#personlogo","inLanguage":"fr-FR","url":"https:\/\/secure.gravatar.com\/avatar\/d72ff8c522ba9b71838f031c69c2f326?s=96&d=mm&r=g","contentUrl":"https:\/\/secure.gravatar.com\/avatar\/d72ff8c522ba9b71838f031c69c2f326?s=96&d=mm&r=g","caption":"Bruno DUVAL"},"url":"https:\/\/www.monsiegeamoi.com\/blog\/author\/bruno-duval44gmail-com\/"}]}},"_links":{"self":[{"href":"https:\/\/www.monsiegeamoi.com\/blog\/wp-json\/wp\/v2\/posts\/247"}],"collection":[{"href":"https:\/\/www.monsiegeamoi.com\/blog\/wp-json\/wp\/v2\/posts"}],"about":[{"href":"https:\/\/www.monsiegeamoi.com\/blog\/wp-json\/wp\/v2\/types\/post"}],"author":[{"embeddable":true,"href":"https:\/\/www.monsiegeamoi.com\/blog\/wp-json\/wp\/v2\/users\/1"}],"replies":[{"embeddable":true,"href":"https:\/\/www.monsiegeamoi.com\/blog\/wp-json\/wp\/v2\/comments?post=247"}],"version-history":[{"count":6,"href":"https:\/\/www.monsiegeamoi.com\/blog\/wp-json\/wp\/v2\/posts\/247\/revisions"}],"predecessor-version":[{"id":541,"href":"https:\/\/www.monsiegeamoi.com\/blog\/wp-json\/wp\/v2\/posts\/247\/revisions\/541"}],"wp:featuredmedia":[{"embeddable":true,"href":"https:\/\/www.monsiegeamoi.com\/blog\/wp-json\/wp\/v2\/media\/537"}],"wp:attachment":[{"href":"https:\/\/www.monsiegeamoi.com\/blog\/wp-json\/wp\/v2\/media?parent=247"}],"wp:term":[{"taxonomy":"category","embeddable":true,"href":"https:\/\/www.monsiegeamoi.com\/blog\/wp-json\/wp\/v2\/categories?post=247"},{"taxonomy":"post_tag","embeddable":true,"href":"https:\/\/www.monsiegeamoi.com\/blog\/wp-json\/wp\/v2\/tags?post=247"}],"curies":[{"name":"wp","href":"https:\/\/api.w.org\/{rel}","templated":true}]}}