{"id":198,"date":"2020-01-24T11:18:52","date_gmt":"2020-01-24T11:18:52","guid":{"rendered":"http:\/\/www.monsiegeamoi.com\/blog\/?p=198"},"modified":"2021-04-07T09:19:17","modified_gmt":"2021-04-07T09:19:17","slug":"gli-angoli-ideali-per-una-sedia","status":"publish","type":"post","link":"https:\/\/www.monsiegeamoi.com\/blog\/it\/2020\/01\/24\/gli-angoli-ideali-per-una-sedia\/","title":{"rendered":"Gli angoli ideali per una sedia"},"content":{"rendered":"\n<p>Un posto a sedere \u00e8 definito nello spazio da <br> 1- la larghezza, l&rsquo;altezza, la profondit\u00e0 e l&rsquo;inclinazione del sedile<br> 2- l&rsquo;altezza e l&rsquo;inclinazione dello schienale <br>  In questo articolo ci concentreremo sulle inclinazioni dello schienale e del sedile. <\/p>\n\n\n\n<h2>Qual \u00e8 lo scopo della sedia reclinabile ?<\/h2>\n\n\n\n<p>Quando ci si siede su una superficie orizzontale e lo schienale \u00e8 verticale, il peso della parte superiore del corpo \u00e8 sulla zona ischiatica. Le ischia sono due sporgenze ossee del bacino che ci aiutano a mantenere l&rsquo;equilibrio. Se il peso sostenuto dagli ischium \u00e8 troppo grande, la circolazione sanguigna non viene pi\u00f9 eseguita correttamente e porta ad una diminuzione dell&rsquo;apporto di ossigeno, responsabile della degradazione dei tessuti. Per evitare l&rsquo;asfissia, un segnale di dolore invita il nostro corpo a sollevarsi per ripristinare la circolazione. Entriamo quindi nell&rsquo;area del disagio.<br> Nell&rsquo;immagine sottostante, presa in prestito dalla societ\u00e0 Mescan, le zone rosse indicano le aree a rischio. Le due zone ischiatiche sono chiaramente visibili.<\/p>\n\n\n\n<figure class=\"wp-block-image\"><img decoding=\"async\" loading=\"lazy\" width=\"478\" height=\"250\" src=\"https:\/\/cdn.shortpixel.ai\/client\/to_webp,q_glossy,ret_img,w_320,h_320\/https:\/\/www.monsiegeamoi.com\/blog\/wp-content\/uploads\/2020\/01\/pression-fauteuil.jpg\" alt=\"Le due zone ischiatiche sono chiaramente visibili.\" class=\"wp-image-91\" srcset=\"https:\/\/www.monsiegeamoi.com\/blog\/wp-content\/uploads\/2020\/01\/pression-fauteuil.jpg 478w, https:\/\/www.monsiegeamoi.com\/blog\/wp-content\/uploads\/2020\/01\/pression-fauteuil-300x157.jpg 300w, https:\/\/www.monsiegeamoi.com\/blog\/wp-content\/uploads\/2020\/01\/pression-fauteuil-400x209.jpg 400w\" sizes=\"(max-width: 478px) 100vw, 478px\" \/><\/figure>\n\n\n\n<p> <\/p>\n\n\n\n<p>Se reclino lo schienale senza inclinare il sedile, una parte del peso della parte superiore del corpo \u00e8 sostenuta dallo schienale. Questo riduce il carico sui perni e ritarda l&rsquo;inizio del segnale di dolore. <br> Ma cos\u00ec facendo creo una forza orizzontale nel sedile che mi spinge in avanti. Se il mio sedile \u00e8 liscio, scivolo e cado dalla sedia. Ma il mio sedile non \u00e8 liscio e mi trattiene. Questo provoca un fenomeno di tosatura che rallenta la circolazione sanguigna e ci riporta in un&rsquo;area di disagio.<\/p>\n\n\n\n<p>\u00c8 quindi essenziale evitare di scivolare in avanti quando si reclina il sedile mentre si reclina lo schienale. <\/p>\n\n\n\n<p>Se la nostra massa fosse distribuita uniformemente dalla testa ai piedi, la posizione migliore per ridurre la pressione sarebbe la posizione reclinata che usiamo di solito per dormire. <br> Ma questa posizione sdraiata non \u00e8 pratica per leggere, mangiare, guardare la TV o guidare. Quindi dobbiamo trovare dei compromessi a seconda delle attivit\u00e0 che svolgiamo sulla sedia. <\/p>\n\n\n\n<figure class=\"wp-block-image\"><img decoding=\"async\" src=\"https:\/\/cdn.shortpixel.ai\/client\/to_webp,q_glossy,ret_img,w_400\/https:\/\/www.monsiegeamoi.com\/blog\/wp-content\/uploads\/2020\/02\/confort_assise_trop_petite_cisaillement-400x400.jpg\" alt=\"\u00c8 quindi essenziale evitare di scivolare in avanti quando si reclina il sedile mentre si reclina lo schienale. \" class=\"wp-image-92\"\/><\/figure>\n\n\n\n<h2> Sei inclinazioni per una sedia&nbsp; <\/h2>\n\n\n\n<p>Lo studio delle proporzioni del corpo umano \u00e8 un soggetto antico, la cui illustrazione pi\u00f9 famosa \u00e8 l&rsquo;Uomo Vitruviano realizzato intorno al 1490.<br> Alla fine del XIX secolo il chirurgo Fowler studi\u00f2 le posizioni sedute e semisedute a letto e i loro effetti sui suoi pazienti. <br>  Nel XX secolo i designer cercavano di modellare il corpo in posizione seduta. Basato sul lavoro di Ohara nel 1969, il <a href=\"https:\/\/www.isiadesign.fi.it\/index.php?form_id_pagine=1223\">designer olandese Andries van Onck<\/a> propone in un corso tenutosi nel 2009 in Italia sei tipi di posizione seduta.<br> <\/p>\n\n\n\n<figure class=\"wp-block-image\"><img decoding=\"async\" src=\"https:\/\/cdn.shortpixel.ai\/client\/to_webp,q_glossy,ret_img,w_320,h_320\/https:\/\/www.monsiegeamoi.com\/blog\/wp-content\/uploads\/2020\/01\/inclinaison-assise-6-fonctions.jpg\" alt=\"Sei inclinazioni per una sedia\" class=\"wp-image-93\"\/><\/figure>\n\n\n\n<p> <\/p>\n\n\n\n<p>Nel primo tipo il sedile \u00e8 quasi orizzontale (3\u00b0). Questa posizione \u00e8 pratica per mangiare, lavorare alla scrivania o per alzarsi facilmente. <br>  All&rsquo;altra estremit\u00e0 dello spettro si trova la sesta posizione con un sedile molto inclinato (22\u00b0). La pressione \u00e8 ben distribuita tra sedile e schienale e la circolazione sanguigna \u00e8 il pi\u00f9 libera possibile. Questa sensazione \u00e8 confermata da studi clinici che utilizzano sensori di pressione sui cosiddetti materassi per la prevenzione del dolore da pressione. Questa posizione permette il recupero permettendo al sangue di circolare liberamente senza mettere troppo a dura prova il cuore.  La seconda posizione \u00e8 adatta per i sedili delle auto. Permette al conducente di tenere gli occhi sulla strada offrendo un livello di comfort accettabile. <br>  Le posizioni 3, 4 e 5 sono utilizzate per le sedie a riposo a seconda dell&rsquo;attivit\u00e0. <\/p>\n\n\n\n<h2>Poltrona su misura<\/h2>\n\n\n\n<p> <\/p>\n\n\n\n<p>Mon Si\u00e8ge \u00e0 Moi realizza <a href=\"https:\/\/www.monsiegeamoi.com\/en\/\">poltrone su misura<\/a> a partire dalle vostre dimensioni. Le inclinazioni della seduta sono predefinite in base al tipo di sedia. Ma \u00e8 anche possibile specificare diverse inclinazioni a seconda dell&rsquo;uso della sedia. <br> In questo modo \u00e8 possibile ottimizzare il comfort e l&rsquo;ergonomia della vostra sedia o poltrona.  <\/p>\n\n\n\n<figure class=\"wp-block-image\"><img decoding=\"async\" loading=\"lazy\" width=\"1024\" height=\"928\" src=\"https:\/\/cdn.shortpixel.ai\/client\/to_webp,q_glossy,ret_img,w_320,h_320\/https:\/\/www.monsiegeamoi.com\/blog\/wp-content\/uploads\/2020\/01\/repose-pied-avec-fauteuil-1024x928.jpg\" alt=\"Poltrona su misura\" class=\"wp-image-94\" srcset=\"https:\/\/www.monsiegeamoi.com\/blog\/wp-content\/uploads\/2020\/01\/repose-pied-avec-fauteuil-1024x928.jpg 1024w, https:\/\/www.monsiegeamoi.com\/blog\/wp-content\/uploads\/2020\/01\/repose-pied-avec-fauteuil-300x272.jpg 300w, https:\/\/www.monsiegeamoi.com\/blog\/wp-content\/uploads\/2020\/01\/repose-pied-avec-fauteuil-768x696.jpg 768w, https:\/\/www.monsiegeamoi.com\/blog\/wp-content\/uploads\/2020\/01\/repose-pied-avec-fauteuil-900x816.jpg 900w, https:\/\/www.monsiegeamoi.com\/blog\/wp-content\/uploads\/2020\/01\/repose-pied-avec-fauteuil-400x363.jpg 400w, https:\/\/www.monsiegeamoi.com\/blog\/wp-content\/uploads\/2020\/01\/repose-pied-avec-fauteuil.jpg 1372w\" sizes=\"(max-width: 1024px) 100vw, 1024px\" \/><\/figure>\n","protected":false},"excerpt":{"rendered":"<p>Un posto a sedere \u00e8 definito nello spazio da 1- la larghezza, l&rsquo;altezza, la profondit\u00e0 e l&rsquo;inclinazione del sedile 2- l&rsquo;altezza e l&rsquo;inclinazione dello schienale In questo articolo ci concentreremo sulle inclinazioni dello schienale e del sedile. Qual \u00e8 lo scopo della sedia reclinabile ? Quando ci si siede su una superficie orizzontale e lo &hellip; <\/p>\n","protected":false},"author":1,"featured_media":93,"comment_status":"open","ping_status":"open","sticky":true,"template":"","format":"standard","meta":[],"categories":[64],"tags":[],"yoast_head":"<!-- This site is optimized with the Yoast SEO plugin v18.0 - https:\/\/yoast.com\/wordpress\/plugins\/seo\/ -->\n<title>Gli angoli ideali per una sedia - Blog des fauteuils sur mesure<\/title>\n<meta name=\"robots\" content=\"index, follow, max-snippet:-1, max-image-preview:large, max-video-preview:-1\" \/>\n<link rel=\"canonical\" href=\"https:\/\/www.monsiegeamoi.com\/blog\/it\/2020\/01\/24\/gli-angoli-ideali-per-una-sedia\/\" \/>\n<meta property=\"og:locale\" content=\"fr_FR\" \/>\n<meta property=\"og:type\" content=\"article\" \/>\n<meta property=\"og:title\" content=\"Gli angoli ideali per una sedia - Blog des fauteuils sur mesure\" \/>\n<meta property=\"og:description\" content=\"Un posto a sedere \u00e8 definito nello spazio da 1- la larghezza, l&rsquo;altezza, la profondit\u00e0 e l&rsquo;inclinazione del sedile 2- l&rsquo;altezza e l&rsquo;inclinazione dello schienale In questo articolo ci concentreremo sulle inclinazioni dello schienale e del sedile. Qual \u00e8 lo scopo della sedia reclinabile ? Quando ci si siede su una superficie orizzontale e lo &hellip;\" \/>\n<meta property=\"og:url\" content=\"https:\/\/www.monsiegeamoi.com\/blog\/it\/2020\/01\/24\/gli-angoli-ideali-per-una-sedia\/\" \/>\n<meta property=\"og:site_name\" content=\"Blog des fauteuils sur mesure\" \/>\n<meta property=\"article:publisher\" content=\"https:\/\/www.facebook.com\/msam.fr\/\" \/>\n<meta property=\"article:published_time\" content=\"2020-01-24T11:18:52+00:00\" \/>\n<meta property=\"article:modified_time\" content=\"2021-04-07T09:19:17+00:00\" \/>\n<meta property=\"og:image\" content=\"https:\/\/www.monsiegeamoi.com\/blog\/wp-content\/uploads\/2020\/01\/inclinaison-assise-6-fonctions-e1582703469145.jpg\" \/>\n\t<meta property=\"og:image:width\" content=\"350\" \/>\n\t<meta property=\"og:image:height\" content=\"365\" \/>\n\t<meta property=\"og:image:type\" content=\"image\/jpeg\" \/>\n<meta name=\"twitter:card\" content=\"summary_large_image\" \/>\n<meta name=\"twitter:label1\" content=\"\u00c9crit par\" \/>\n\t<meta name=\"twitter:data1\" content=\"Bruno DUVAL\" \/>\n\t<meta name=\"twitter:label2\" content=\"Dur\u00e9e de lecture estim\u00e9e\" \/>\n\t<meta name=\"twitter:data2\" content=\"4 minutes\" \/>\n<script type=\"application\/ld+json\" class=\"yoast-schema-graph\">{\"@context\":\"https:\/\/schema.org\",\"@graph\":[{\"@type\":\"Organization\",\"@id\":\"https:\/\/www.monsiegeamoi.com\/blog\/#organization\",\"name\":\"mon si\u00e8ge \u00e0 moi\",\"url\":\"https:\/\/www.monsiegeamoi.com\/blog\/\",\"sameAs\":[\"https:\/\/www.facebook.com\/msam.fr\/\",\"https:\/\/www.instagram.com\/mon_siege_a_moi\/\",\"https:\/\/www.linkedin.com\/company\/35628798\/admin\/\",\"https:\/\/www.youtube.com\/channel\/UCdd1LuYl2T3uLrnreIEbx2g\",\"https:\/\/www.pinterest.fr\/bduval0428\/\"],\"logo\":{\"@type\":\"ImageObject\",\"@id\":\"https:\/\/www.monsiegeamoi.com\/blog\/#logo\",\"inLanguage\":\"fr-FR\",\"url\":\"https:\/\/www.monsiegeamoi.com\/blog\/wp-content\/uploads\/2020\/01\/logo-msam-carre-1.png\",\"contentUrl\":\"https:\/\/www.monsiegeamoi.com\/blog\/wp-content\/uploads\/2020\/01\/logo-msam-carre-1.png\",\"width\":350,\"height\":350,\"caption\":\"mon si\u00e8ge \u00e0 moi\"},\"image\":{\"@id\":\"https:\/\/www.monsiegeamoi.com\/blog\/#logo\"}},{\"@type\":\"WebSite\",\"@id\":\"https:\/\/www.monsiegeamoi.com\/blog\/#website\",\"url\":\"https:\/\/www.monsiegeamoi.com\/blog\/\",\"name\":\"Fauteuils et innovations\",\"description\":\"D\u00e9couvrez l&#039;histoire et l&#039;actualit\u00e9 des fauteuils sur mesure\",\"publisher\":{\"@id\":\"https:\/\/www.monsiegeamoi.com\/blog\/#organization\"},\"potentialAction\":[{\"@type\":\"SearchAction\",\"target\":{\"@type\":\"EntryPoint\",\"urlTemplate\":\"https:\/\/www.monsiegeamoi.com\/blog\/?s={search_term_string}\"},\"query-input\":\"required name=search_term_string\"}],\"inLanguage\":\"fr-FR\"},{\"@type\":\"ImageObject\",\"@id\":\"https:\/\/www.monsiegeamoi.com\/blog\/it\/2020\/01\/24\/gli-angoli-ideali-per-una-sedia\/#primaryimage\",\"inLanguage\":\"fr-FR\",\"url\":\"https:\/\/www.monsiegeamoi.com\/blog\/wp-content\/uploads\/2020\/01\/inclinaison-assise-6-fonctions-e1582703469145.jpg\",\"contentUrl\":\"https:\/\/www.monsiegeamoi.com\/blog\/wp-content\/uploads\/2020\/01\/inclinaison-assise-6-fonctions-e1582703469145.jpg\",\"width\":350,\"height\":365},{\"@type\":\"WebPage\",\"@id\":\"https:\/\/www.monsiegeamoi.com\/blog\/it\/2020\/01\/24\/gli-angoli-ideali-per-una-sedia\/#webpage\",\"url\":\"https:\/\/www.monsiegeamoi.com\/blog\/it\/2020\/01\/24\/gli-angoli-ideali-per-una-sedia\/\",\"name\":\"Gli angoli ideali per una sedia - Blog des fauteuils sur mesure\",\"isPartOf\":{\"@id\":\"https:\/\/www.monsiegeamoi.com\/blog\/#website\"},\"primaryImageOfPage\":{\"@id\":\"https:\/\/www.monsiegeamoi.com\/blog\/it\/2020\/01\/24\/gli-angoli-ideali-per-una-sedia\/#primaryimage\"},\"datePublished\":\"2020-01-24T11:18:52+00:00\",\"dateModified\":\"2021-04-07T09:19:17+00:00\",\"breadcrumb\":{\"@id\":\"https:\/\/www.monsiegeamoi.com\/blog\/it\/2020\/01\/24\/gli-angoli-ideali-per-una-sedia\/#breadcrumb\"},\"inLanguage\":\"fr-FR\",\"potentialAction\":[{\"@type\":\"ReadAction\",\"target\":[\"https:\/\/www.monsiegeamoi.com\/blog\/it\/2020\/01\/24\/gli-angoli-ideali-per-una-sedia\/\"]}]},{\"@type\":\"BreadcrumbList\",\"@id\":\"https:\/\/www.monsiegeamoi.com\/blog\/it\/2020\/01\/24\/gli-angoli-ideali-per-una-sedia\/#breadcrumb\",\"itemListElement\":[{\"@type\":\"ListItem\",\"position\":1,\"name\":\"Accueil\",\"item\":\"https:\/\/www.monsiegeamoi.com\/blog\/\"},{\"@type\":\"ListItem\",\"position\":2,\"name\":\"Gli angoli ideali per una sedia\"}]},{\"@type\":\"Article\",\"@id\":\"https:\/\/www.monsiegeamoi.com\/blog\/it\/2020\/01\/24\/gli-angoli-ideali-per-una-sedia\/#article\",\"isPartOf\":{\"@id\":\"https:\/\/www.monsiegeamoi.com\/blog\/it\/2020\/01\/24\/gli-angoli-ideali-per-una-sedia\/#webpage\"},\"author\":{\"@id\":\"https:\/\/www.monsiegeamoi.com\/blog\/#\/schema\/person\/6c2e4ef71c12dc348f70f48155da5c66\"},\"headline\":\"Gli angoli ideali per una sedia\",\"datePublished\":\"2020-01-24T11:18:52+00:00\",\"dateModified\":\"2021-04-07T09:19:17+00:00\",\"mainEntityOfPage\":{\"@id\":\"https:\/\/www.monsiegeamoi.com\/blog\/it\/2020\/01\/24\/gli-angoli-ideali-per-una-sedia\/#webpage\"},\"wordCount\":580,\"commentCount\":0,\"publisher\":{\"@id\":\"https:\/\/www.monsiegeamoi.com\/blog\/#organization\"},\"image\":{\"@id\":\"https:\/\/www.monsiegeamoi.com\/blog\/it\/2020\/01\/24\/gli-angoli-ideali-per-una-sedia\/#primaryimage\"},\"thumbnailUrl\":\"https:\/\/www.monsiegeamoi.com\/blog\/wp-content\/uploads\/2020\/01\/inclinaison-assise-6-fonctions-e1582703469145.jpg\",\"articleSection\":[\"Comfort di seduta\"],\"inLanguage\":\"fr-FR\",\"potentialAction\":[{\"@type\":\"CommentAction\",\"name\":\"Comment\",\"target\":[\"https:\/\/www.monsiegeamoi.com\/blog\/it\/2020\/01\/24\/gli-angoli-ideali-per-una-sedia\/#respond\"]}]},{\"@type\":\"Person\",\"@id\":\"https:\/\/www.monsiegeamoi.com\/blog\/#\/schema\/person\/6c2e4ef71c12dc348f70f48155da5c66\",\"name\":\"Bruno DUVAL\",\"image\":{\"@type\":\"ImageObject\",\"@id\":\"https:\/\/www.monsiegeamoi.com\/blog\/#personlogo\",\"inLanguage\":\"fr-FR\",\"url\":\"https:\/\/secure.gravatar.com\/avatar\/d72ff8c522ba9b71838f031c69c2f326?s=96&d=mm&r=g\",\"contentUrl\":\"https:\/\/secure.gravatar.com\/avatar\/d72ff8c522ba9b71838f031c69c2f326?s=96&d=mm&r=g\",\"caption\":\"Bruno DUVAL\"},\"url\":\"https:\/\/www.monsiegeamoi.com\/blog\/author\/bruno-duval44gmail-com\/\"}]}<\/script>\n<!-- \/ Yoast SEO plugin. -->","yoast_head_json":{"title":"Gli angoli ideali per una sedia - Blog des fauteuils sur mesure","robots":{"index":"index","follow":"follow","max-snippet":"max-snippet:-1","max-image-preview":"max-image-preview:large","max-video-preview":"max-video-preview:-1"},"canonical":"https:\/\/www.monsiegeamoi.com\/blog\/it\/2020\/01\/24\/gli-angoli-ideali-per-una-sedia\/","og_locale":"fr_FR","og_type":"article","og_title":"Gli angoli ideali per una sedia - Blog des fauteuils sur mesure","og_description":"Un posto a sedere \u00e8 definito nello spazio da 1- la larghezza, l&rsquo;altezza, la profondit\u00e0 e l&rsquo;inclinazione del sedile 2- l&rsquo;altezza e l&rsquo;inclinazione dello schienale In questo articolo ci concentreremo sulle inclinazioni dello schienale e del sedile. Qual \u00e8 lo scopo della sedia reclinabile ? Quando ci si siede su una superficie orizzontale e lo &hellip;","og_url":"https:\/\/www.monsiegeamoi.com\/blog\/it\/2020\/01\/24\/gli-angoli-ideali-per-una-sedia\/","og_site_name":"Blog des fauteuils sur mesure","article_publisher":"https:\/\/www.facebook.com\/msam.fr\/","article_published_time":"2020-01-24T11:18:52+00:00","article_modified_time":"2021-04-07T09:19:17+00:00","og_image":[{"width":350,"height":365,"url":"https:\/\/www.monsiegeamoi.com\/blog\/wp-content\/uploads\/2020\/01\/inclinaison-assise-6-fonctions-e1582703469145.jpg","type":"image\/jpeg"}],"twitter_card":"summary_large_image","twitter_misc":{"\u00c9crit par":"Bruno DUVAL","Dur\u00e9e de lecture estim\u00e9e":"4 minutes"},"schema":{"@context":"https:\/\/schema.org","@graph":[{"@type":"Organization","@id":"https:\/\/www.monsiegeamoi.com\/blog\/#organization","name":"mon si\u00e8ge \u00e0 moi","url":"https:\/\/www.monsiegeamoi.com\/blog\/","sameAs":["https:\/\/www.facebook.com\/msam.fr\/","https:\/\/www.instagram.com\/mon_siege_a_moi\/","https:\/\/www.linkedin.com\/company\/35628798\/admin\/","https:\/\/www.youtube.com\/channel\/UCdd1LuYl2T3uLrnreIEbx2g","https:\/\/www.pinterest.fr\/bduval0428\/"],"logo":{"@type":"ImageObject","@id":"https:\/\/www.monsiegeamoi.com\/blog\/#logo","inLanguage":"fr-FR","url":"https:\/\/www.monsiegeamoi.com\/blog\/wp-content\/uploads\/2020\/01\/logo-msam-carre-1.png","contentUrl":"https:\/\/www.monsiegeamoi.com\/blog\/wp-content\/uploads\/2020\/01\/logo-msam-carre-1.png","width":350,"height":350,"caption":"mon si\u00e8ge \u00e0 moi"},"image":{"@id":"https:\/\/www.monsiegeamoi.com\/blog\/#logo"}},{"@type":"WebSite","@id":"https:\/\/www.monsiegeamoi.com\/blog\/#website","url":"https:\/\/www.monsiegeamoi.com\/blog\/","name":"Fauteuils et innovations","description":"D\u00e9couvrez l&#039;histoire et l&#039;actualit\u00e9 des fauteuils sur mesure","publisher":{"@id":"https:\/\/www.monsiegeamoi.com\/blog\/#organization"},"potentialAction":[{"@type":"SearchAction","target":{"@type":"EntryPoint","urlTemplate":"https:\/\/www.monsiegeamoi.com\/blog\/?s={search_term_string}"},"query-input":"required name=search_term_string"}],"inLanguage":"fr-FR"},{"@type":"ImageObject","@id":"https:\/\/www.monsiegeamoi.com\/blog\/it\/2020\/01\/24\/gli-angoli-ideali-per-una-sedia\/#primaryimage","inLanguage":"fr-FR","url":"https:\/\/www.monsiegeamoi.com\/blog\/wp-content\/uploads\/2020\/01\/inclinaison-assise-6-fonctions-e1582703469145.jpg","contentUrl":"https:\/\/www.monsiegeamoi.com\/blog\/wp-content\/uploads\/2020\/01\/inclinaison-assise-6-fonctions-e1582703469145.jpg","width":350,"height":365},{"@type":"WebPage","@id":"https:\/\/www.monsiegeamoi.com\/blog\/it\/2020\/01\/24\/gli-angoli-ideali-per-una-sedia\/#webpage","url":"https:\/\/www.monsiegeamoi.com\/blog\/it\/2020\/01\/24\/gli-angoli-ideali-per-una-sedia\/","name":"Gli angoli ideali per una sedia - Blog des fauteuils sur mesure","isPartOf":{"@id":"https:\/\/www.monsiegeamoi.com\/blog\/#website"},"primaryImageOfPage":{"@id":"https:\/\/www.monsiegeamoi.com\/blog\/it\/2020\/01\/24\/gli-angoli-ideali-per-una-sedia\/#primaryimage"},"datePublished":"2020-01-24T11:18:52+00:00","dateModified":"2021-04-07T09:19:17+00:00","breadcrumb":{"@id":"https:\/\/www.monsiegeamoi.com\/blog\/it\/2020\/01\/24\/gli-angoli-ideali-per-una-sedia\/#breadcrumb"},"inLanguage":"fr-FR","potentialAction":[{"@type":"ReadAction","target":["https:\/\/www.monsiegeamoi.com\/blog\/it\/2020\/01\/24\/gli-angoli-ideali-per-una-sedia\/"]}]},{"@type":"BreadcrumbList","@id":"https:\/\/www.monsiegeamoi.com\/blog\/it\/2020\/01\/24\/gli-angoli-ideali-per-una-sedia\/#breadcrumb","itemListElement":[{"@type":"ListItem","position":1,"name":"Accueil","item":"https:\/\/www.monsiegeamoi.com\/blog\/"},{"@type":"ListItem","position":2,"name":"Gli angoli ideali per una sedia"}]},{"@type":"Article","@id":"https:\/\/www.monsiegeamoi.com\/blog\/it\/2020\/01\/24\/gli-angoli-ideali-per-una-sedia\/#article","isPartOf":{"@id":"https:\/\/www.monsiegeamoi.com\/blog\/it\/2020\/01\/24\/gli-angoli-ideali-per-una-sedia\/#webpage"},"author":{"@id":"https:\/\/www.monsiegeamoi.com\/blog\/#\/schema\/person\/6c2e4ef71c12dc348f70f48155da5c66"},"headline":"Gli angoli ideali per una sedia","datePublished":"2020-01-24T11:18:52+00:00","dateModified":"2021-04-07T09:19:17+00:00","mainEntityOfPage":{"@id":"https:\/\/www.monsiegeamoi.com\/blog\/it\/2020\/01\/24\/gli-angoli-ideali-per-una-sedia\/#webpage"},"wordCount":580,"commentCount":0,"publisher":{"@id":"https:\/\/www.monsiegeamoi.com\/blog\/#organization"},"image":{"@id":"https:\/\/www.monsiegeamoi.com\/blog\/it\/2020\/01\/24\/gli-angoli-ideali-per-una-sedia\/#primaryimage"},"thumbnailUrl":"https:\/\/www.monsiegeamoi.com\/blog\/wp-content\/uploads\/2020\/01\/inclinaison-assise-6-fonctions-e1582703469145.jpg","articleSection":["Comfort di seduta"],"inLanguage":"fr-FR","potentialAction":[{"@type":"CommentAction","name":"Comment","target":["https:\/\/www.monsiegeamoi.com\/blog\/it\/2020\/01\/24\/gli-angoli-ideali-per-una-sedia\/#respond"]}]},{"@type":"Person","@id":"https:\/\/www.monsiegeamoi.com\/blog\/#\/schema\/person\/6c2e4ef71c12dc348f70f48155da5c66","name":"Bruno DUVAL","image":{"@type":"ImageObject","@id":"https:\/\/www.monsiegeamoi.com\/blog\/#personlogo","inLanguage":"fr-FR","url":"https:\/\/secure.gravatar.com\/avatar\/d72ff8c522ba9b71838f031c69c2f326?s=96&d=mm&r=g","contentUrl":"https:\/\/secure.gravatar.com\/avatar\/d72ff8c522ba9b71838f031c69c2f326?s=96&d=mm&r=g","caption":"Bruno DUVAL"},"url":"https:\/\/www.monsiegeamoi.com\/blog\/author\/bruno-duval44gmail-com\/"}]}},"_links":{"self":[{"href":"https:\/\/www.monsiegeamoi.com\/blog\/wp-json\/wp\/v2\/posts\/198"}],"collection":[{"href":"https:\/\/www.monsiegeamoi.com\/blog\/wp-json\/wp\/v2\/posts"}],"about":[{"href":"https:\/\/www.monsiegeamoi.com\/blog\/wp-json\/wp\/v2\/types\/post"}],"author":[{"embeddable":true,"href":"https:\/\/www.monsiegeamoi.com\/blog\/wp-json\/wp\/v2\/users\/1"}],"replies":[{"embeddable":true,"href":"https:\/\/www.monsiegeamoi.com\/blog\/wp-json\/wp\/v2\/comments?post=198"}],"version-history":[{"count":4,"href":"https:\/\/www.monsiegeamoi.com\/blog\/wp-json\/wp\/v2\/posts\/198\/revisions"}],"predecessor-version":[{"id":675,"href":"https:\/\/www.monsiegeamoi.com\/blog\/wp-json\/wp\/v2\/posts\/198\/revisions\/675"}],"wp:featuredmedia":[{"embeddable":true,"href":"https:\/\/www.monsiegeamoi.com\/blog\/wp-json\/wp\/v2\/media\/93"}],"wp:attachment":[{"href":"https:\/\/www.monsiegeamoi.com\/blog\/wp-json\/wp\/v2\/media?parent=198"}],"wp:term":[{"taxonomy":"category","embeddable":true,"href":"https:\/\/www.monsiegeamoi.com\/blog\/wp-json\/wp\/v2\/categories?post=198"},{"taxonomy":"post_tag","embeddable":true,"href":"https:\/\/www.monsiegeamoi.com\/blog\/wp-json\/wp\/v2\/tags?post=198"}],"curies":[{"name":"wp","href":"https:\/\/api.w.org\/{rel}","templated":true}]}}