{"id":194,"date":"2020-01-06T11:06:22","date_gmt":"2020-01-06T11:06:22","guid":{"rendered":"http:\/\/www.monsiegeamoi.com\/blog\/?p=194"},"modified":"2021-07-03T07:19:22","modified_gmt":"2021-07-03T07:19:22","slug":"the-ideal-angles-for-a-chair","status":"publish","type":"post","link":"https:\/\/www.monsiegeamoi.com\/blog\/en\/2020\/01\/06\/the-ideal-angles-for-a-chair\/","title":{"rendered":"The ideal angles for a chair"},"content":{"rendered":"\n<p>A sitting position is defined in space by <br> 1- the width, height, depth and inclination of the seat<br> 2- the height and inclination of the backrest <\/p>\n\n\n\n<p>In this article, we are going to focus on the angles of the backrest and the seat from an anatomic and ergonomic point of view.<\/p>\n\n\n\n<h2>What is the purpose of the seat tilt?<\/h2>\n\n\n\n<p>When we sit on a horizontal surface and the backrest is vertical, the weight of the upper body is mainly applied to the ischiatic area. The ischia are two bony protrusions of the pelvis that help us to maintain our balance. If the weight supported by the ischiums is too great, blood circulation is no longer properly performed and leads to a decrease in the supply of oxygen, which is responsible for tissue degradation. To avoid asphyxiation a pain signal invites our body to lift itself up so that circulation is restored. This pain signal is in fact what we usually call discomfort.<br>In the image below, borrowed from the company Mescan, the red zones indicate areas at risk because of high pressure closing capillaries . The two ischiatic zones are clearly visible.<\/p>\n\n\n\n<figure class=\"wp-block-image is-resized\"><img decoding=\"async\" loading=\"lazy\" src=\"https:\/\/cdn.shortpixel.ai\/client\/to_webp,q_glossy,ret_img,w_320,h_320\/https:\/\/www.monsiegeamoi.com\/blog\/wp-content\/uploads\/2020\/01\/pression-fauteuil.jpg\" alt=\"\" class=\"wp-image-91\" width=\"320\" height=\"320\"\/><\/figure>\n\n\n\n<p>If I recline my backrest without tilting the seat, some of the upper body weight is supported by the backrest. This reduces the load on the pins and delays the onset of the pain signal. <br>\nBut in doing so I create a horizontal force in the seat that pushes me forward. If my seat is smooth I slide and fall off my chair. But my seat is not smooth and holds me back. This causes a shearing phenomenon that slows down the blood circulation and brings us back to an area of discomfort. <\/p>\n\n\n\n<p>It is therefore essential to avoid sliding forwards when reclining the seat at the same time as you recline the backrest. <\/p>\n\n\n\n<p>If our mass were evenly distributed from head to toe the best position to reduce pressure would be the reclining position we usually use to sleep. <br> But this lying position is not practical for reading, eating, watching TV or driving. So we have to find compromises depending on the activities we do in the chair. <\/p>\n\n\n\n<figure class=\"wp-block-image is-resized\"><img decoding=\"async\" loading=\"lazy\" src=\"https:\/\/cdn.shortpixel.ai\/client\/q_glossy,ret_img,w_400\/https:\/\/www.monsiegeamoi.com\/blog\/wp-content\/uploads\/2020\/01\/fauteuil_bonne_taille_pression_bien_repartie-400x400.jpg\" alt=\"Mesure de pressions sur un fauteuil standard\" class=\"wp-image-92\" width=\"320\" height=\"320\" srcset=\"https:\/\/www.monsiegeamoi.com\/blog\/wp-content\/uploads\/2020\/01\/fauteuil_bonne_taille_pression_bien_repartie-400x400.jpg 400w, https:\/\/www.monsiegeamoi.com\/blog\/wp-content\/uploads\/2020\/01\/fauteuil_bonne_taille_pression_bien_repartie-300x300.jpg 300w, https:\/\/www.monsiegeamoi.com\/blog\/wp-content\/uploads\/2020\/01\/fauteuil_bonne_taille_pression_bien_repartie-1024x1024.jpg 1024w, https:\/\/www.monsiegeamoi.com\/blog\/wp-content\/uploads\/2020\/01\/fauteuil_bonne_taille_pression_bien_repartie-150x150.jpg 150w, https:\/\/www.monsiegeamoi.com\/blog\/wp-content\/uploads\/2020\/01\/fauteuil_bonne_taille_pression_bien_repartie-768x768.jpg 768w, https:\/\/www.monsiegeamoi.com\/blog\/wp-content\/uploads\/2020\/01\/fauteuil_bonne_taille_pression_bien_repartie-900x900.jpg 900w, https:\/\/www.monsiegeamoi.com\/blog\/wp-content\/uploads\/2020\/01\/fauteuil_bonne_taille_pression_bien_repartie.jpg 1344w\" sizes=\"(max-width: 320px) 100vw, 320px\" \/><\/figure>\n\n\n\n<h2>Six angles for an armchair <\/h2>\n\n\n\n<p>The study of the proportions of the human body is an ancient subject, the most famous illustration of which is the Vitruvian Man made around 1490.<br> At the end of the 19th century surgeon Fowler studied sitting and semi-seated positions in bed and their effects on his patients. <br>  In the 20th century designers sought to model the body in a seated position. Based on the work of Ohara in 1969 the <a href=\"https:\/\/www.isiadesign.fi.it\/index.php?form_id_pagine=1223\">Dutch designer Andries van Onck <\/a>proposes in a course given in 2009 in Italy six types of sitting position<\/p>\n\n\n\n<figure class=\"wp-block-image is-resized\"><img decoding=\"async\" loading=\"lazy\" src=\"https:\/\/cdn.shortpixel.ai\/client\/to_webp,q_glossy,ret_img,w_320,h_320\/https:\/\/www.monsiegeamoi.com\/blog\/wp-content\/uploads\/2020\/01\/inclinaison-assise-6-fonctions.jpg\" alt=\"\" class=\"wp-image-93\" width=\"320\" height=\"320\"\/><\/figure>\n\n\n\n<p>In the first type the seat is almost horizontal (3\u00b0). This position is practical for eating, working at a desk or for getting up easily. <br>  At the other end of the spectrum is the sixth position with a very inclined seat (22\u00b0). The pressure is well distributed between seat and backrest and blood circulation is as free as possible. This feeling is confirmed by clinical studies using pressure sensors on so-called pressure sore prevention mattresses. This position allows recovery by allowing the blood to circulate freely without putting too much strain on the heart.  The second position is suitable for car seats. It allows the driver to keep his or her eyes on the road while offering an acceptable level of comfort. <br>Positions 3, 4 and 5 are used for resting chairs depending on the activity. <\/p>\n\n\n\n<h2>Custom made armchair and recliner<\/h2>\n\n\n\n<p>Mon Si\u00e8ge \u00e0 Moi makes <a href=\"https:\/\/www.monsiegeamoi.com\/en\/10-bespoke-armchair\">custom-made armchairs<\/a> from your dimensions. The seat inclinations are pre-defined according to the type of chair. But it is also possible to specify different inclinations depending on the use of the chair. <br> In this way you can optimize the comfort and ergonomics of your chair or armchair.<\/p>\n\n\n\n<figure class=\"wp-block-image is-resized\"><img decoding=\"async\" loading=\"lazy\" src=\"https:\/\/cdn.shortpixel.ai\/client\/to_webp,q_glossy,ret_img,w_320,h_320\/https:\/\/www.monsiegeamoi.com\/blog\/wp-content\/uploads\/2020\/01\/repose-pied-avec-fauteuil-1024x928.jpg\" alt=\"\" class=\"wp-image-94\" width=\"320\" height=\"320\"\/><\/figure>\n","protected":false},"excerpt":{"rendered":"<p>A sitting position is defined in space by 1- the width, height, depth and inclination of the seat 2- the height and inclination of the backrest In this article, we are going to focus on the angles of the backrest and the seat from an anatomic and ergonomic point of view. What is the purpose &hellip; <\/p>\n","protected":false},"author":1,"featured_media":93,"comment_status":"closed","ping_status":"open","sticky":true,"template":"","format":"standard","meta":[],"categories":[62],"tags":[],"yoast_head":"<!-- This site is optimized with the Yoast SEO plugin v18.0 - https:\/\/yoast.com\/wordpress\/plugins\/seo\/ -->\n<title>The ideal angles for a chair - Blog des fauteuils sur mesure<\/title>\n<meta name=\"robots\" content=\"index, follow, max-snippet:-1, max-image-preview:large, max-video-preview:-1\" \/>\n<link rel=\"canonical\" href=\"https:\/\/www.monsiegeamoi.com\/blog\/en\/2020\/01\/06\/the-ideal-angles-for-a-chair\/\" \/>\n<meta property=\"og:locale\" content=\"fr_FR\" \/>\n<meta property=\"og:type\" content=\"article\" \/>\n<meta property=\"og:title\" content=\"The ideal angles for a chair - Blog des fauteuils sur mesure\" \/>\n<meta property=\"og:description\" content=\"A sitting position is defined in space by 1- the width, height, depth and inclination of the seat 2- the height and inclination of the backrest In this article, we are going to focus on the angles of the backrest and the seat from an anatomic and ergonomic point of view. What is the purpose &hellip;\" \/>\n<meta property=\"og:url\" content=\"https:\/\/www.monsiegeamoi.com\/blog\/en\/2020\/01\/06\/the-ideal-angles-for-a-chair\/\" \/>\n<meta property=\"og:site_name\" content=\"Blog des fauteuils sur mesure\" \/>\n<meta property=\"article:publisher\" content=\"https:\/\/www.facebook.com\/msam.fr\/\" \/>\n<meta property=\"article:published_time\" content=\"2020-01-06T11:06:22+00:00\" \/>\n<meta property=\"article:modified_time\" content=\"2021-07-03T07:19:22+00:00\" \/>\n<meta property=\"og:image\" content=\"https:\/\/www.monsiegeamoi.com\/blog\/wp-content\/uploads\/2020\/01\/inclinaison-assise-6-fonctions-e1582703469145.jpg\" \/>\n\t<meta property=\"og:image:width\" content=\"350\" \/>\n\t<meta property=\"og:image:height\" content=\"365\" \/>\n\t<meta property=\"og:image:type\" content=\"image\/jpeg\" \/>\n<meta name=\"twitter:card\" content=\"summary_large_image\" \/>\n<meta name=\"twitter:label1\" content=\"\u00c9crit par\" \/>\n\t<meta name=\"twitter:data1\" content=\"Bruno DUVAL\" \/>\n\t<meta name=\"twitter:label2\" content=\"Dur\u00e9e de lecture estim\u00e9e\" \/>\n\t<meta name=\"twitter:data2\" content=\"4 minutes\" \/>\n<script type=\"application\/ld+json\" class=\"yoast-schema-graph\">{\"@context\":\"https:\/\/schema.org\",\"@graph\":[{\"@type\":\"Organization\",\"@id\":\"https:\/\/www.monsiegeamoi.com\/blog\/#organization\",\"name\":\"mon si\u00e8ge \u00e0 moi\",\"url\":\"https:\/\/www.monsiegeamoi.com\/blog\/\",\"sameAs\":[\"https:\/\/www.facebook.com\/msam.fr\/\",\"https:\/\/www.instagram.com\/mon_siege_a_moi\/\",\"https:\/\/www.linkedin.com\/company\/35628798\/admin\/\",\"https:\/\/www.youtube.com\/channel\/UCdd1LuYl2T3uLrnreIEbx2g\",\"https:\/\/www.pinterest.fr\/bduval0428\/\"],\"logo\":{\"@type\":\"ImageObject\",\"@id\":\"https:\/\/www.monsiegeamoi.com\/blog\/#logo\",\"inLanguage\":\"fr-FR\",\"url\":\"https:\/\/www.monsiegeamoi.com\/blog\/wp-content\/uploads\/2020\/01\/logo-msam-carre-1.png\",\"contentUrl\":\"https:\/\/www.monsiegeamoi.com\/blog\/wp-content\/uploads\/2020\/01\/logo-msam-carre-1.png\",\"width\":350,\"height\":350,\"caption\":\"mon si\u00e8ge \u00e0 moi\"},\"image\":{\"@id\":\"https:\/\/www.monsiegeamoi.com\/blog\/#logo\"}},{\"@type\":\"WebSite\",\"@id\":\"https:\/\/www.monsiegeamoi.com\/blog\/#website\",\"url\":\"https:\/\/www.monsiegeamoi.com\/blog\/\",\"name\":\"Fauteuils et innovations\",\"description\":\"D\u00e9couvrez l&#039;histoire et l&#039;actualit\u00e9 des fauteuils sur mesure\",\"publisher\":{\"@id\":\"https:\/\/www.monsiegeamoi.com\/blog\/#organization\"},\"potentialAction\":[{\"@type\":\"SearchAction\",\"target\":{\"@type\":\"EntryPoint\",\"urlTemplate\":\"https:\/\/www.monsiegeamoi.com\/blog\/?s={search_term_string}\"},\"query-input\":\"required name=search_term_string\"}],\"inLanguage\":\"fr-FR\"},{\"@type\":\"ImageObject\",\"@id\":\"https:\/\/www.monsiegeamoi.com\/blog\/en\/2020\/01\/06\/the-ideal-angles-for-a-chair\/#primaryimage\",\"inLanguage\":\"fr-FR\",\"url\":\"https:\/\/www.monsiegeamoi.com\/blog\/wp-content\/uploads\/2020\/01\/inclinaison-assise-6-fonctions-e1582703469145.jpg\",\"contentUrl\":\"https:\/\/www.monsiegeamoi.com\/blog\/wp-content\/uploads\/2020\/01\/inclinaison-assise-6-fonctions-e1582703469145.jpg\",\"width\":350,\"height\":365},{\"@type\":\"WebPage\",\"@id\":\"https:\/\/www.monsiegeamoi.com\/blog\/en\/2020\/01\/06\/the-ideal-angles-for-a-chair\/#webpage\",\"url\":\"https:\/\/www.monsiegeamoi.com\/blog\/en\/2020\/01\/06\/the-ideal-angles-for-a-chair\/\",\"name\":\"The ideal angles for a chair - Blog des fauteuils sur mesure\",\"isPartOf\":{\"@id\":\"https:\/\/www.monsiegeamoi.com\/blog\/#website\"},\"primaryImageOfPage\":{\"@id\":\"https:\/\/www.monsiegeamoi.com\/blog\/en\/2020\/01\/06\/the-ideal-angles-for-a-chair\/#primaryimage\"},\"datePublished\":\"2020-01-06T11:06:22+00:00\",\"dateModified\":\"2021-07-03T07:19:22+00:00\",\"breadcrumb\":{\"@id\":\"https:\/\/www.monsiegeamoi.com\/blog\/en\/2020\/01\/06\/the-ideal-angles-for-a-chair\/#breadcrumb\"},\"inLanguage\":\"fr-FR\",\"potentialAction\":[{\"@type\":\"ReadAction\",\"target\":[\"https:\/\/www.monsiegeamoi.com\/blog\/en\/2020\/01\/06\/the-ideal-angles-for-a-chair\/\"]}]},{\"@type\":\"BreadcrumbList\",\"@id\":\"https:\/\/www.monsiegeamoi.com\/blog\/en\/2020\/01\/06\/the-ideal-angles-for-a-chair\/#breadcrumb\",\"itemListElement\":[{\"@type\":\"ListItem\",\"position\":1,\"name\":\"Accueil\",\"item\":\"https:\/\/www.monsiegeamoi.com\/blog\/\"},{\"@type\":\"ListItem\",\"position\":2,\"name\":\"The ideal angles for a chair\"}]},{\"@type\":\"Article\",\"@id\":\"https:\/\/www.monsiegeamoi.com\/blog\/en\/2020\/01\/06\/the-ideal-angles-for-a-chair\/#article\",\"isPartOf\":{\"@id\":\"https:\/\/www.monsiegeamoi.com\/blog\/en\/2020\/01\/06\/the-ideal-angles-for-a-chair\/#webpage\"},\"author\":{\"@id\":\"https:\/\/www.monsiegeamoi.com\/blog\/#\/schema\/person\/6c2e4ef71c12dc348f70f48155da5c66\"},\"headline\":\"The ideal angles for a chair\",\"datePublished\":\"2020-01-06T11:06:22+00:00\",\"dateModified\":\"2021-07-03T07:19:22+00:00\",\"mainEntityOfPage\":{\"@id\":\"https:\/\/www.monsiegeamoi.com\/blog\/en\/2020\/01\/06\/the-ideal-angles-for-a-chair\/#webpage\"},\"wordCount\":646,\"publisher\":{\"@id\":\"https:\/\/www.monsiegeamoi.com\/blog\/#organization\"},\"image\":{\"@id\":\"https:\/\/www.monsiegeamoi.com\/blog\/en\/2020\/01\/06\/the-ideal-angles-for-a-chair\/#primaryimage\"},\"thumbnailUrl\":\"https:\/\/www.monsiegeamoi.com\/blog\/wp-content\/uploads\/2020\/01\/inclinaison-assise-6-fonctions-e1582703469145.jpg\",\"articleSection\":[\"Comfort of the armchairs\"],\"inLanguage\":\"fr-FR\"},{\"@type\":\"Person\",\"@id\":\"https:\/\/www.monsiegeamoi.com\/blog\/#\/schema\/person\/6c2e4ef71c12dc348f70f48155da5c66\",\"name\":\"Bruno DUVAL\",\"image\":{\"@type\":\"ImageObject\",\"@id\":\"https:\/\/www.monsiegeamoi.com\/blog\/#personlogo\",\"inLanguage\":\"fr-FR\",\"url\":\"https:\/\/secure.gravatar.com\/avatar\/d72ff8c522ba9b71838f031c69c2f326?s=96&d=mm&r=g\",\"contentUrl\":\"https:\/\/secure.gravatar.com\/avatar\/d72ff8c522ba9b71838f031c69c2f326?s=96&d=mm&r=g\",\"caption\":\"Bruno DUVAL\"},\"url\":\"https:\/\/www.monsiegeamoi.com\/blog\/author\/bruno-duval44gmail-com\/\"}]}<\/script>\n<!-- \/ Yoast SEO plugin. -->","yoast_head_json":{"title":"The ideal angles for a chair - Blog des fauteuils sur mesure","robots":{"index":"index","follow":"follow","max-snippet":"max-snippet:-1","max-image-preview":"max-image-preview:large","max-video-preview":"max-video-preview:-1"},"canonical":"https:\/\/www.monsiegeamoi.com\/blog\/en\/2020\/01\/06\/the-ideal-angles-for-a-chair\/","og_locale":"fr_FR","og_type":"article","og_title":"The ideal angles for a chair - Blog des fauteuils sur mesure","og_description":"A sitting position is defined in space by 1- the width, height, depth and inclination of the seat 2- the height and inclination of the backrest In this article, we are going to focus on the angles of the backrest and the seat from an anatomic and ergonomic point of view. What is the purpose &hellip;","og_url":"https:\/\/www.monsiegeamoi.com\/blog\/en\/2020\/01\/06\/the-ideal-angles-for-a-chair\/","og_site_name":"Blog des fauteuils sur mesure","article_publisher":"https:\/\/www.facebook.com\/msam.fr\/","article_published_time":"2020-01-06T11:06:22+00:00","article_modified_time":"2021-07-03T07:19:22+00:00","og_image":[{"width":350,"height":365,"url":"https:\/\/www.monsiegeamoi.com\/blog\/wp-content\/uploads\/2020\/01\/inclinaison-assise-6-fonctions-e1582703469145.jpg","type":"image\/jpeg"}],"twitter_card":"summary_large_image","twitter_misc":{"\u00c9crit par":"Bruno DUVAL","Dur\u00e9e de lecture estim\u00e9e":"4 minutes"},"schema":{"@context":"https:\/\/schema.org","@graph":[{"@type":"Organization","@id":"https:\/\/www.monsiegeamoi.com\/blog\/#organization","name":"mon si\u00e8ge \u00e0 moi","url":"https:\/\/www.monsiegeamoi.com\/blog\/","sameAs":["https:\/\/www.facebook.com\/msam.fr\/","https:\/\/www.instagram.com\/mon_siege_a_moi\/","https:\/\/www.linkedin.com\/company\/35628798\/admin\/","https:\/\/www.youtube.com\/channel\/UCdd1LuYl2T3uLrnreIEbx2g","https:\/\/www.pinterest.fr\/bduval0428\/"],"logo":{"@type":"ImageObject","@id":"https:\/\/www.monsiegeamoi.com\/blog\/#logo","inLanguage":"fr-FR","url":"https:\/\/www.monsiegeamoi.com\/blog\/wp-content\/uploads\/2020\/01\/logo-msam-carre-1.png","contentUrl":"https:\/\/www.monsiegeamoi.com\/blog\/wp-content\/uploads\/2020\/01\/logo-msam-carre-1.png","width":350,"height":350,"caption":"mon si\u00e8ge \u00e0 moi"},"image":{"@id":"https:\/\/www.monsiegeamoi.com\/blog\/#logo"}},{"@type":"WebSite","@id":"https:\/\/www.monsiegeamoi.com\/blog\/#website","url":"https:\/\/www.monsiegeamoi.com\/blog\/","name":"Fauteuils et innovations","description":"D\u00e9couvrez l&#039;histoire et l&#039;actualit\u00e9 des fauteuils sur mesure","publisher":{"@id":"https:\/\/www.monsiegeamoi.com\/blog\/#organization"},"potentialAction":[{"@type":"SearchAction","target":{"@type":"EntryPoint","urlTemplate":"https:\/\/www.monsiegeamoi.com\/blog\/?s={search_term_string}"},"query-input":"required name=search_term_string"}],"inLanguage":"fr-FR"},{"@type":"ImageObject","@id":"https:\/\/www.monsiegeamoi.com\/blog\/en\/2020\/01\/06\/the-ideal-angles-for-a-chair\/#primaryimage","inLanguage":"fr-FR","url":"https:\/\/www.monsiegeamoi.com\/blog\/wp-content\/uploads\/2020\/01\/inclinaison-assise-6-fonctions-e1582703469145.jpg","contentUrl":"https:\/\/www.monsiegeamoi.com\/blog\/wp-content\/uploads\/2020\/01\/inclinaison-assise-6-fonctions-e1582703469145.jpg","width":350,"height":365},{"@type":"WebPage","@id":"https:\/\/www.monsiegeamoi.com\/blog\/en\/2020\/01\/06\/the-ideal-angles-for-a-chair\/#webpage","url":"https:\/\/www.monsiegeamoi.com\/blog\/en\/2020\/01\/06\/the-ideal-angles-for-a-chair\/","name":"The ideal angles for a chair - Blog des fauteuils sur mesure","isPartOf":{"@id":"https:\/\/www.monsiegeamoi.com\/blog\/#website"},"primaryImageOfPage":{"@id":"https:\/\/www.monsiegeamoi.com\/blog\/en\/2020\/01\/06\/the-ideal-angles-for-a-chair\/#primaryimage"},"datePublished":"2020-01-06T11:06:22+00:00","dateModified":"2021-07-03T07:19:22+00:00","breadcrumb":{"@id":"https:\/\/www.monsiegeamoi.com\/blog\/en\/2020\/01\/06\/the-ideal-angles-for-a-chair\/#breadcrumb"},"inLanguage":"fr-FR","potentialAction":[{"@type":"ReadAction","target":["https:\/\/www.monsiegeamoi.com\/blog\/en\/2020\/01\/06\/the-ideal-angles-for-a-chair\/"]}]},{"@type":"BreadcrumbList","@id":"https:\/\/www.monsiegeamoi.com\/blog\/en\/2020\/01\/06\/the-ideal-angles-for-a-chair\/#breadcrumb","itemListElement":[{"@type":"ListItem","position":1,"name":"Accueil","item":"https:\/\/www.monsiegeamoi.com\/blog\/"},{"@type":"ListItem","position":2,"name":"The ideal angles for a chair"}]},{"@type":"Article","@id":"https:\/\/www.monsiegeamoi.com\/blog\/en\/2020\/01\/06\/the-ideal-angles-for-a-chair\/#article","isPartOf":{"@id":"https:\/\/www.monsiegeamoi.com\/blog\/en\/2020\/01\/06\/the-ideal-angles-for-a-chair\/#webpage"},"author":{"@id":"https:\/\/www.monsiegeamoi.com\/blog\/#\/schema\/person\/6c2e4ef71c12dc348f70f48155da5c66"},"headline":"The ideal angles for a chair","datePublished":"2020-01-06T11:06:22+00:00","dateModified":"2021-07-03T07:19:22+00:00","mainEntityOfPage":{"@id":"https:\/\/www.monsiegeamoi.com\/blog\/en\/2020\/01\/06\/the-ideal-angles-for-a-chair\/#webpage"},"wordCount":646,"publisher":{"@id":"https:\/\/www.monsiegeamoi.com\/blog\/#organization"},"image":{"@id":"https:\/\/www.monsiegeamoi.com\/blog\/en\/2020\/01\/06\/the-ideal-angles-for-a-chair\/#primaryimage"},"thumbnailUrl":"https:\/\/www.monsiegeamoi.com\/blog\/wp-content\/uploads\/2020\/01\/inclinaison-assise-6-fonctions-e1582703469145.jpg","articleSection":["Comfort of the armchairs"],"inLanguage":"fr-FR"},{"@type":"Person","@id":"https:\/\/www.monsiegeamoi.com\/blog\/#\/schema\/person\/6c2e4ef71c12dc348f70f48155da5c66","name":"Bruno DUVAL","image":{"@type":"ImageObject","@id":"https:\/\/www.monsiegeamoi.com\/blog\/#personlogo","inLanguage":"fr-FR","url":"https:\/\/secure.gravatar.com\/avatar\/d72ff8c522ba9b71838f031c69c2f326?s=96&d=mm&r=g","contentUrl":"https:\/\/secure.gravatar.com\/avatar\/d72ff8c522ba9b71838f031c69c2f326?s=96&d=mm&r=g","caption":"Bruno DUVAL"},"url":"https:\/\/www.monsiegeamoi.com\/blog\/author\/bruno-duval44gmail-com\/"}]}},"_links":{"self":[{"href":"https:\/\/www.monsiegeamoi.com\/blog\/wp-json\/wp\/v2\/posts\/194"}],"collection":[{"href":"https:\/\/www.monsiegeamoi.com\/blog\/wp-json\/wp\/v2\/posts"}],"about":[{"href":"https:\/\/www.monsiegeamoi.com\/blog\/wp-json\/wp\/v2\/types\/post"}],"author":[{"embeddable":true,"href":"https:\/\/www.monsiegeamoi.com\/blog\/wp-json\/wp\/v2\/users\/1"}],"replies":[{"embeddable":true,"href":"https:\/\/www.monsiegeamoi.com\/blog\/wp-json\/wp\/v2\/comments?post=194"}],"version-history":[{"count":6,"href":"https:\/\/www.monsiegeamoi.com\/blog\/wp-json\/wp\/v2\/posts\/194\/revisions"}],"predecessor-version":[{"id":674,"href":"https:\/\/www.monsiegeamoi.com\/blog\/wp-json\/wp\/v2\/posts\/194\/revisions\/674"}],"wp:featuredmedia":[{"embeddable":true,"href":"https:\/\/www.monsiegeamoi.com\/blog\/wp-json\/wp\/v2\/media\/93"}],"wp:attachment":[{"href":"https:\/\/www.monsiegeamoi.com\/blog\/wp-json\/wp\/v2\/media?parent=194"}],"wp:term":[{"taxonomy":"category","embeddable":true,"href":"https:\/\/www.monsiegeamoi.com\/blog\/wp-json\/wp\/v2\/categories?post=194"},{"taxonomy":"post_tag","embeddable":true,"href":"https:\/\/www.monsiegeamoi.com\/blog\/wp-json\/wp\/v2\/tags?post=194"}],"curies":[{"name":"wp","href":"https:\/\/api.w.org\/{rel}","templated":true}]}}