{"id":18,"date":"2020-01-30T13:48:22","date_gmt":"2020-01-30T13:48:22","guid":{"rendered":"http:\/\/www.monsiegeamoi.com\/blog\/?p=18"},"modified":"2021-08-26T06:39:11","modified_gmt":"2021-08-26T06:39:11","slug":"siege-ergonomiques-fabriques-sur-mesure","status":"publish","type":"post","link":"https:\/\/www.monsiegeamoi.com\/blog\/fr\/2020\/01\/30\/siege-ergonomiques-fabriques-sur-mesure\/","title":{"rendered":"Le sur mesure au service du confort et de la performance en position assise"},"content":{"rendered":"\n<p>Selon le Larousse  le sur mesure est un \u201cV\u00eatement confectionn\u00e9 d&rsquo;apr\u00e8s les mesures prises sur la personne m\u00eame.\u201d M\u00eame constat du c\u00f4t\u00e9 de Wikipedia.<br>Si la deuxi\u00e8me partie de cette d\u00e9finition est juste la premi\u00e8re est bien trop restrictive. En effet a<strong>u del\u00e0 du v\u00eatement il existe bien de nombreux produits fabriqu\u00e9s sur mesure<\/strong>.<br>Nous vous proposons dans cet article de lister quelques articles fabriqu\u00e9s sur-mesure et d\u2019en indiquer les b\u00e9n\u00e9fices en terme de confort et de performances.<\/p>\n\n\n\n<h2>1- Le v\u00e9lo sur mesure<\/h2>\n\n\n\n<figure class=\"wp-block-image size-large\"><img decoding=\"async\" loading=\"lazy\" width=\"1024\" height=\"459\" src=\"https:\/\/www.monsiegeamoi.com\/blog\/wp-content\/uploads\/2021\/08\/capture-es-1024x459.jpg\" alt=\"\" class=\"wp-image-876\" srcset=\"https:\/\/www.monsiegeamoi.com\/blog\/wp-content\/uploads\/2021\/08\/capture-es-1024x459.jpg 1024w, https:\/\/www.monsiegeamoi.com\/blog\/wp-content\/uploads\/2021\/08\/capture-es-300x135.jpg 300w, https:\/\/www.monsiegeamoi.com\/blog\/wp-content\/uploads\/2021\/08\/capture-es-768x345.jpg 768w, https:\/\/www.monsiegeamoi.com\/blog\/wp-content\/uploads\/2021\/08\/capture-es-900x404.jpg 900w, https:\/\/www.monsiegeamoi.com\/blog\/wp-content\/uploads\/2021\/08\/capture-es-400x179.jpg 400w, https:\/\/www.monsiegeamoi.com\/blog\/wp-content\/uploads\/2021\/08\/capture-es.jpg 1333w\" sizes=\"(max-width: 1024px) 100vw, 1024px\" \/><figcaption>Assise v\u00e9lo sur mesure<\/figcaption><\/figure>\n\n\n\n<p><br><br>Alors qu\u2019un v\u00e9lo de ville est le plus souvent mono-taille les v\u00e9los destin\u00e9s aux globe-trotters ou aux comp\u00e9titeurs se d\u00e9clinent en plusieurs tailles pour des utilisateurs mesurant de 1,45 \u00e0 2,10 m environ.  Pour les morphologies atypiques ou pour coller au plus pr\u00e8s \u00e0 la morphologie d\u2019un sportif il est possible de r\u00e9aliser un v\u00e9lo enti\u00e8rement sur-mesure (longueur et hauteur du cadre, longueur des manivelles, angle du tube de selle, hauteur et forme du cintre, etc..) <br>Parmi les b\u00e9n\u00e9fices on cite le plus souvent :<\/p>\n\n\n\n<ul><li>une am\u00e9lioration de la performance sportive<\/li><li>une posture confortable dans la dur\u00e9e<\/li><\/ul>\n\n\n\n<p>L\u2019am\u00e9lioration de la performance est li\u00e9e \u00e0 la possibilit\u00e9 de d\u00e9plier la jambe lorsque la p\u00e9dale est en position basse sans que le genou ne remonte trop haut lorsque la p\u00e9dale est en position oppos\u00e9e, pour ne pas g\u00eaner le retour veineux et la r\u00e9cup\u00e9ration. Concernant l\u2019angle du tube de selle il sera diff\u00e9rent pour le cyclotouriste qui devra pouvoir \u00e0 l\u2019arr\u00eat poser le pied \u00e0 terre ( et \u00eatre recul\u00e9 par rapport \u00e0 l\u2019axe du p\u00e9dalier) et pour le cyclosportif qui voudra \u00eatre plus \u00e0 la vertical de l\u2019axe du p\u00e9dalier pour se servir de son poids pour appuyer sur les p\u00e9dales. <br>La r\u00e9alisation d\u2019un v\u00e9lo sur mesure permet aussi d\u2019all\u00e9ger le v\u00e9lo en rempla\u00e7ant des composants r\u00e9glables par des composants fixes. <br>La longueur du cadre et la forme du guidon devront permettre de r\u00e9duire les tensions musculaires susceptibles d\u2019\u00eatre \u00e0 l\u2019origine de douleurs et de conserver la forme naturelle en S de la colonne vert\u00e9brale.  <\/p>\n\n\n\n<h2><br>2- Le fauteuil roulant sur-mesure<\/h2>\n\n\n\n<figure class=\"wp-block-image size-large\"><img decoding=\"async\" loading=\"lazy\" width=\"640\" height=\"426\" src=\"https:\/\/www.monsiegeamoi.com\/blog\/wp-content\/uploads\/2020\/01\/fauteuil-sur-mesure-roulant.jpg\" alt=\"Fauteuil roulant sur mesure\" class=\"wp-image-877\" srcset=\"https:\/\/www.monsiegeamoi.com\/blog\/wp-content\/uploads\/2020\/01\/fauteuil-sur-mesure-roulant.jpg 640w, https:\/\/www.monsiegeamoi.com\/blog\/wp-content\/uploads\/2020\/01\/fauteuil-sur-mesure-roulant-300x200.jpg 300w, https:\/\/www.monsiegeamoi.com\/blog\/wp-content\/uploads\/2020\/01\/fauteuil-sur-mesure-roulant-400x266.jpg 400w, https:\/\/www.monsiegeamoi.com\/blog\/wp-content\/uploads\/2020\/01\/fauteuil-sur-mesure-roulant-360x240.jpg 360w\" sizes=\"(max-width: 640px) 100vw, 640px\" \/><figcaption>Fauteuil roulant sur mesure<\/figcaption><\/figure>\n\n\n\n<p><br>Les bras avec un fauteuil jouent un r\u00f4le semblable aux jambes pour un v\u00e9lo. Le fauteuil sur-mesure va permettre, pour des raisons semblables aux v\u00e9los sur-mesure, d\u2019am\u00e9liorer les performances et le confort de l\u2019utilisateur. <br>Dans le cas du tennis ou du basket on d\u00e9placera le centre d\u2019inertie de l\u2019utilisateur quasiment \u00e0 la verticale des roues pour que celui puisse pivoter rapidement et en fournissant un minimum d\u2019effort. Dans le cas du fauteuil d\u2019athl\u00e9tisme en revanche on cherchera \u00e0 stabiliser la direction ; la r\u00e9duction des mains courantes permettra d\u2019augmenter la vitesse ( comme lorsque l\u2019on s\u00e9lectionne un petit pignon sur la cassette d\u2019un v\u00e9lo) et l\u2019utilisateur sera assis entre les roues pour pouvoir \u201cboxer\u201d les mains courantes. <br>Dans la vie de tous les jours le fauteuil sur-mesure qui colle \u00e0 l\u2019utilisateur permettra d\u2019en r\u00e9duire l\u2019encombrement pour faciliter les passages de porte et les d\u00e9placements en g\u00e9n\u00e9ral. Le moindre encombrement et la baisse du poids du fauteuil, gr\u00e2ce au remplacement de composants r\u00e9glables par des composants fixes, permet de soulever plus facilement le fauteuil pour le mettre dans une voiture. <br>Une assise sur-mesure permet aussi de bien r\u00e9partir les pressions au niveau de l\u2019assise pour r\u00e9duire le risque d\u2019escarre et de conserver la courbure naturelle de la colonne vert\u00e9brale.<\/p>\n\n\n\n<h2><br>3- Le fauteuil ou la chaise sur-mesure<\/h2>\n\n\n\n<figure class=\"wp-block-image size-large\"><img decoding=\"async\" loading=\"lazy\" width=\"1024\" height=\"449\" src=\"https:\/\/www.monsiegeamoi.com\/blog\/wp-content\/uploads\/2021\/08\/fauteuil-bascule-sur-mesure-1024x449.jpg\" alt=\"\" class=\"wp-image-879\" srcset=\"https:\/\/www.monsiegeamoi.com\/blog\/wp-content\/uploads\/2021\/08\/fauteuil-bascule-sur-mesure-1024x449.jpg 1024w, https:\/\/www.monsiegeamoi.com\/blog\/wp-content\/uploads\/2021\/08\/fauteuil-bascule-sur-mesure-300x132.jpg 300w, https:\/\/www.monsiegeamoi.com\/blog\/wp-content\/uploads\/2021\/08\/fauteuil-bascule-sur-mesure-768x337.jpg 768w, https:\/\/www.monsiegeamoi.com\/blog\/wp-content\/uploads\/2021\/08\/fauteuil-bascule-sur-mesure-900x395.jpg 900w, https:\/\/www.monsiegeamoi.com\/blog\/wp-content\/uploads\/2021\/08\/fauteuil-bascule-sur-mesure-400x175.jpg 400w, https:\/\/www.monsiegeamoi.com\/blog\/wp-content\/uploads\/2021\/08\/fauteuil-bascule-sur-mesure.jpg 1464w\" sizes=\"(max-width: 1024px) 100vw, 1024px\" \/><figcaption>Fauteuil \u00e0 bascule taille unique et trop petit pour l\u2019utilisateur<\/figcaption><\/figure>\n\n\n\n<p><br><br> La plupart des fauteuils d\u2019int\u00e9rieur sont disponibles en une taille unique. Du coup l\u2019assise d\u2019un canap\u00e9 est souvent \u00e0 la fois trop basse pour une personne de plus de 1,60 m et trop profonde pour une personne de moins de 1,80m. <br>Les b\u00e9n\u00e9fices attendus par un fauteuil sur mesure par rapport \u00e0 un fauteuil \u201ctaille-unique\u201d sont  par exemple :<br>l\u2019am\u00e9lioration du confort gr\u00e2ce \u00e0 la r\u00e9duction des pressions au niveau de l\u2019assise ( surface optimis\u00e9e et hauteur adapt\u00e9e), et la r\u00e9duction du risque d\u2019escarre pour les personnes \u00e0 risque <br>une posture confortable pour le dos ( profondeur optimis\u00e9e et hauteur de l\u2019appui lombaire adapt\u00e9)<br>am\u00e9lioration du retour veineux ( pas de point de pression au niveau du creux poplit\u00e9, r\u00e9partition des pressions optimis\u00e9e)<\/p>\n\n\n\n<h2>4- Orth\u00e8ses ou proth\u00e8ses sur mesure<\/h2>\n\n\n\n<figure class=\"wp-block-image size-large\"><img decoding=\"async\" loading=\"lazy\" width=\"1024\" height=\"406\" src=\"https:\/\/www.monsiegeamoi.com\/blog\/wp-content\/uploads\/2020\/01\/prothese-sur-mesure-1024x406.jpg\" alt=\"Proth\u00e8se sur-mesure\" class=\"wp-image-880\" srcset=\"https:\/\/www.monsiegeamoi.com\/blog\/wp-content\/uploads\/2020\/01\/prothese-sur-mesure-1024x406.jpg 1024w, https:\/\/www.monsiegeamoi.com\/blog\/wp-content\/uploads\/2020\/01\/prothese-sur-mesure-300x119.jpg 300w, https:\/\/www.monsiegeamoi.com\/blog\/wp-content\/uploads\/2020\/01\/prothese-sur-mesure-768x304.jpg 768w, https:\/\/www.monsiegeamoi.com\/blog\/wp-content\/uploads\/2020\/01\/prothese-sur-mesure-1536x608.jpg 1536w, https:\/\/www.monsiegeamoi.com\/blog\/wp-content\/uploads\/2020\/01\/prothese-sur-mesure-900x356.jpg 900w, https:\/\/www.monsiegeamoi.com\/blog\/wp-content\/uploads\/2020\/01\/prothese-sur-mesure-400x158.jpg 400w, https:\/\/www.monsiegeamoi.com\/blog\/wp-content\/uploads\/2020\/01\/prothese-sur-mesure.jpg 1578w\" sizes=\"(max-width: 1024px) 100vw, 1024px\" \/><figcaption>Proth\u00e8se sur-mesure<\/figcaption><\/figure>\n\n\n\n<p><br>Les principaux b\u00e9n\u00e9fices attendus sont ceux indiqu\u00e9s pr\u00e9c\u00e9demment : <br>performance : on pense par exemple aux proth\u00e8ses sportives sur mesure qui permettent aux athl\u00e8tes handisport d\u2019atteindre des performances proches de celles des valides, gr\u00e2ce \u00e0 des mat\u00e9riaux l\u00e9gers dont la r\u00e9silience permet d&#8217;emmagasiner et restituer l\u2019\u00e9nergie avec un rendement tr\u00e8s \u00e9lev\u00e9<br>confort : les pressions d\u2019une orth\u00e8se sur mesure  sont r\u00e9parties sur une surface plus grande permettant une meilleure circulation du sang<\/p>\n","protected":false},"excerpt":{"rendered":"<p>Nous vous proposons dans cet article de lister quelques articles fabriqu\u00e9s sur-mesure et d\u2019en indiquer les b\u00e9n\u00e9fices en terme de confort et de performances.<\/p>\n","protected":false},"author":2,"featured_media":879,"comment_status":"open","ping_status":"open","sticky":true,"template":"","format":"standard","meta":[],"categories":[2],"tags":[],"yoast_head":"<!-- This site is optimized with the Yoast SEO plugin v18.0 - https:\/\/yoast.com\/wordpress\/plugins\/seo\/ -->\n<title>Le sur mesure au service du confort et de la performance en position assise - Blog des fauteuils sur mesure<\/title>\n<meta name=\"description\" content=\"Le sur mesure est une tendance de fond qui permet de diff\u00e9rencier un produit standard d&#039;un produit con\u00e7u pour un utilisateur donn\u00e9.\" \/>\n<meta name=\"robots\" content=\"index, follow, max-snippet:-1, max-image-preview:large, max-video-preview:-1\" \/>\n<link rel=\"canonical\" href=\"https:\/\/www.monsiegeamoi.com\/blog\/fr\/2020\/01\/30\/siege-ergonomiques-fabriques-sur-mesure\/\" \/>\n<meta property=\"og:locale\" content=\"fr_FR\" \/>\n<meta property=\"og:type\" content=\"article\" \/>\n<meta property=\"og:title\" content=\"Le sur mesure au service du confort et de la performance en position assise - Blog des fauteuils sur mesure\" \/>\n<meta property=\"og:description\" content=\"Le sur mesure est une tendance de fond qui permet de diff\u00e9rencier un produit standard d&#039;un produit con\u00e7u pour un utilisateur donn\u00e9.\" \/>\n<meta property=\"og:url\" content=\"https:\/\/www.monsiegeamoi.com\/blog\/fr\/2020\/01\/30\/siege-ergonomiques-fabriques-sur-mesure\/\" \/>\n<meta property=\"og:site_name\" content=\"Blog des fauteuils sur mesure\" \/>\n<meta property=\"article:publisher\" content=\"https:\/\/www.facebook.com\/msam.fr\/\" \/>\n<meta property=\"article:published_time\" content=\"2020-01-30T13:48:22+00:00\" \/>\n<meta property=\"article:modified_time\" content=\"2021-08-26T06:39:11+00:00\" \/>\n<meta property=\"og:image\" content=\"https:\/\/www.monsiegeamoi.com\/blog\/wp-content\/uploads\/2021\/08\/fauteuil-bascule-sur-mesure.jpg\" \/>\n\t<meta property=\"og:image:width\" content=\"1464\" \/>\n\t<meta property=\"og:image:height\" content=\"642\" \/>\n\t<meta property=\"og:image:type\" content=\"image\/jpeg\" \/>\n<meta name=\"twitter:card\" content=\"summary_large_image\" \/>\n<meta name=\"twitter:label1\" content=\"\u00c9crit par\" \/>\n\t<meta name=\"twitter:data1\" content=\"Bruno DUVAL\" \/>\n\t<meta name=\"twitter:label2\" content=\"Dur\u00e9e de lecture estim\u00e9e\" \/>\n\t<meta name=\"twitter:data2\" content=\"5 minutes\" \/>\n<script type=\"application\/ld+json\" class=\"yoast-schema-graph\">{\"@context\":\"https:\/\/schema.org\",\"@graph\":[{\"@type\":\"Organization\",\"@id\":\"https:\/\/www.monsiegeamoi.com\/blog\/#organization\",\"name\":\"mon si\u00e8ge \u00e0 moi\",\"url\":\"https:\/\/www.monsiegeamoi.com\/blog\/\",\"sameAs\":[\"https:\/\/www.facebook.com\/msam.fr\/\",\"https:\/\/www.instagram.com\/mon_siege_a_moi\/\",\"https:\/\/www.linkedin.com\/company\/35628798\/admin\/\",\"https:\/\/www.youtube.com\/channel\/UCdd1LuYl2T3uLrnreIEbx2g\",\"https:\/\/www.pinterest.fr\/bduval0428\/\"],\"logo\":{\"@type\":\"ImageObject\",\"@id\":\"https:\/\/www.monsiegeamoi.com\/blog\/#logo\",\"inLanguage\":\"fr-FR\",\"url\":\"https:\/\/www.monsiegeamoi.com\/blog\/wp-content\/uploads\/2020\/01\/logo-msam-carre-1.png\",\"contentUrl\":\"https:\/\/www.monsiegeamoi.com\/blog\/wp-content\/uploads\/2020\/01\/logo-msam-carre-1.png\",\"width\":350,\"height\":350,\"caption\":\"mon si\u00e8ge \u00e0 moi\"},\"image\":{\"@id\":\"https:\/\/www.monsiegeamoi.com\/blog\/#logo\"}},{\"@type\":\"WebSite\",\"@id\":\"https:\/\/www.monsiegeamoi.com\/blog\/#website\",\"url\":\"https:\/\/www.monsiegeamoi.com\/blog\/\",\"name\":\"Fauteuils et innovations\",\"description\":\"D\u00e9couvrez l&#039;histoire et l&#039;actualit\u00e9 des fauteuils sur mesure\",\"publisher\":{\"@id\":\"https:\/\/www.monsiegeamoi.com\/blog\/#organization\"},\"potentialAction\":[{\"@type\":\"SearchAction\",\"target\":{\"@type\":\"EntryPoint\",\"urlTemplate\":\"https:\/\/www.monsiegeamoi.com\/blog\/?s={search_term_string}\"},\"query-input\":\"required name=search_term_string\"}],\"inLanguage\":\"fr-FR\"},{\"@type\":\"ImageObject\",\"@id\":\"https:\/\/www.monsiegeamoi.com\/blog\/fr\/2020\/01\/30\/siege-ergonomiques-fabriques-sur-mesure\/#primaryimage\",\"inLanguage\":\"fr-FR\",\"url\":\"https:\/\/www.monsiegeamoi.com\/blog\/wp-content\/uploads\/2021\/08\/fauteuil-bascule-sur-mesure.jpg\",\"contentUrl\":\"https:\/\/www.monsiegeamoi.com\/blog\/wp-content\/uploads\/2021\/08\/fauteuil-bascule-sur-mesure.jpg\",\"width\":1464,\"height\":642},{\"@type\":\"WebPage\",\"@id\":\"https:\/\/www.monsiegeamoi.com\/blog\/fr\/2020\/01\/30\/siege-ergonomiques-fabriques-sur-mesure\/#webpage\",\"url\":\"https:\/\/www.monsiegeamoi.com\/blog\/fr\/2020\/01\/30\/siege-ergonomiques-fabriques-sur-mesure\/\",\"name\":\"Le sur mesure au service du confort et de la performance en position assise - Blog des fauteuils sur mesure\",\"isPartOf\":{\"@id\":\"https:\/\/www.monsiegeamoi.com\/blog\/#website\"},\"primaryImageOfPage\":{\"@id\":\"https:\/\/www.monsiegeamoi.com\/blog\/fr\/2020\/01\/30\/siege-ergonomiques-fabriques-sur-mesure\/#primaryimage\"},\"datePublished\":\"2020-01-30T13:48:22+00:00\",\"dateModified\":\"2021-08-26T06:39:11+00:00\",\"description\":\"Le sur mesure est une tendance de fond qui permet de diff\u00e9rencier un produit standard d'un produit con\u00e7u pour un utilisateur donn\u00e9.\",\"breadcrumb\":{\"@id\":\"https:\/\/www.monsiegeamoi.com\/blog\/fr\/2020\/01\/30\/siege-ergonomiques-fabriques-sur-mesure\/#breadcrumb\"},\"inLanguage\":\"fr-FR\",\"potentialAction\":[{\"@type\":\"ReadAction\",\"target\":[\"https:\/\/www.monsiegeamoi.com\/blog\/fr\/2020\/01\/30\/siege-ergonomiques-fabriques-sur-mesure\/\"]}]},{\"@type\":\"BreadcrumbList\",\"@id\":\"https:\/\/www.monsiegeamoi.com\/blog\/fr\/2020\/01\/30\/siege-ergonomiques-fabriques-sur-mesure\/#breadcrumb\",\"itemListElement\":[{\"@type\":\"ListItem\",\"position\":1,\"name\":\"Accueil\",\"item\":\"https:\/\/www.monsiegeamoi.com\/blog\/\"},{\"@type\":\"ListItem\",\"position\":2,\"name\":\"Le sur mesure au service du confort et de la performance en position assise\"}]},{\"@type\":\"Article\",\"@id\":\"https:\/\/www.monsiegeamoi.com\/blog\/fr\/2020\/01\/30\/siege-ergonomiques-fabriques-sur-mesure\/#article\",\"isPartOf\":{\"@id\":\"https:\/\/www.monsiegeamoi.com\/blog\/fr\/2020\/01\/30\/siege-ergonomiques-fabriques-sur-mesure\/#webpage\"},\"author\":{\"@id\":\"https:\/\/www.monsiegeamoi.com\/blog\/#\/schema\/person\/d43d3bfb8b3220f0157fd2fc507ad912\"},\"headline\":\"Le sur mesure au service du confort et de la performance en position assise\",\"datePublished\":\"2020-01-30T13:48:22+00:00\",\"dateModified\":\"2021-08-26T06:39:11+00:00\",\"mainEntityOfPage\":{\"@id\":\"https:\/\/www.monsiegeamoi.com\/blog\/fr\/2020\/01\/30\/siege-ergonomiques-fabriques-sur-mesure\/#webpage\"},\"wordCount\":896,\"commentCount\":0,\"publisher\":{\"@id\":\"https:\/\/www.monsiegeamoi.com\/blog\/#organization\"},\"image\":{\"@id\":\"https:\/\/www.monsiegeamoi.com\/blog\/fr\/2020\/01\/30\/siege-ergonomiques-fabriques-sur-mesure\/#primaryimage\"},\"thumbnailUrl\":\"https:\/\/www.monsiegeamoi.com\/blog\/wp-content\/uploads\/2021\/08\/fauteuil-bascule-sur-mesure.jpg\",\"articleSection\":[\"Le confort des fauteuils\"],\"inLanguage\":\"fr-FR\",\"potentialAction\":[{\"@type\":\"CommentAction\",\"name\":\"Comment\",\"target\":[\"https:\/\/www.monsiegeamoi.com\/blog\/fr\/2020\/01\/30\/siege-ergonomiques-fabriques-sur-mesure\/#respond\"]}]},{\"@type\":\"Person\",\"@id\":\"https:\/\/www.monsiegeamoi.com\/blog\/#\/schema\/person\/d43d3bfb8b3220f0157fd2fc507ad912\",\"name\":\"Bruno DUVAL\",\"image\":{\"@type\":\"ImageObject\",\"@id\":\"https:\/\/www.monsiegeamoi.com\/blog\/#personlogo\",\"inLanguage\":\"fr-FR\",\"url\":\"https:\/\/secure.gravatar.com\/avatar\/ef7657b695ef6eb463d07d5dc64ef2d8?s=96&d=mm&r=g\",\"contentUrl\":\"https:\/\/secure.gravatar.com\/avatar\/ef7657b695ef6eb463d07d5dc64ef2d8?s=96&d=mm&r=g\",\"caption\":\"Bruno DUVAL\"},\"url\":\"https:\/\/www.monsiegeamoi.com\/blog\/author\/bduval\/\"}]}<\/script>\n<!-- \/ Yoast SEO plugin. -->","yoast_head_json":{"title":"Le sur mesure au service du confort et de la performance en position assise - Blog des fauteuils sur mesure","description":"Le sur mesure est une tendance de fond qui permet de diff\u00e9rencier un produit standard d'un produit con\u00e7u pour un utilisateur donn\u00e9.","robots":{"index":"index","follow":"follow","max-snippet":"max-snippet:-1","max-image-preview":"max-image-preview:large","max-video-preview":"max-video-preview:-1"},"canonical":"https:\/\/www.monsiegeamoi.com\/blog\/fr\/2020\/01\/30\/siege-ergonomiques-fabriques-sur-mesure\/","og_locale":"fr_FR","og_type":"article","og_title":"Le sur mesure au service du confort et de la performance en position assise - Blog des fauteuils sur mesure","og_description":"Le sur mesure est une tendance de fond qui permet de diff\u00e9rencier un produit standard d'un produit con\u00e7u pour un utilisateur donn\u00e9.","og_url":"https:\/\/www.monsiegeamoi.com\/blog\/fr\/2020\/01\/30\/siege-ergonomiques-fabriques-sur-mesure\/","og_site_name":"Blog des fauteuils sur mesure","article_publisher":"https:\/\/www.facebook.com\/msam.fr\/","article_published_time":"2020-01-30T13:48:22+00:00","article_modified_time":"2021-08-26T06:39:11+00:00","og_image":[{"width":1464,"height":642,"url":"https:\/\/www.monsiegeamoi.com\/blog\/wp-content\/uploads\/2021\/08\/fauteuil-bascule-sur-mesure.jpg","type":"image\/jpeg"}],"twitter_card":"summary_large_image","twitter_misc":{"\u00c9crit par":"Bruno DUVAL","Dur\u00e9e de lecture estim\u00e9e":"5 minutes"},"schema":{"@context":"https:\/\/schema.org","@graph":[{"@type":"Organization","@id":"https:\/\/www.monsiegeamoi.com\/blog\/#organization","name":"mon si\u00e8ge \u00e0 moi","url":"https:\/\/www.monsiegeamoi.com\/blog\/","sameAs":["https:\/\/www.facebook.com\/msam.fr\/","https:\/\/www.instagram.com\/mon_siege_a_moi\/","https:\/\/www.linkedin.com\/company\/35628798\/admin\/","https:\/\/www.youtube.com\/channel\/UCdd1LuYl2T3uLrnreIEbx2g","https:\/\/www.pinterest.fr\/bduval0428\/"],"logo":{"@type":"ImageObject","@id":"https:\/\/www.monsiegeamoi.com\/blog\/#logo","inLanguage":"fr-FR","url":"https:\/\/www.monsiegeamoi.com\/blog\/wp-content\/uploads\/2020\/01\/logo-msam-carre-1.png","contentUrl":"https:\/\/www.monsiegeamoi.com\/blog\/wp-content\/uploads\/2020\/01\/logo-msam-carre-1.png","width":350,"height":350,"caption":"mon si\u00e8ge \u00e0 moi"},"image":{"@id":"https:\/\/www.monsiegeamoi.com\/blog\/#logo"}},{"@type":"WebSite","@id":"https:\/\/www.monsiegeamoi.com\/blog\/#website","url":"https:\/\/www.monsiegeamoi.com\/blog\/","name":"Fauteuils et innovations","description":"D\u00e9couvrez l&#039;histoire et l&#039;actualit\u00e9 des fauteuils sur mesure","publisher":{"@id":"https:\/\/www.monsiegeamoi.com\/blog\/#organization"},"potentialAction":[{"@type":"SearchAction","target":{"@type":"EntryPoint","urlTemplate":"https:\/\/www.monsiegeamoi.com\/blog\/?s={search_term_string}"},"query-input":"required name=search_term_string"}],"inLanguage":"fr-FR"},{"@type":"ImageObject","@id":"https:\/\/www.monsiegeamoi.com\/blog\/fr\/2020\/01\/30\/siege-ergonomiques-fabriques-sur-mesure\/#primaryimage","inLanguage":"fr-FR","url":"https:\/\/www.monsiegeamoi.com\/blog\/wp-content\/uploads\/2021\/08\/fauteuil-bascule-sur-mesure.jpg","contentUrl":"https:\/\/www.monsiegeamoi.com\/blog\/wp-content\/uploads\/2021\/08\/fauteuil-bascule-sur-mesure.jpg","width":1464,"height":642},{"@type":"WebPage","@id":"https:\/\/www.monsiegeamoi.com\/blog\/fr\/2020\/01\/30\/siege-ergonomiques-fabriques-sur-mesure\/#webpage","url":"https:\/\/www.monsiegeamoi.com\/blog\/fr\/2020\/01\/30\/siege-ergonomiques-fabriques-sur-mesure\/","name":"Le sur mesure au service du confort et de la performance en position assise - Blog des fauteuils sur mesure","isPartOf":{"@id":"https:\/\/www.monsiegeamoi.com\/blog\/#website"},"primaryImageOfPage":{"@id":"https:\/\/www.monsiegeamoi.com\/blog\/fr\/2020\/01\/30\/siege-ergonomiques-fabriques-sur-mesure\/#primaryimage"},"datePublished":"2020-01-30T13:48:22+00:00","dateModified":"2021-08-26T06:39:11+00:00","description":"Le sur mesure est une tendance de fond qui permet de diff\u00e9rencier un produit standard d'un produit con\u00e7u pour un utilisateur donn\u00e9.","breadcrumb":{"@id":"https:\/\/www.monsiegeamoi.com\/blog\/fr\/2020\/01\/30\/siege-ergonomiques-fabriques-sur-mesure\/#breadcrumb"},"inLanguage":"fr-FR","potentialAction":[{"@type":"ReadAction","target":["https:\/\/www.monsiegeamoi.com\/blog\/fr\/2020\/01\/30\/siege-ergonomiques-fabriques-sur-mesure\/"]}]},{"@type":"BreadcrumbList","@id":"https:\/\/www.monsiegeamoi.com\/blog\/fr\/2020\/01\/30\/siege-ergonomiques-fabriques-sur-mesure\/#breadcrumb","itemListElement":[{"@type":"ListItem","position":1,"name":"Accueil","item":"https:\/\/www.monsiegeamoi.com\/blog\/"},{"@type":"ListItem","position":2,"name":"Le sur mesure au service du confort et de la performance en position assise"}]},{"@type":"Article","@id":"https:\/\/www.monsiegeamoi.com\/blog\/fr\/2020\/01\/30\/siege-ergonomiques-fabriques-sur-mesure\/#article","isPartOf":{"@id":"https:\/\/www.monsiegeamoi.com\/blog\/fr\/2020\/01\/30\/siege-ergonomiques-fabriques-sur-mesure\/#webpage"},"author":{"@id":"https:\/\/www.monsiegeamoi.com\/blog\/#\/schema\/person\/d43d3bfb8b3220f0157fd2fc507ad912"},"headline":"Le sur mesure au service du confort et de la performance en position assise","datePublished":"2020-01-30T13:48:22+00:00","dateModified":"2021-08-26T06:39:11+00:00","mainEntityOfPage":{"@id":"https:\/\/www.monsiegeamoi.com\/blog\/fr\/2020\/01\/30\/siege-ergonomiques-fabriques-sur-mesure\/#webpage"},"wordCount":896,"commentCount":0,"publisher":{"@id":"https:\/\/www.monsiegeamoi.com\/blog\/#organization"},"image":{"@id":"https:\/\/www.monsiegeamoi.com\/blog\/fr\/2020\/01\/30\/siege-ergonomiques-fabriques-sur-mesure\/#primaryimage"},"thumbnailUrl":"https:\/\/www.monsiegeamoi.com\/blog\/wp-content\/uploads\/2021\/08\/fauteuil-bascule-sur-mesure.jpg","articleSection":["Le confort des fauteuils"],"inLanguage":"fr-FR","potentialAction":[{"@type":"CommentAction","name":"Comment","target":["https:\/\/www.monsiegeamoi.com\/blog\/fr\/2020\/01\/30\/siege-ergonomiques-fabriques-sur-mesure\/#respond"]}]},{"@type":"Person","@id":"https:\/\/www.monsiegeamoi.com\/blog\/#\/schema\/person\/d43d3bfb8b3220f0157fd2fc507ad912","name":"Bruno DUVAL","image":{"@type":"ImageObject","@id":"https:\/\/www.monsiegeamoi.com\/blog\/#personlogo","inLanguage":"fr-FR","url":"https:\/\/secure.gravatar.com\/avatar\/ef7657b695ef6eb463d07d5dc64ef2d8?s=96&d=mm&r=g","contentUrl":"https:\/\/secure.gravatar.com\/avatar\/ef7657b695ef6eb463d07d5dc64ef2d8?s=96&d=mm&r=g","caption":"Bruno DUVAL"},"url":"https:\/\/www.monsiegeamoi.com\/blog\/author\/bduval\/"}]}},"_links":{"self":[{"href":"https:\/\/www.monsiegeamoi.com\/blog\/wp-json\/wp\/v2\/posts\/18"}],"collection":[{"href":"https:\/\/www.monsiegeamoi.com\/blog\/wp-json\/wp\/v2\/posts"}],"about":[{"href":"https:\/\/www.monsiegeamoi.com\/blog\/wp-json\/wp\/v2\/types\/post"}],"author":[{"embeddable":true,"href":"https:\/\/www.monsiegeamoi.com\/blog\/wp-json\/wp\/v2\/users\/2"}],"replies":[{"embeddable":true,"href":"https:\/\/www.monsiegeamoi.com\/blog\/wp-json\/wp\/v2\/comments?post=18"}],"version-history":[{"count":5,"href":"https:\/\/www.monsiegeamoi.com\/blog\/wp-json\/wp\/v2\/posts\/18\/revisions"}],"predecessor-version":[{"id":881,"href":"https:\/\/www.monsiegeamoi.com\/blog\/wp-json\/wp\/v2\/posts\/18\/revisions\/881"}],"wp:featuredmedia":[{"embeddable":true,"href":"https:\/\/www.monsiegeamoi.com\/blog\/wp-json\/wp\/v2\/media\/879"}],"wp:attachment":[{"href":"https:\/\/www.monsiegeamoi.com\/blog\/wp-json\/wp\/v2\/media?parent=18"}],"wp:term":[{"taxonomy":"category","embeddable":true,"href":"https:\/\/www.monsiegeamoi.com\/blog\/wp-json\/wp\/v2\/categories?post=18"},{"taxonomy":"post_tag","embeddable":true,"href":"https:\/\/www.monsiegeamoi.com\/blog\/wp-json\/wp\/v2\/tags?post=18"}],"curies":[{"name":"wp","href":"https:\/\/api.w.org\/{rel}","templated":true}]}}