{"id":110,"date":"2020-02-03T16:41:16","date_gmt":"2020-02-03T16:41:16","guid":{"rendered":"http:\/\/www.monsiegeamoi.com\/blog\/?p=110"},"modified":"2020-02-06T09:34:51","modified_gmt":"2020-02-06T09:34:51","slug":"au-sujet-de-lauteur","status":"publish","type":"post","link":"https:\/\/www.monsiegeamoi.com\/blog\/fr\/2020\/02\/03\/au-sujet-de-lauteur\/","title":{"rendered":"Au sujet de l&rsquo;auteur"},"content":{"rendered":"\n<p>Bruno DUVAL a \u00e9t\u00e9 successivement chef produits, responsable de business unit, directeur marketing et webmaster. <br>Il a travaill\u00e9 pendant 20 ans dans le secteur m\u00e9dical \u00e0 la mise sur le march\u00e9 de dispositifs m\u00e9dicaux tel que des fauteuils handisport ou des ceintures lombaires.<br>Cr\u00e9ateur avec son \u00e9pouse de la soci\u00e9t\u00e9 de v\u00e9los hollandais Amsterdam Air il a commercialis\u00e9 en France des v\u00e9los de cyclotourisme sur mesure. <br>Il a finalement associ\u00e9 sa passion pour la fabrication artisanale de meubles \u00e0 sa connaissance des produits sur mesure pour cr\u00e9er Mon Si\u00e8ge \u00e0 Moi, une soci\u00e9t\u00e9 qui fabrique et commercialise des fauteuils et chaises sur mesure. <br><\/p>\n\n\n\n<p>Son objectif : offrir le confort d&rsquo;une assise sur-mesure dans les d\u00e9lais et au prix d&rsquo;un produit mono-taille.<br>Sa cible : les petits et les grands, des jeunes et des adultes de 7 \u00e0 77 ans avec des probl\u00e8mes de posture, des  actifs qui souffrent de lombalgie, etc.. <\/p>\n\n\n\n<p> <\/p>\n","protected":false},"excerpt":{"rendered":"<p>Bruno DUVAL a \u00e9t\u00e9 successivement chef produits, responsable de business unit, directeur marketing et webmaster. Il a travaill\u00e9 pendant 20 ans dans le secteur m\u00e9dical \u00e0 la mise sur le march\u00e9 de dispositifs m\u00e9dicaux tel que des fauteuils handisport ou des ceintures lombaires.Cr\u00e9ateur avec son \u00e9pouse de la soci\u00e9t\u00e9 de v\u00e9los hollandais Amsterdam Air il &hellip; <\/p>\n","protected":false},"author":1,"featured_media":114,"comment_status":"open","ping_status":"open","sticky":false,"template":"","format":"standard","meta":[],"categories":[1],"tags":[],"yoast_head":"<!-- This site is optimized with the Yoast SEO plugin v18.0 - https:\/\/yoast.com\/wordpress\/plugins\/seo\/ -->\n<title>Au sujet de l&#039;auteur - Blog des fauteuils sur mesure<\/title>\n<meta name=\"robots\" content=\"index, follow, max-snippet:-1, max-image-preview:large, max-video-preview:-1\" \/>\n<link rel=\"canonical\" href=\"https:\/\/www.monsiegeamoi.com\/blog\/fr\/2020\/02\/03\/au-sujet-de-lauteur\/\" \/>\n<meta property=\"og:locale\" content=\"fr_FR\" \/>\n<meta property=\"og:type\" content=\"article\" \/>\n<meta property=\"og:title\" content=\"Au sujet de l&#039;auteur - Blog des fauteuils sur mesure\" \/>\n<meta property=\"og:description\" content=\"Bruno DUVAL a \u00e9t\u00e9 successivement chef produits, responsable de business unit, directeur marketing et webmaster. Il a travaill\u00e9 pendant 20 ans dans le secteur m\u00e9dical \u00e0 la mise sur le march\u00e9 de dispositifs m\u00e9dicaux tel que des fauteuils handisport ou des ceintures lombaires.Cr\u00e9ateur avec son \u00e9pouse de la soci\u00e9t\u00e9 de v\u00e9los hollandais Amsterdam Air il &hellip;\" \/>\n<meta property=\"og:url\" content=\"https:\/\/www.monsiegeamoi.com\/blog\/fr\/2020\/02\/03\/au-sujet-de-lauteur\/\" \/>\n<meta property=\"og:site_name\" content=\"Blog des fauteuils sur mesure\" \/>\n<meta property=\"article:publisher\" content=\"https:\/\/www.facebook.com\/msam.fr\/\" \/>\n<meta property=\"article:published_time\" content=\"2020-02-03T16:41:16+00:00\" \/>\n<meta property=\"article:modified_time\" content=\"2020-02-06T09:34:51+00:00\" \/>\n<meta property=\"og:image\" content=\"https:\/\/www.monsiegeamoi.com\/blog\/wp-content\/uploads\/2020\/02\/74632380_131601554915686_1291974459544043520_o.jpg\" \/>\n\t<meta property=\"og:image:width\" content=\"1080\" \/>\n\t<meta property=\"og:image:height\" content=\"1080\" \/>\n\t<meta property=\"og:image:type\" content=\"image\/jpeg\" \/>\n<meta name=\"twitter:card\" content=\"summary_large_image\" \/>\n<meta name=\"twitter:label1\" content=\"\u00c9crit par\" \/>\n\t<meta name=\"twitter:data1\" content=\"Bruno DUVAL\" \/>\n\t<meta name=\"twitter:label2\" content=\"Dur\u00e9e de lecture estim\u00e9e\" \/>\n\t<meta name=\"twitter:data2\" content=\"1 minute\" \/>\n<script type=\"application\/ld+json\" class=\"yoast-schema-graph\">{\"@context\":\"https:\/\/schema.org\",\"@graph\":[{\"@type\":\"Organization\",\"@id\":\"https:\/\/www.monsiegeamoi.com\/blog\/#organization\",\"name\":\"mon si\u00e8ge \u00e0 moi\",\"url\":\"https:\/\/www.monsiegeamoi.com\/blog\/\",\"sameAs\":[\"https:\/\/www.facebook.com\/msam.fr\/\",\"https:\/\/www.instagram.com\/mon_siege_a_moi\/\",\"https:\/\/www.linkedin.com\/company\/35628798\/admin\/\",\"https:\/\/www.youtube.com\/channel\/UCdd1LuYl2T3uLrnreIEbx2g\",\"https:\/\/www.pinterest.fr\/bduval0428\/\"],\"logo\":{\"@type\":\"ImageObject\",\"@id\":\"https:\/\/www.monsiegeamoi.com\/blog\/#logo\",\"inLanguage\":\"fr-FR\",\"url\":\"https:\/\/www.monsiegeamoi.com\/blog\/wp-content\/uploads\/2020\/01\/logo-msam-carre-1.png\",\"contentUrl\":\"https:\/\/www.monsiegeamoi.com\/blog\/wp-content\/uploads\/2020\/01\/logo-msam-carre-1.png\",\"width\":350,\"height\":350,\"caption\":\"mon si\u00e8ge \u00e0 moi\"},\"image\":{\"@id\":\"https:\/\/www.monsiegeamoi.com\/blog\/#logo\"}},{\"@type\":\"WebSite\",\"@id\":\"https:\/\/www.monsiegeamoi.com\/blog\/#website\",\"url\":\"https:\/\/www.monsiegeamoi.com\/blog\/\",\"name\":\"Fauteuils et innovations\",\"description\":\"D\u00e9couvrez l&#039;histoire et l&#039;actualit\u00e9 des fauteuils sur mesure\",\"publisher\":{\"@id\":\"https:\/\/www.monsiegeamoi.com\/blog\/#organization\"},\"potentialAction\":[{\"@type\":\"SearchAction\",\"target\":{\"@type\":\"EntryPoint\",\"urlTemplate\":\"https:\/\/www.monsiegeamoi.com\/blog\/?s={search_term_string}\"},\"query-input\":\"required name=search_term_string\"}],\"inLanguage\":\"fr-FR\"},{\"@type\":\"ImageObject\",\"@id\":\"https:\/\/www.monsiegeamoi.com\/blog\/fr\/2020\/02\/03\/au-sujet-de-lauteur\/#primaryimage\",\"inLanguage\":\"fr-FR\",\"url\":\"https:\/\/www.monsiegeamoi.com\/blog\/wp-content\/uploads\/2020\/02\/74632380_131601554915686_1291974459544043520_o.jpg\",\"contentUrl\":\"https:\/\/www.monsiegeamoi.com\/blog\/wp-content\/uploads\/2020\/02\/74632380_131601554915686_1291974459544043520_o.jpg\",\"width\":1080,\"height\":1080,\"caption\":\"Le cr\u00e9ateur de mon si\u00e8ge \u00e0 moi\"},{\"@type\":\"WebPage\",\"@id\":\"https:\/\/www.monsiegeamoi.com\/blog\/fr\/2020\/02\/03\/au-sujet-de-lauteur\/#webpage\",\"url\":\"https:\/\/www.monsiegeamoi.com\/blog\/fr\/2020\/02\/03\/au-sujet-de-lauteur\/\",\"name\":\"Au sujet de l'auteur - Blog des fauteuils sur mesure\",\"isPartOf\":{\"@id\":\"https:\/\/www.monsiegeamoi.com\/blog\/#website\"},\"primaryImageOfPage\":{\"@id\":\"https:\/\/www.monsiegeamoi.com\/blog\/fr\/2020\/02\/03\/au-sujet-de-lauteur\/#primaryimage\"},\"datePublished\":\"2020-02-03T16:41:16+00:00\",\"dateModified\":\"2020-02-06T09:34:51+00:00\",\"breadcrumb\":{\"@id\":\"https:\/\/www.monsiegeamoi.com\/blog\/fr\/2020\/02\/03\/au-sujet-de-lauteur\/#breadcrumb\"},\"inLanguage\":\"fr-FR\",\"potentialAction\":[{\"@type\":\"ReadAction\",\"target\":[\"https:\/\/www.monsiegeamoi.com\/blog\/fr\/2020\/02\/03\/au-sujet-de-lauteur\/\"]}]},{\"@type\":\"BreadcrumbList\",\"@id\":\"https:\/\/www.monsiegeamoi.com\/blog\/fr\/2020\/02\/03\/au-sujet-de-lauteur\/#breadcrumb\",\"itemListElement\":[{\"@type\":\"ListItem\",\"position\":1,\"name\":\"Accueil\",\"item\":\"https:\/\/www.monsiegeamoi.com\/blog\/\"},{\"@type\":\"ListItem\",\"position\":2,\"name\":\"Au sujet de l&rsquo;auteur\"}]},{\"@type\":\"Article\",\"@id\":\"https:\/\/www.monsiegeamoi.com\/blog\/fr\/2020\/02\/03\/au-sujet-de-lauteur\/#article\",\"isPartOf\":{\"@id\":\"https:\/\/www.monsiegeamoi.com\/blog\/fr\/2020\/02\/03\/au-sujet-de-lauteur\/#webpage\"},\"author\":{\"@id\":\"https:\/\/www.monsiegeamoi.com\/blog\/#\/schema\/person\/6c2e4ef71c12dc348f70f48155da5c66\"},\"headline\":\"Au sujet de l&rsquo;auteur\",\"datePublished\":\"2020-02-03T16:41:16+00:00\",\"dateModified\":\"2020-02-06T09:34:51+00:00\",\"mainEntityOfPage\":{\"@id\":\"https:\/\/www.monsiegeamoi.com\/blog\/fr\/2020\/02\/03\/au-sujet-de-lauteur\/#webpage\"},\"wordCount\":157,\"commentCount\":0,\"publisher\":{\"@id\":\"https:\/\/www.monsiegeamoi.com\/blog\/#organization\"},\"image\":{\"@id\":\"https:\/\/www.monsiegeamoi.com\/blog\/fr\/2020\/02\/03\/au-sujet-de-lauteur\/#primaryimage\"},\"thumbnailUrl\":\"https:\/\/www.monsiegeamoi.com\/blog\/wp-content\/uploads\/2020\/02\/74632380_131601554915686_1291974459544043520_o.jpg\",\"articleSection\":[\"Au sujet du blog\"],\"inLanguage\":\"fr-FR\",\"potentialAction\":[{\"@type\":\"CommentAction\",\"name\":\"Comment\",\"target\":[\"https:\/\/www.monsiegeamoi.com\/blog\/fr\/2020\/02\/03\/au-sujet-de-lauteur\/#respond\"]}]},{\"@type\":\"Person\",\"@id\":\"https:\/\/www.monsiegeamoi.com\/blog\/#\/schema\/person\/6c2e4ef71c12dc348f70f48155da5c66\",\"name\":\"Bruno DUVAL\",\"image\":{\"@type\":\"ImageObject\",\"@id\":\"https:\/\/www.monsiegeamoi.com\/blog\/#personlogo\",\"inLanguage\":\"fr-FR\",\"url\":\"https:\/\/secure.gravatar.com\/avatar\/d72ff8c522ba9b71838f031c69c2f326?s=96&d=mm&r=g\",\"contentUrl\":\"https:\/\/secure.gravatar.com\/avatar\/d72ff8c522ba9b71838f031c69c2f326?s=96&d=mm&r=g\",\"caption\":\"Bruno DUVAL\"},\"url\":\"https:\/\/www.monsiegeamoi.com\/blog\/author\/bruno-duval44gmail-com\/\"}]}<\/script>\n<!-- \/ Yoast SEO plugin. -->","yoast_head_json":{"title":"Au sujet de l'auteur - Blog des fauteuils sur mesure","robots":{"index":"index","follow":"follow","max-snippet":"max-snippet:-1","max-image-preview":"max-image-preview:large","max-video-preview":"max-video-preview:-1"},"canonical":"https:\/\/www.monsiegeamoi.com\/blog\/fr\/2020\/02\/03\/au-sujet-de-lauteur\/","og_locale":"fr_FR","og_type":"article","og_title":"Au sujet de l'auteur - Blog des fauteuils sur mesure","og_description":"Bruno DUVAL a \u00e9t\u00e9 successivement chef produits, responsable de business unit, directeur marketing et webmaster. Il a travaill\u00e9 pendant 20 ans dans le secteur m\u00e9dical \u00e0 la mise sur le march\u00e9 de dispositifs m\u00e9dicaux tel que des fauteuils handisport ou des ceintures lombaires.Cr\u00e9ateur avec son \u00e9pouse de la soci\u00e9t\u00e9 de v\u00e9los hollandais Amsterdam Air il &hellip;","og_url":"https:\/\/www.monsiegeamoi.com\/blog\/fr\/2020\/02\/03\/au-sujet-de-lauteur\/","og_site_name":"Blog des fauteuils sur mesure","article_publisher":"https:\/\/www.facebook.com\/msam.fr\/","article_published_time":"2020-02-03T16:41:16+00:00","article_modified_time":"2020-02-06T09:34:51+00:00","og_image":[{"width":1080,"height":1080,"url":"https:\/\/www.monsiegeamoi.com\/blog\/wp-content\/uploads\/2020\/02\/74632380_131601554915686_1291974459544043520_o.jpg","type":"image\/jpeg"}],"twitter_card":"summary_large_image","twitter_misc":{"\u00c9crit par":"Bruno DUVAL","Dur\u00e9e de lecture estim\u00e9e":"1 minute"},"schema":{"@context":"https:\/\/schema.org","@graph":[{"@type":"Organization","@id":"https:\/\/www.monsiegeamoi.com\/blog\/#organization","name":"mon si\u00e8ge \u00e0 moi","url":"https:\/\/www.monsiegeamoi.com\/blog\/","sameAs":["https:\/\/www.facebook.com\/msam.fr\/","https:\/\/www.instagram.com\/mon_siege_a_moi\/","https:\/\/www.linkedin.com\/company\/35628798\/admin\/","https:\/\/www.youtube.com\/channel\/UCdd1LuYl2T3uLrnreIEbx2g","https:\/\/www.pinterest.fr\/bduval0428\/"],"logo":{"@type":"ImageObject","@id":"https:\/\/www.monsiegeamoi.com\/blog\/#logo","inLanguage":"fr-FR","url":"https:\/\/www.monsiegeamoi.com\/blog\/wp-content\/uploads\/2020\/01\/logo-msam-carre-1.png","contentUrl":"https:\/\/www.monsiegeamoi.com\/blog\/wp-content\/uploads\/2020\/01\/logo-msam-carre-1.png","width":350,"height":350,"caption":"mon si\u00e8ge \u00e0 moi"},"image":{"@id":"https:\/\/www.monsiegeamoi.com\/blog\/#logo"}},{"@type":"WebSite","@id":"https:\/\/www.monsiegeamoi.com\/blog\/#website","url":"https:\/\/www.monsiegeamoi.com\/blog\/","name":"Fauteuils et innovations","description":"D\u00e9couvrez l&#039;histoire et l&#039;actualit\u00e9 des fauteuils sur mesure","publisher":{"@id":"https:\/\/www.monsiegeamoi.com\/blog\/#organization"},"potentialAction":[{"@type":"SearchAction","target":{"@type":"EntryPoint","urlTemplate":"https:\/\/www.monsiegeamoi.com\/blog\/?s={search_term_string}"},"query-input":"required name=search_term_string"}],"inLanguage":"fr-FR"},{"@type":"ImageObject","@id":"https:\/\/www.monsiegeamoi.com\/blog\/fr\/2020\/02\/03\/au-sujet-de-lauteur\/#primaryimage","inLanguage":"fr-FR","url":"https:\/\/www.monsiegeamoi.com\/blog\/wp-content\/uploads\/2020\/02\/74632380_131601554915686_1291974459544043520_o.jpg","contentUrl":"https:\/\/www.monsiegeamoi.com\/blog\/wp-content\/uploads\/2020\/02\/74632380_131601554915686_1291974459544043520_o.jpg","width":1080,"height":1080,"caption":"Le cr\u00e9ateur de mon si\u00e8ge \u00e0 moi"},{"@type":"WebPage","@id":"https:\/\/www.monsiegeamoi.com\/blog\/fr\/2020\/02\/03\/au-sujet-de-lauteur\/#webpage","url":"https:\/\/www.monsiegeamoi.com\/blog\/fr\/2020\/02\/03\/au-sujet-de-lauteur\/","name":"Au sujet de l'auteur - Blog des fauteuils sur mesure","isPartOf":{"@id":"https:\/\/www.monsiegeamoi.com\/blog\/#website"},"primaryImageOfPage":{"@id":"https:\/\/www.monsiegeamoi.com\/blog\/fr\/2020\/02\/03\/au-sujet-de-lauteur\/#primaryimage"},"datePublished":"2020-02-03T16:41:16+00:00","dateModified":"2020-02-06T09:34:51+00:00","breadcrumb":{"@id":"https:\/\/www.monsiegeamoi.com\/blog\/fr\/2020\/02\/03\/au-sujet-de-lauteur\/#breadcrumb"},"inLanguage":"fr-FR","potentialAction":[{"@type":"ReadAction","target":["https:\/\/www.monsiegeamoi.com\/blog\/fr\/2020\/02\/03\/au-sujet-de-lauteur\/"]}]},{"@type":"BreadcrumbList","@id":"https:\/\/www.monsiegeamoi.com\/blog\/fr\/2020\/02\/03\/au-sujet-de-lauteur\/#breadcrumb","itemListElement":[{"@type":"ListItem","position":1,"name":"Accueil","item":"https:\/\/www.monsiegeamoi.com\/blog\/"},{"@type":"ListItem","position":2,"name":"Au sujet de l&rsquo;auteur"}]},{"@type":"Article","@id":"https:\/\/www.monsiegeamoi.com\/blog\/fr\/2020\/02\/03\/au-sujet-de-lauteur\/#article","isPartOf":{"@id":"https:\/\/www.monsiegeamoi.com\/blog\/fr\/2020\/02\/03\/au-sujet-de-lauteur\/#webpage"},"author":{"@id":"https:\/\/www.monsiegeamoi.com\/blog\/#\/schema\/person\/6c2e4ef71c12dc348f70f48155da5c66"},"headline":"Au sujet de l&rsquo;auteur","datePublished":"2020-02-03T16:41:16+00:00","dateModified":"2020-02-06T09:34:51+00:00","mainEntityOfPage":{"@id":"https:\/\/www.monsiegeamoi.com\/blog\/fr\/2020\/02\/03\/au-sujet-de-lauteur\/#webpage"},"wordCount":157,"commentCount":0,"publisher":{"@id":"https:\/\/www.monsiegeamoi.com\/blog\/#organization"},"image":{"@id":"https:\/\/www.monsiegeamoi.com\/blog\/fr\/2020\/02\/03\/au-sujet-de-lauteur\/#primaryimage"},"thumbnailUrl":"https:\/\/www.monsiegeamoi.com\/blog\/wp-content\/uploads\/2020\/02\/74632380_131601554915686_1291974459544043520_o.jpg","articleSection":["Au sujet du blog"],"inLanguage":"fr-FR","potentialAction":[{"@type":"CommentAction","name":"Comment","target":["https:\/\/www.monsiegeamoi.com\/blog\/fr\/2020\/02\/03\/au-sujet-de-lauteur\/#respond"]}]},{"@type":"Person","@id":"https:\/\/www.monsiegeamoi.com\/blog\/#\/schema\/person\/6c2e4ef71c12dc348f70f48155da5c66","name":"Bruno DUVAL","image":{"@type":"ImageObject","@id":"https:\/\/www.monsiegeamoi.com\/blog\/#personlogo","inLanguage":"fr-FR","url":"https:\/\/secure.gravatar.com\/avatar\/d72ff8c522ba9b71838f031c69c2f326?s=96&d=mm&r=g","contentUrl":"https:\/\/secure.gravatar.com\/avatar\/d72ff8c522ba9b71838f031c69c2f326?s=96&d=mm&r=g","caption":"Bruno DUVAL"},"url":"https:\/\/www.monsiegeamoi.com\/blog\/author\/bruno-duval44gmail-com\/"}]}},"_links":{"self":[{"href":"https:\/\/www.monsiegeamoi.com\/blog\/wp-json\/wp\/v2\/posts\/110"}],"collection":[{"href":"https:\/\/www.monsiegeamoi.com\/blog\/wp-json\/wp\/v2\/posts"}],"about":[{"href":"https:\/\/www.monsiegeamoi.com\/blog\/wp-json\/wp\/v2\/types\/post"}],"author":[{"embeddable":true,"href":"https:\/\/www.monsiegeamoi.com\/blog\/wp-json\/wp\/v2\/users\/1"}],"replies":[{"embeddable":true,"href":"https:\/\/www.monsiegeamoi.com\/blog\/wp-json\/wp\/v2\/comments?post=110"}],"version-history":[{"count":6,"href":"https:\/\/www.monsiegeamoi.com\/blog\/wp-json\/wp\/v2\/posts\/110\/revisions"}],"predecessor-version":[{"id":155,"href":"https:\/\/www.monsiegeamoi.com\/blog\/wp-json\/wp\/v2\/posts\/110\/revisions\/155"}],"wp:featuredmedia":[{"embeddable":true,"href":"https:\/\/www.monsiegeamoi.com\/blog\/wp-json\/wp\/v2\/media\/114"}],"wp:attachment":[{"href":"https:\/\/www.monsiegeamoi.com\/blog\/wp-json\/wp\/v2\/media?parent=110"}],"wp:term":[{"taxonomy":"category","embeddable":true,"href":"https:\/\/www.monsiegeamoi.com\/blog\/wp-json\/wp\/v2\/categories?post=110"},{"taxonomy":"post_tag","embeddable":true,"href":"https:\/\/www.monsiegeamoi.com\/blog\/wp-json\/wp\/v2\/tags?post=110"}],"curies":[{"name":"wp","href":"https:\/\/api.w.org\/{rel}","templated":true}]}}